{"id":51509,"date":"2025-07-15T10:35:28","date_gmt":"2025-07-15T16:35:28","guid":{"rendered":"https:\/\/cuernavaca.gob.mx\/?p=51509"},"modified":"2025-07-15T16:13:43","modified_gmt":"2025-07-15T22:13:43","slug":"b400-15-07-25-cuernavaca-recupera-plaza-maria-bonita-con-apoyo-ciudadano","status":"publish","type":"post","link":"https:\/\/cuernavaca.gob.mx\/?p=51509","title":{"rendered":"B400 15\/07\/25 CUERNAVACA RECUPERA PLAZA MAR\u00cdA BONITA CON APOYO CIUDADANO"},"content":{"rendered":"<p><strong>* El Ayuntamiento de Cuernavaca y Sisao Hotel Caf\u00e9 se unen en el programa &#8220;Adopci\u00f3n de Espacios\u201d para revitalizar este punto emblem\u00e1tico de la colonia Gualupita<\/strong><\/p>\n<p>Como parte del compromiso del presidente municipal, Jos\u00e9 Luis Uri\u00f3stegui Salgado, de recuperar, embellecer y conservar los espacios p\u00fablicos de la ciudad, el Ayuntamiento de Cuernavaca, a trav\u00e9s de la Secretar\u00eda de Desarrollo Sustentable y Servicios P\u00fablicos (SDSySP), formaliz\u00f3 este d\u00eda, como parte del programa &#8220;Adopci\u00f3n de Espacios\u201d, la Plaza Mar\u00eda Bonita, ubicada en la calle Melchor Ocampo #13, colonia Gualupita.<\/p>\n<p>Esta acci\u00f3n fue realizada por Sisao Hotel Caf\u00e9, representado por Jorge Casas, quien asumi\u00f3 el compromiso de colaborar con las tareas de limpieza, conservaci\u00f3n, jardiner\u00eda y mejora del entorno de este lugar, en coordinaci\u00f3n con las \u00e1reas operativas del gobierno municipal.<\/p>\n<p>El programa &#8220;Adopci\u00f3n de Espacios\u201d tiene como finalidad fomentar la participaci\u00f3n activa de ciudadanos y empresarios en el cuidado de \u00e1reas comunes, promoviendo entornos m\u00e1s ordenados, seguros y dignos para la convivencia comunitaria.<\/p>\n<p>La administraci\u00f3n municipal, a trav\u00e9s de la SDSySP, agradece y reconoce el esfuerzo de Sisao Hotel Caf\u00e9 por sumarse de manera voluntaria a esta iniciativa, que fortalece el tejido social y la corresponsabilidad ciudadana.<\/p>\n<p>El Ayuntamiento de Cuernavaca reitera que el proyecto contin\u00faa abierto a empresas, vecinos y organizaciones que deseen contribuir a la transformaci\u00f3n positiva de su entorno.<\/p>\n\n\t\t<style type=\"text\/css\">\n\t\t\t#gallery-1 {\n\t\t\t\tmargin: auto;\n\t\t\t}\n\t\t\t#gallery-1 .gallery-item {\n\t\t\t\tfloat: left;\n\t\t\t\tmargin-top: 10px;\n\t\t\t\ttext-align: center;\n\t\t\t\twidth: 33%;\n\t\t\t}\n\t\t\t#gallery-1 img {\n\t\t\t\tborder: 2px solid #cfcfcf;\n\t\t\t}\n\t\t\t#gallery-1 .gallery-caption {\n\t\t\t\tmargin-left: 0;\n\t\t\t}\n\t\t\t\/* see gallery_shortcode() in wp-includes\/media.php *\/\n\t\t<\/style>\n\t\t<div id='gallery-1' class='gallery galleryid-51509 gallery-columns-3 gallery-size-thumbnail'><dl class='gallery-item'>\n\t\t\t<dt class='gallery-icon landscape'>\n\t\t\t\t<a href='https:\/\/cuernavaca.gob.mx\/?attachment_id=51510'><img width=\"150\" height=\"150\" src=\"https:\/\/cuernavaca.gob.mx\/wp-content\/uploads\/2025\/07\/CUERNAVACA-RECUPERA-PLAZA-MARI\u0301A-BONITA-CON-APOYO-CIUDADANO-1-150x150.jpg\" class=\"attachment-thumbnail size-thumbnail\" alt=\"\" loading=\"lazy\" \/><\/a>\n\t\t\t<\/dt><\/dl><dl class='gallery-item'>\n\t\t\t<dt class='gallery-icon landscape'>\n\t\t\t\t<a href='https:\/\/cuernavaca.gob.mx\/?attachment_id=51511'><img width=\"150\" height=\"150\" src=\"https:\/\/cuernavaca.gob.mx\/wp-content\/uploads\/2025\/07\/CUERNAVACA-RECUPERA-PLAZA-MARI\u0301A-BONITA-CON-APOYO-CIUDADANO-2-150x150.jpg\" class=\"attachment-thumbnail size-thumbnail\" alt=\"\" loading=\"lazy\" \/><\/a>\n\t\t\t<\/dt><\/dl>\n\t\t\t<br style='clear: both' \/>\n\t\t<\/div>\n\n","protected":false},"excerpt":{"rendered":"<p>* El Ayuntamiento de Cuernavaca y Sisao Hotel Caf\u00e9 se unen en el programa &#8220;Adopci\u00f3n de Espacios\u201d para revitalizar este punto emblem\u00e1tico de la colonia Gualupita Como parte del compromiso del presidente municipal, Jos\u00e9 Luis Uri\u00f3stegui Salgado, de recuperar, embellecer y conservar los espacios p\u00fablicos de la ciudad, el Ayuntamiento de Cuernavaca, a trav\u00e9s de [&hellip;]<\/p>\n","protected":false},"author":1,"featured_media":51510,"comment_status":"closed","ping_status":"open","sticky":false,"template":"","format":"standard","meta":[],"categories":[1],"tags":[121,120],"aioseo_notices":[],"_links":{"self":[{"href":"https:\/\/cuernavaca.gob.mx\/index.php?rest_route=\/wp\/v2\/posts\/51509"}],"collection":[{"href":"https:\/\/cuernavaca.gob.mx\/index.php?rest_route=\/wp\/v2\/posts"}],"about":[{"href":"https:\/\/cuernavaca.gob.mx\/index.php?rest_route=\/wp\/v2\/types\/post"}],"author":[{"embeddable":true,"href":"https:\/\/cuernavaca.gob.mx\/index.php?rest_route=\/wp\/v2\/users\/1"}],"replies":[{"embeddable":true,"href":"https:\/\/cuernavaca.gob.mx\/index.php?rest_route=%2Fwp%2Fv2%2Fcomments&post=51509"}],"version-history":[{"count":1,"href":"https:\/\/cuernavaca.gob.mx\/index.php?rest_route=\/wp\/v2\/posts\/51509\/revisions"}],"predecessor-version":[{"id":51512,"href":"https:\/\/cuernavaca.gob.mx\/index.php?rest_route=\/wp\/v2\/posts\/51509\/revisions\/51512"}],"wp:featuredmedia":[{"embeddable":true,"href":"https:\/\/cuernavaca.gob.mx\/index.php?rest_route=\/wp\/v2\/media\/51510"}],"wp:attachment":[{"href":"https:\/\/cuernavaca.gob.mx\/index.php?rest_route=%2Fwp%2Fv2%2Fmedia&parent=51509"}],"wp:term":[{"taxonomy":"category","embeddable":true,"href":"https:\/\/cuernavaca.gob.mx\/index.php?rest_route=%2Fwp%2Fv2%2Fcategories&post=51509"},{"taxonomy":"post_tag","embeddable":true,"href":"https:\/\/cuernavaca.gob.mx\/index.php?rest_route=%2Fwp%2Fv2%2Ftags&post=51509"}],"curies":[{"name":"wp","href":"https:\/\/api.w.org\/{rel}","templated":true}]}}