{"id":51514,"date":"2025-07-15T08:00:58","date_gmt":"2025-07-15T14:00:58","guid":{"rendered":"https:\/\/cuernavaca.gob.mx\/?p=51514"},"modified":"2025-07-15T16:18:01","modified_gmt":"2025-07-15T22:18:01","slug":"b399-15-07-25-cuernavaca-se-llena-de-musica-y-cultura-con-el-inicio-del-cuarto-festival-cultural-de-verano-2025","status":"publish","type":"post","link":"https:\/\/cuernavaca.gob.mx\/?p=51514","title":{"rendered":"B399 15\/07\/25 CUERNAVACA SE LLENA DE M\u00daSICA Y CULTURA CON EL INICIO DEL CUARTO FESTIVAL CULTURAL DE VERANO 2025"},"content":{"rendered":"<p><strong>\u2022 En su fin de semana inaugural, el Cuarto Festival Cultural de Verano 2025 ofrecer\u00e1 una amplia programaci\u00f3n musical gratuita en espacios hist\u00f3ricos para disfrutar en familia<\/strong><\/p>\n<p>Este fin de semana, la capital morelense se convertir\u00e1 en epicentro del arte y la tradici\u00f3n con el inicio del Cuarto Festival Cultural de Verano Cuernavaca 2025, evento organizado por el Ayuntamiento de Cuernavaca, a trav\u00e9s del Instituto de Cultura de la Secretar\u00eda de Desarrollo Humano y Participaci\u00f3n Social (SDHyPS).<\/p>\n<p>La hist\u00f3rica sede del Museo Regional de los Pueblos de Morelos (MRPM), tambi\u00e9n conocido como Palacio de Cort\u00e9s, albergar\u00e1 las primeras actividades del festival, ofreciendo una experiencia \u00fanica para toda la familia, con espect\u00e1culos gratuitos que exaltan el talento musical y promueven la convivencia en espacios patrimoniales.<\/p>\n<p>Este domingo 20 de julio, a partir de las 16:00 horas, la explanada del MRPM se llenar\u00e1 de talento con la presentaci\u00f3n de la Orquesta de la Academia Yamaha, seguida de la Orquesta de la Secretar\u00eda de Seguridad y Protecci\u00f3n Ciudadana de Morelos a las 17:00 horas. A las 18:00 horas, el Mariachi Nacional de la Guardia Nacional deleitar\u00e1 a las y los asistentes con su calidad interpretativa.<\/p>\n<p>La jornada continua con la presentaci\u00f3n de la Orquesta de C\u00e1mara de la Academia Suzuki \u201cHagamos m\u00fasica en Discovery\u201d a las 19:00 horas, para concluir en grande con la presentaci\u00f3n del grupo Larghetto Live a las 20:00 horas.<\/p>\n<p>El Cuarto Festival Cultural de Verano Cuernavaca 2025 reafirma el compromiso del gobierno municipal con el acceso libre y gratuito a la cultura, as\u00ed como con el fortalecimiento del tejido social mediante actividades que promueven la identidad local y la apropiaci\u00f3n del espacio p\u00fablico.<\/p>\n\n\t\t<style type=\"text\/css\">\n\t\t\t#gallery-1 {\n\t\t\t\tmargin: auto;\n\t\t\t}\n\t\t\t#gallery-1 .gallery-item {\n\t\t\t\tfloat: left;\n\t\t\t\tmargin-top: 10px;\n\t\t\t\ttext-align: center;\n\t\t\t\twidth: 33%;\n\t\t\t}\n\t\t\t#gallery-1 img {\n\t\t\t\tborder: 2px solid #cfcfcf;\n\t\t\t}\n\t\t\t#gallery-1 .gallery-caption {\n\t\t\t\tmargin-left: 0;\n\t\t\t}\n\t\t\t\/* see gallery_shortcode() in wp-includes\/media.php *\/\n\t\t<\/style>\n\t\t<div id='gallery-1' class='gallery galleryid-51514 gallery-columns-3 gallery-size-thumbnail'><dl class='gallery-item'>\n\t\t\t<dt class='gallery-icon portrait'>\n\t\t\t\t<a href='https:\/\/cuernavaca.gob.mx\/?attachment_id=51515'><img width=\"150\" height=\"150\" src=\"https:\/\/cuernavaca.gob.mx\/wp-content\/uploads\/2025\/07\/CUERNAVACA-SE-LLENA-DE-MU\u0301SICA-Y-CULTURA-CON-EL-INICIO-DEL-CUARTO-FESTIVAL-CULTURAL-DE-VERANO-2025-150x150.jpg\" class=\"attachment-thumbnail size-thumbnail\" alt=\"\" loading=\"lazy\" \/><\/a>\n\t\t\t<\/dt><\/dl>\n\t\t\t<br style='clear: both' \/>\n\t\t<\/div>\n\n","protected":false},"excerpt":{"rendered":"<p>\u2022 En su fin de semana inaugural, el Cuarto Festival Cultural de Verano 2025 ofrecer\u00e1 una amplia programaci\u00f3n musical gratuita en espacios hist\u00f3ricos para disfrutar en familia Este fin de semana, la capital morelense se convertir\u00e1 en epicentro del arte y la tradici\u00f3n con el inicio del Cuarto Festival Cultural de Verano Cuernavaca 2025, evento [&hellip;]<\/p>\n","protected":false},"author":1,"featured_media":51515,"comment_status":"closed","ping_status":"open","sticky":false,"template":"","format":"standard","meta":[],"categories":[1],"tags":[121,120],"aioseo_notices":[],"_links":{"self":[{"href":"https:\/\/cuernavaca.gob.mx\/index.php?rest_route=\/wp\/v2\/posts\/51514"}],"collection":[{"href":"https:\/\/cuernavaca.gob.mx\/index.php?rest_route=\/wp\/v2\/posts"}],"about":[{"href":"https:\/\/cuernavaca.gob.mx\/index.php?rest_route=\/wp\/v2\/types\/post"}],"author":[{"embeddable":true,"href":"https:\/\/cuernavaca.gob.mx\/index.php?rest_route=\/wp\/v2\/users\/1"}],"replies":[{"embeddable":true,"href":"https:\/\/cuernavaca.gob.mx\/index.php?rest_route=%2Fwp%2Fv2%2Fcomments&post=51514"}],"version-history":[{"count":1,"href":"https:\/\/cuernavaca.gob.mx\/index.php?rest_route=\/wp\/v2\/posts\/51514\/revisions"}],"predecessor-version":[{"id":51519,"href":"https:\/\/cuernavaca.gob.mx\/index.php?rest_route=\/wp\/v2\/posts\/51514\/revisions\/51519"}],"wp:featuredmedia":[{"embeddable":true,"href":"https:\/\/cuernavaca.gob.mx\/index.php?rest_route=\/wp\/v2\/media\/51515"}],"wp:attachment":[{"href":"https:\/\/cuernavaca.gob.mx\/index.php?rest_route=%2Fwp%2Fv2%2Fmedia&parent=51514"}],"wp:term":[{"taxonomy":"category","embeddable":true,"href":"https:\/\/cuernavaca.gob.mx\/index.php?rest_route=%2Fwp%2Fv2%2Fcategories&post=51514"},{"taxonomy":"post_tag","embeddable":true,"href":"https:\/\/cuernavaca.gob.mx\/index.php?rest_route=%2Fwp%2Fv2%2Ftags&post=51514"}],"curies":[{"name":"wp","href":"https:\/\/api.w.org\/{rel}","templated":true}]}}