{"id":51540,"date":"2025-07-14T11:00:56","date_gmt":"2025-07-14T17:00:56","guid":{"rendered":"https:\/\/cuernavaca.gob.mx\/?p=51540"},"modified":"2025-07-15T23:29:01","modified_gmt":"2025-07-16T05:29:01","slug":"f51-14-07-29","status":"publish","type":"post","link":"https:\/\/cuernavaca.gob.mx\/?p=51540","title":{"rendered":"F51 14\/07\/29 RECONOCE INFONAVIT AL AYUNTAMIENTO DE CUERNAVACA POR SU CUMPLIMIENTO Y RESPONSABILIDAD PATRONAL"},"content":{"rendered":"<p>El Instituto del Fondo Nacional de la Vivienda para los Trabajadores (Infonavit) otorg\u00f3 un reconocimiento al Ayuntamiento de Cuernavaca, encabezado por el presidente municipal Jos\u00e9 Luis Uri\u00f3stegui Salgado, por su puntualidad y cumplimiento en el pago de cuotas obrero-patronales, reflejo de una administraci\u00f3n eficiente y comprometida con el bienestar de su base trabajadora.<\/p>\n<p>El alcalde destac\u00f3 que este reconocimiento, recibido por segundo a\u00f1o consecutivo, marca una diferencia clara con administraciones anteriores y evidencia la continuidad en el respeto a los derechos laborales. \u201cLo compartimos como Cabildo hacia la poblaci\u00f3n para que sepan que estamos poniendo esfuerzos en todos los rubros que ata\u00f1en al Ayuntamiento de Cuernavaca\u201d, subray\u00f3 Uri\u00f3stegui Salgado.<\/p>\n<p>Este distintivo consolida al Ayuntamiento como un referente de responsabilidad institucional y solidez administrativa, refrendando su compromiso con el desarrollo y bienestar de quienes forman parte del servicio p\u00fablico municipal.<\/p>\n\n\t\t<style type=\"text\/css\">\n\t\t\t#gallery-1 {\n\t\t\t\tmargin: auto;\n\t\t\t}\n\t\t\t#gallery-1 .gallery-item {\n\t\t\t\tfloat: left;\n\t\t\t\tmargin-top: 10px;\n\t\t\t\ttext-align: center;\n\t\t\t\twidth: 33%;\n\t\t\t}\n\t\t\t#gallery-1 img {\n\t\t\t\tborder: 2px solid #cfcfcf;\n\t\t\t}\n\t\t\t#gallery-1 .gallery-caption {\n\t\t\t\tmargin-left: 0;\n\t\t\t}\n\t\t\t\/* see gallery_shortcode() in wp-includes\/media.php *\/\n\t\t<\/style>\n\t\t<div id='gallery-1' class='gallery galleryid-51540 gallery-columns-3 gallery-size-thumbnail'><dl class='gallery-item'>\n\t\t\t<dt class='gallery-icon landscape'>\n\t\t\t\t<a href='https:\/\/cuernavaca.gob.mx\/?attachment_id=51541'><img width=\"150\" height=\"150\" src=\"https:\/\/cuernavaca.gob.mx\/wp-content\/uploads\/2025\/07\/RECONOCE-INFONAVIT-AL-AYUNTAMIENTO-DE-CUERNAVACA-POR-SU-CUMPLIMIENTO-Y-RESPONSABILIDAD-PATRONAL-1-150x150.jpeg\" class=\"attachment-thumbnail size-thumbnail\" alt=\"\" loading=\"lazy\" \/><\/a>\n\t\t\t<\/dt><\/dl><dl class='gallery-item'>\n\t\t\t<dt class='gallery-icon landscape'>\n\t\t\t\t<a href='https:\/\/cuernavaca.gob.mx\/?attachment_id=51542'><img width=\"150\" height=\"150\" src=\"https:\/\/cuernavaca.gob.mx\/wp-content\/uploads\/2025\/07\/RECONOCE-INFONAVIT-AL-AYUNTAMIENTO-DE-CUERNAVACA-POR-SU-CUMPLIMIENTO-Y-RESPONSABILIDAD-PATRONAL-2-150x150.jpeg\" class=\"attachment-thumbnail size-thumbnail\" alt=\"\" loading=\"lazy\" \/><\/a>\n\t\t\t<\/dt><\/dl>\n\t\t\t<br style='clear: both' \/>\n\t\t<\/div>\n\n","protected":false},"excerpt":{"rendered":"<p>El Instituto del Fondo Nacional de la Vivienda para los Trabajadores (Infonavit) otorg\u00f3 un reconocimiento al Ayuntamiento de Cuernavaca, encabezado por el presidente municipal Jos\u00e9 Luis Uri\u00f3stegui Salgado, por su puntualidad y cumplimiento en el pago de cuotas obrero-patronales, reflejo de una administraci\u00f3n eficiente y comprometida con el bienestar de su base trabajadora. El alcalde [&hellip;]<\/p>\n","protected":false},"author":1,"featured_media":51542,"comment_status":"closed","ping_status":"open","sticky":false,"template":"","format":"standard","meta":[],"categories":[20],"tags":[121,4175,4174,120],"aioseo_notices":[],"_links":{"self":[{"href":"https:\/\/cuernavaca.gob.mx\/index.php?rest_route=\/wp\/v2\/posts\/51540"}],"collection":[{"href":"https:\/\/cuernavaca.gob.mx\/index.php?rest_route=\/wp\/v2\/posts"}],"about":[{"href":"https:\/\/cuernavaca.gob.mx\/index.php?rest_route=\/wp\/v2\/types\/post"}],"author":[{"embeddable":true,"href":"https:\/\/cuernavaca.gob.mx\/index.php?rest_route=\/wp\/v2\/users\/1"}],"replies":[{"embeddable":true,"href":"https:\/\/cuernavaca.gob.mx\/index.php?rest_route=%2Fwp%2Fv2%2Fcomments&post=51540"}],"version-history":[{"count":2,"href":"https:\/\/cuernavaca.gob.mx\/index.php?rest_route=\/wp\/v2\/posts\/51540\/revisions"}],"predecessor-version":[{"id":51544,"href":"https:\/\/cuernavaca.gob.mx\/index.php?rest_route=\/wp\/v2\/posts\/51540\/revisions\/51544"}],"wp:featuredmedia":[{"embeddable":true,"href":"https:\/\/cuernavaca.gob.mx\/index.php?rest_route=\/wp\/v2\/media\/51542"}],"wp:attachment":[{"href":"https:\/\/cuernavaca.gob.mx\/index.php?rest_route=%2Fwp%2Fv2%2Fmedia&parent=51540"}],"wp:term":[{"taxonomy":"category","embeddable":true,"href":"https:\/\/cuernavaca.gob.mx\/index.php?rest_route=%2Fwp%2Fv2%2Fcategories&post=51540"},{"taxonomy":"post_tag","embeddable":true,"href":"https:\/\/cuernavaca.gob.mx\/index.php?rest_route=%2Fwp%2Fv2%2Ftags&post=51540"}],"curies":[{"name":"wp","href":"https:\/\/api.w.org\/{rel}","templated":true}]}}