{"id":51550,"date":"2025-07-16T08:00:05","date_gmt":"2025-07-16T14:00:05","guid":{"rendered":"https:\/\/cuernavaca.gob.mx\/?p=51550"},"modified":"2025-07-16T21:52:04","modified_gmt":"2025-07-17T03:52:04","slug":"f53-15-16-25-impulsa-jose-luis-uriostegui-la-educacion-y-el-talento-juvenil-con-becas","status":"publish","type":"post","link":"https:\/\/cuernavaca.gob.mx\/?p=51550","title":{"rendered":"F53 15\/16\/25 IMPULSA JOS\u00c9 LUIS URI\u00d3STEGUI LA EDUCACI\u00d3N Y EL TALENTO JUVENIL CON BECAS"},"content":{"rendered":"<p>El alcalde de Cuernavaca, Jos\u00e9 Luis Uri\u00f3stegui Salgado, reafirm\u00f3 su compromiso con la educaci\u00f3n y el desarrollo de ni\u00f1as, ni\u00f1os y j\u00f3venes del municipio, al invitar a estudiantes, madres, padres y cuidadores a aprovechar el programa de becas que otorga apoyos econ\u00f3micos \u00fanicos en distintos rubros: Vulnerabilidad econ\u00f3mica, Excelencia acad\u00e9mica, y Talento deportivo y art\u00edstico.<\/p>\n<p>Durante su participaci\u00f3n como padrino de la generaci\u00f3n 2019-2025 de la primaria &#8220;Prof. Tr\u00e1nsito S\u00e1nchez Uri\u00f3stegui\u201d, el alcalde reconoci\u00f3 a las y los egresados, y anunci\u00f3 que en pr\u00f3ximos d\u00edas se publicar\u00e1 la convocatoria de becas por Excelencia acad\u00e9mica para estudiantes de sexto grado de primaria y primero de secundaria con promedio de 9 a 10, quienes recibir\u00e1n un apoyo \u00fanico de dos mil 500 pesos como reconocimiento a su disciplina y compromiso escolar.<\/p>\n<p>Adem\u00e1s, destac\u00f3 que el Ayuntamiento otorga becas deportivas de hasta 10 mil pesos, y de 20 mil pesos si las y los beneficiarios participan en competencias internacionales con invitaci\u00f3n oficial. En el rubro art\u00edstico, se entregan becas de cinco mil pesos para quienes compiten a nivel nacional y 10 mil pesos para quienes representan a Cuernavaca en el extranjero, con el objetivo de impulsar la formaci\u00f3n integral y el talento de las nuevas generaciones.<\/p>\n\n\t\t<style type=\"text\/css\">\n\t\t\t#gallery-1 {\n\t\t\t\tmargin: auto;\n\t\t\t}\n\t\t\t#gallery-1 .gallery-item {\n\t\t\t\tfloat: left;\n\t\t\t\tmargin-top: 10px;\n\t\t\t\ttext-align: center;\n\t\t\t\twidth: 33%;\n\t\t\t}\n\t\t\t#gallery-1 img {\n\t\t\t\tborder: 2px solid #cfcfcf;\n\t\t\t}\n\t\t\t#gallery-1 .gallery-caption {\n\t\t\t\tmargin-left: 0;\n\t\t\t}\n\t\t\t\/* see gallery_shortcode() in wp-includes\/media.php *\/\n\t\t<\/style>\n\t\t<div id='gallery-1' class='gallery galleryid-51550 gallery-columns-3 gallery-size-thumbnail'><dl class='gallery-item'>\n\t\t\t<dt class='gallery-icon landscape'>\n\t\t\t\t<a href='https:\/\/cuernavaca.gob.mx\/?attachment_id=51551'><img width=\"150\" height=\"150\" src=\"https:\/\/cuernavaca.gob.mx\/wp-content\/uploads\/2025\/07\/IMPULSA-JOSE-LUIS-URIOSTEGUI-LA-EDUCACION-Y-EL-TALENTO-JUVENIL-CON-BECAS-1-150x150.jpeg\" class=\"attachment-thumbnail size-thumbnail\" alt=\"\" loading=\"lazy\" \/><\/a>\n\t\t\t<\/dt><\/dl><dl class='gallery-item'>\n\t\t\t<dt class='gallery-icon landscape'>\n\t\t\t\t<a href='https:\/\/cuernavaca.gob.mx\/?attachment_id=51552'><img width=\"150\" height=\"150\" src=\"https:\/\/cuernavaca.gob.mx\/wp-content\/uploads\/2025\/07\/IMPULSA-JOSE-LUIS-URIOSTEGUI-LA-EDUCACION-Y-EL-TALENTO-JUVENIL-CON-BECAS-2-150x150.jpeg\" class=\"attachment-thumbnail size-thumbnail\" alt=\"\" loading=\"lazy\" \/><\/a>\n\t\t\t<\/dt><\/dl><dl class='gallery-item'>\n\t\t\t<dt class='gallery-icon landscape'>\n\t\t\t\t<a href='https:\/\/cuernavaca.gob.mx\/?attachment_id=51553'><img width=\"150\" height=\"150\" src=\"https:\/\/cuernavaca.gob.mx\/wp-content\/uploads\/2025\/07\/IMPULSA-JOSE-LUIS-URIOSTEGUI-LA-EDUCACION-Y-EL-TALENTO-JUVENIL-CON-BECAS-3-150x150.jpeg\" class=\"attachment-thumbnail size-thumbnail\" alt=\"\" loading=\"lazy\" \/><\/a>\n\t\t\t<\/dt><\/dl><br style=\"clear: both\" \/>\n\t\t<\/div>\n\n","protected":false},"excerpt":{"rendered":"<p>El alcalde de Cuernavaca, Jos\u00e9 Luis Uri\u00f3stegui Salgado, reafirm\u00f3 su compromiso con la educaci\u00f3n y el desarrollo de ni\u00f1as, ni\u00f1os y j\u00f3venes del municipio, al invitar a estudiantes, madres, padres y cuidadores a aprovechar el programa de becas que otorga apoyos econ\u00f3micos \u00fanicos en distintos rubros: Vulnerabilidad econ\u00f3mica, Excelencia acad\u00e9mica, y Talento deportivo y art\u00edstico. [&hellip;]<\/p>\n","protected":false},"author":1,"featured_media":51553,"comment_status":"closed","ping_status":"open","sticky":false,"template":"","format":"standard","meta":[],"categories":[20],"tags":[2268,121,576,120],"aioseo_notices":[],"_links":{"self":[{"href":"https:\/\/cuernavaca.gob.mx\/index.php?rest_route=\/wp\/v2\/posts\/51550"}],"collection":[{"href":"https:\/\/cuernavaca.gob.mx\/index.php?rest_route=\/wp\/v2\/posts"}],"about":[{"href":"https:\/\/cuernavaca.gob.mx\/index.php?rest_route=\/wp\/v2\/types\/post"}],"author":[{"embeddable":true,"href":"https:\/\/cuernavaca.gob.mx\/index.php?rest_route=\/wp\/v2\/users\/1"}],"replies":[{"embeddable":true,"href":"https:\/\/cuernavaca.gob.mx\/index.php?rest_route=%2Fwp%2Fv2%2Fcomments&post=51550"}],"version-history":[{"count":1,"href":"https:\/\/cuernavaca.gob.mx\/index.php?rest_route=\/wp\/v2\/posts\/51550\/revisions"}],"predecessor-version":[{"id":51554,"href":"https:\/\/cuernavaca.gob.mx\/index.php?rest_route=\/wp\/v2\/posts\/51550\/revisions\/51554"}],"wp:featuredmedia":[{"embeddable":true,"href":"https:\/\/cuernavaca.gob.mx\/index.php?rest_route=\/wp\/v2\/media\/51553"}],"wp:attachment":[{"href":"https:\/\/cuernavaca.gob.mx\/index.php?rest_route=%2Fwp%2Fv2%2Fmedia&parent=51550"}],"wp:term":[{"taxonomy":"category","embeddable":true,"href":"https:\/\/cuernavaca.gob.mx\/index.php?rest_route=%2Fwp%2Fv2%2Fcategories&post=51550"},{"taxonomy":"post_tag","embeddable":true,"href":"https:\/\/cuernavaca.gob.mx\/index.php?rest_route=%2Fwp%2Fv2%2Ftags&post=51550"}],"curies":[{"name":"wp","href":"https:\/\/api.w.org\/{rel}","templated":true}]}}