{"id":51555,"date":"2025-07-16T09:00:37","date_gmt":"2025-07-16T15:00:37","guid":{"rendered":"https:\/\/cuernavaca.gob.mx\/?p=51555"},"modified":"2025-07-16T21:54:32","modified_gmt":"2025-07-17T03:54:32","slug":"b403-16-07-25-con-huella-propia-fiscalia-ambiental-de-cuernavaca-impulsa-nuevos-derechos-para-animales-domesticos-en-morelos","status":"publish","type":"post","link":"https:\/\/cuernavaca.gob.mx\/?p=51555","title":{"rendered":"B403 16\/07\/25 \u00a1CON HUELLA PROPIA! FISCAL\u00cdA AMBIENTAL DE CUERNAVACA IMPULSA NUEVOS DERECHOS PARA ANIMALES DOM\u00c9STICOS EN MORELOS"},"content":{"rendered":"<p>El Ayuntamiento de Cuernavaca, a trav\u00e9s de la Fiscal\u00eda Ambiental, reafirm\u00f3 hoy su firme compromiso con el cuidado de los animales dom\u00e9sticos durante un acto celebrado en el Congreso del Estado de Morelos. En ese espacio se presentaron dos herramientas clave para la protecci\u00f3n animal: el &#8220;Dec\u00e1logo de los derechos de los animales dom\u00e9sticos\u201d y el \u201cMaltrat\u00f3metro\u201d.<\/p>\n<p>El Dec\u00e1logo establece principios claros que garantizan que las mascotas sean reconocidas como sujetos de derechos, incluyendo acceso a una vida digna, atenci\u00f3n m\u00e9dica y protecci\u00f3n legal; busca sensibilizar a la sociedad y fortalecer un marco legal prioritario para el bienestar animal. Por su parte, el Maltrat\u00f3metro es una herramienta gr\u00e1fica dise\u00f1ada para identificar y clasificar distintos niveles de maltrato \u2014desde conductas cotidianas hasta delitos graves\u2014, ofreciendo una gu\u00eda pr\u00e1ctica para la denuncia ciudadana y el accionar legal.<\/p>\n<p>Un momento emotivo del evento lo protagoniz\u00f3 Chester, el primer perrito en ingresar al Sal\u00f3n de Comisiones del Congreso de Morelos durante la presentaci\u00f3n. Con su presencia, Chester &#8220;dej\u00f3 su huellita\u201d en un acto simb\u00f3lico que visibiliza el lugar que merecen los animales en los espacios de toma de decisiones. Su participaci\u00f3n destac\u00f3 la importancia de incluir la voz, o mejor dicho, la presencia, de los m\u00e1s vulnerables en el dise\u00f1o e impulso de pol\u00edticas p\u00fablicas.<\/p>\n<p>La fiscal ambiental Wendy Salinas subray\u00f3 que la Constituci\u00f3n reconoce el derecho de los animales a ser protegidos y defendi\u00f3 que estas herramientas representan un avance decisivo para prevenir el maltrato y sancionar a los responsables. Con la ofensiva del Dec\u00e1logo y el Maltrat\u00f3metro, la Fiscal\u00eda Ambiental de Cuernavaca consolida un enfoque integral que combina sensibilizaci\u00f3n social, prevenci\u00f3n y aplicaci\u00f3n efectiva de la ley, poniendo especial foco en los animales dom\u00e9sticos que no tienen voz, pero s\u00ed merecen protecci\u00f3n y justicia.<\/p>\n\n\t\t<style type=\"text\/css\">\n\t\t\t#gallery-1 {\n\t\t\t\tmargin: auto;\n\t\t\t}\n\t\t\t#gallery-1 .gallery-item {\n\t\t\t\tfloat: left;\n\t\t\t\tmargin-top: 10px;\n\t\t\t\ttext-align: center;\n\t\t\t\twidth: 33%;\n\t\t\t}\n\t\t\t#gallery-1 img {\n\t\t\t\tborder: 2px solid #cfcfcf;\n\t\t\t}\n\t\t\t#gallery-1 .gallery-caption {\n\t\t\t\tmargin-left: 0;\n\t\t\t}\n\t\t\t\/* see gallery_shortcode() in wp-includes\/media.php *\/\n\t\t<\/style>\n\t\t<div id='gallery-1' class='gallery galleryid-51555 gallery-columns-3 gallery-size-thumbnail'><dl class='gallery-item'>\n\t\t\t<dt class='gallery-icon portrait'>\n\t\t\t\t<a href='https:\/\/cuernavaca.gob.mx\/?attachment_id=51556'><img width=\"150\" height=\"150\" src=\"https:\/\/cuernavaca.gob.mx\/wp-content\/uploads\/2025\/07\/\u00a1CON-HUELLA-PROPIA-FISCALIA-AMBIENTAL-DE-CUERNAVACA-IMPULSA-NUEVOS-DERECHOS-PARA-ANIMALES-DOMESTICOS-EN-MORELOS-1-150x150.jpeg\" class=\"attachment-thumbnail size-thumbnail\" alt=\"\" loading=\"lazy\" \/><\/a>\n\t\t\t<\/dt><\/dl><dl class='gallery-item'>\n\t\t\t<dt class='gallery-icon landscape'>\n\t\t\t\t<a href='https:\/\/cuernavaca.gob.mx\/?attachment_id=51557'><img width=\"150\" height=\"150\" src=\"https:\/\/cuernavaca.gob.mx\/wp-content\/uploads\/2025\/07\/\u00a1CON-HUELLA-PROPIA-FISCALIA-AMBIENTAL-DE-CUERNAVACA-IMPULSA-NUEVOS-DERECHOS-PARA-ANIMALES-DOMESTICOS-EN-MORELOS-2-150x150.jpeg\" class=\"attachment-thumbnail size-thumbnail\" alt=\"\" loading=\"lazy\" \/><\/a>\n\t\t\t<\/dt><\/dl><dl class='gallery-item'>\n\t\t\t<dt class='gallery-icon landscape'>\n\t\t\t\t<a href='https:\/\/cuernavaca.gob.mx\/?attachment_id=51558'><img width=\"150\" height=\"150\" src=\"https:\/\/cuernavaca.gob.mx\/wp-content\/uploads\/2025\/07\/\u00a1CON-HUELLA-PROPIA-FISCALIA-AMBIENTAL-DE-CUERNAVACA-IMPULSA-NUEVOS-DERECHOS-PARA-ANIMALES-DOMESTICOS-EN-MORELOS-3-150x150.jpeg\" class=\"attachment-thumbnail size-thumbnail\" alt=\"\" loading=\"lazy\" \/><\/a>\n\t\t\t<\/dt><\/dl><br style=\"clear: both\" \/>\n\t\t<\/div>\n\n<p>&nbsp;<\/p>\n","protected":false},"excerpt":{"rendered":"<p>El Ayuntamiento de Cuernavaca, a trav\u00e9s de la Fiscal\u00eda Ambiental, reafirm\u00f3 hoy su firme compromiso con el cuidado de los animales dom\u00e9sticos durante un acto celebrado en el Congreso del Estado de Morelos. En ese espacio se presentaron dos herramientas clave para la protecci\u00f3n animal: el &#8220;Dec\u00e1logo de los derechos de los animales dom\u00e9sticos\u201d y [&hellip;]<\/p>\n","protected":false},"author":1,"featured_media":51557,"comment_status":"closed","ping_status":"open","sticky":false,"template":"","format":"standard","meta":[],"categories":[2271],"tags":[3221,121,1405,120,127],"aioseo_notices":[],"_links":{"self":[{"href":"https:\/\/cuernavaca.gob.mx\/index.php?rest_route=\/wp\/v2\/posts\/51555"}],"collection":[{"href":"https:\/\/cuernavaca.gob.mx\/index.php?rest_route=\/wp\/v2\/posts"}],"about":[{"href":"https:\/\/cuernavaca.gob.mx\/index.php?rest_route=\/wp\/v2\/types\/post"}],"author":[{"embeddable":true,"href":"https:\/\/cuernavaca.gob.mx\/index.php?rest_route=\/wp\/v2\/users\/1"}],"replies":[{"embeddable":true,"href":"https:\/\/cuernavaca.gob.mx\/index.php?rest_route=%2Fwp%2Fv2%2Fcomments&post=51555"}],"version-history":[{"count":1,"href":"https:\/\/cuernavaca.gob.mx\/index.php?rest_route=\/wp\/v2\/posts\/51555\/revisions"}],"predecessor-version":[{"id":51559,"href":"https:\/\/cuernavaca.gob.mx\/index.php?rest_route=\/wp\/v2\/posts\/51555\/revisions\/51559"}],"wp:featuredmedia":[{"embeddable":true,"href":"https:\/\/cuernavaca.gob.mx\/index.php?rest_route=\/wp\/v2\/media\/51557"}],"wp:attachment":[{"href":"https:\/\/cuernavaca.gob.mx\/index.php?rest_route=%2Fwp%2Fv2%2Fmedia&parent=51555"}],"wp:term":[{"taxonomy":"category","embeddable":true,"href":"https:\/\/cuernavaca.gob.mx\/index.php?rest_route=%2Fwp%2Fv2%2Fcategories&post=51555"},{"taxonomy":"post_tag","embeddable":true,"href":"https:\/\/cuernavaca.gob.mx\/index.php?rest_route=%2Fwp%2Fv2%2Ftags&post=51555"}],"curies":[{"name":"wp","href":"https:\/\/api.w.org\/{rel}","templated":true}]}}