{"id":51560,"date":"2025-07-16T14:00:59","date_gmt":"2025-07-16T20:00:59","guid":{"rendered":"https:\/\/cuernavaca.gob.mx\/?p=51560"},"modified":"2025-07-16T21:59:53","modified_gmt":"2025-07-17T03:59:53","slug":"b404-16-07-25-cuernavaca-esta-lista-para-el-verano-arranca-operativo-de-seguridad-con-apoyo-de-autoridades-de-los-tres-ordenes-de-gobierno","status":"publish","type":"post","link":"https:\/\/cuernavaca.gob.mx\/?p=51560","title":{"rendered":"B404 16\/07\/25 CUERNAVACA ESTA LISTA PARA EL VERANO: ARRANCA OPERATIVO DE SEGURIDAD CON APOYO DE AUTORIDADES DE LOS TRES \u00d3RDENES DE GOBIERNO\u00a0"},"content":{"rendered":"<div><strong>\u2022 El alcalde Jos\u00e9 Luis Uri\u00f3stegui y la gobernadora Margarita Gonz\u00e1lez Saravia dieron el banderazo de salida al Operativo Vacacional Verano 2025, que busca garantizar la seguridad y bienestar de habitantes y visitantes en una de las temporadas tur\u00edsticas m\u00e1s importantes del a\u00f1o<\/strong><\/div>\n<div><\/div>\n<div>Como parte de los esfuerzos coordinados que han generado resultados favorables en materia de seguridad a nivel estatal, especialmente en Cuernavaca, el presidente municipal Jos\u00e9 Luis Uri\u00f3stegui Salgado encabez\u00f3 este mi\u00e9rcoles el arranque del Operativo Vacacional Verano 2025, realizado en la explanada del Museo Regional de los Pueblos de Morelos (Palacio de Cort\u00e9s).<\/div>\n<div><\/div>\n<div>Convocado por la gobernadora del estado de Morelos, Margarita Gonz\u00e1lez Saravia, el operativo tiene como objetivo garantizar condiciones \u00f3ptimas de tranquilidad para residentes y turistas durante el periodo vacacional, con la participaci\u00f3n activa de instituciones de seguridad de los tres niveles de gobierno, as\u00ed como de organismos civiles y del sector privado.<\/div>\n<div><\/div>\n<div>Durante su mensaje, el alcalde subray\u00f3 que este despliegue es parte de una estrategia integral para seguir mejorando la confianza ciudadana, lo cual ha sido una prioridad desde su primera administraci\u00f3n. \u201cCorran la voz: en Cuernavaca y en Morelos la seguridad es una realidad. Trabajamos todos los d\u00edas para mejorar no solo la percepci\u00f3n, sino la realidad de que Morelos es un estado seguro\u201d, afirm\u00f3.<\/div>\n<div><\/div>\n<div>Asimismo, anunci\u00f3 que el pr\u00f3ximo martes se presentar\u00e1 un nuevo equipamiento para la Secretar\u00eda de Protecci\u00f3n y Auxilio Ciudadano (SEPRAC), adquirido con recursos federales, estatales y municipales, que contribuir\u00e1 directamente a fortalecer la seguridad p\u00fablica en Cuernavaca.<\/div>\n<div><\/div>\n<div>Por su lado, la gobernadora Margarita Gonz\u00e1lez Saravia reafirm\u00f3 este mensaje, destacando que, ante la llegada constante de millones de visitantes, los operativos coordinados han dado como resultado un saldo blanco en temporadas anteriores, y reiter\u00f3 que Morelos tiene todo para ofrecer una experiencia segura y enriquecedora a quienes lo visitan.<\/div>\n<div><\/div>\n<div>En este contexto, invit\u00f3 a disfrutar del Cuarto Festival Cultural de Verano Cuernavaca 2025, que organizado por el Ayuntamiento de Cuernavaca, se llevar\u00e1 a cabo del 19 al 27 de julio en el primer cuadro de la ciudad, con actividades y espect\u00e1culos gratuitos para toda la familia.<\/div>\n<div><\/div>\n<div>En el operativo participan elementos de la Secretar\u00eda de la Defensa Nacional (SEDENA), de la Guardia Nacional, de la Secretar\u00eda de Seguridad y Protecci\u00f3n Ciudadana del Estado de Morelos, de SEPRAC Cuernavaca, de la Cruz Roja Mexicana, \u00c1ngeles Verdes, entre otras corporaciones, quienes trabajar\u00e1n en conjunto para garantizar una estancia segura a quienes eligen Cuernavaca y el estado de Morelos como destinos en este verano 2025.<\/div>\n<div><\/div>\n<div>\n\n\t\t<style type=\"text\/css\">\n\t\t\t#gallery-1 {\n\t\t\t\tmargin: auto;\n\t\t\t}\n\t\t\t#gallery-1 .gallery-item {\n\t\t\t\tfloat: left;\n\t\t\t\tmargin-top: 10px;\n\t\t\t\ttext-align: center;\n\t\t\t\twidth: 33%;\n\t\t\t}\n\t\t\t#gallery-1 img {\n\t\t\t\tborder: 2px solid #cfcfcf;\n\t\t\t}\n\t\t\t#gallery-1 .gallery-caption {\n\t\t\t\tmargin-left: 0;\n\t\t\t}\n\t\t\t\/* see gallery_shortcode() in wp-includes\/media.php *\/\n\t\t<\/style>\n\t\t<div id='gallery-1' class='gallery galleryid-51560 gallery-columns-3 gallery-size-thumbnail'><dl class='gallery-item'>\n\t\t\t<dt class='gallery-icon landscape'>\n\t\t\t\t<a href='https:\/\/cuernavaca.gob.mx\/?attachment_id=51561'><img width=\"150\" height=\"150\" src=\"https:\/\/cuernavaca.gob.mx\/wp-content\/uploads\/2025\/07\/CUERNAVACA-ESTA-LISTA-PARA-EL-VERANO-1-150x150.jpeg\" class=\"attachment-thumbnail size-thumbnail\" alt=\"\" loading=\"lazy\" \/><\/a>\n\t\t\t<\/dt><\/dl><dl class='gallery-item'>\n\t\t\t<dt class='gallery-icon landscape'>\n\t\t\t\t<a href='https:\/\/cuernavaca.gob.mx\/?attachment_id=51562'><img width=\"150\" height=\"150\" src=\"https:\/\/cuernavaca.gob.mx\/wp-content\/uploads\/2025\/07\/CUERNAVACA-ESTA-LISTA-PARA-EL-VERANO-2-150x150.jpeg\" class=\"attachment-thumbnail size-thumbnail\" alt=\"\" loading=\"lazy\" \/><\/a>\n\t\t\t<\/dt><\/dl><dl class='gallery-item'>\n\t\t\t<dt class='gallery-icon landscape'>\n\t\t\t\t<a href='https:\/\/cuernavaca.gob.mx\/?attachment_id=51563'><img width=\"150\" height=\"150\" src=\"https:\/\/cuernavaca.gob.mx\/wp-content\/uploads\/2025\/07\/CUERNAVACA-ESTA-LISTA-PARA-EL-VERANO-3-150x150.jpeg\" class=\"attachment-thumbnail size-thumbnail\" alt=\"\" loading=\"lazy\" \/><\/a>\n\t\t\t<\/dt><\/dl><br style=\"clear: both\" \/><dl class='gallery-item'>\n\t\t\t<dt class='gallery-icon landscape'>\n\t\t\t\t<a href='https:\/\/cuernavaca.gob.mx\/?attachment_id=51564'><img width=\"150\" height=\"150\" src=\"https:\/\/cuernavaca.gob.mx\/wp-content\/uploads\/2025\/07\/CUERNAVACA-ESTA-LISTA-PARA-EL-VERANO-4-150x150.jpeg\" class=\"attachment-thumbnail size-thumbnail\" alt=\"\" loading=\"lazy\" \/><\/a>\n\t\t\t<\/dt><\/dl><dl class='gallery-item'>\n\t\t\t<dt class='gallery-icon landscape'>\n\t\t\t\t<a href='https:\/\/cuernavaca.gob.mx\/?attachment_id=51565'><img width=\"150\" height=\"150\" src=\"https:\/\/cuernavaca.gob.mx\/wp-content\/uploads\/2025\/07\/CUERNAVACA-ESTA-LISTA-PARA-EL-VERANO-5-150x150.jpeg\" class=\"attachment-thumbnail size-thumbnail\" alt=\"\" loading=\"lazy\" \/><\/a>\n\t\t\t<\/dt><\/dl><dl class='gallery-item'>\n\t\t\t<dt class='gallery-icon landscape'>\n\t\t\t\t<a href='https:\/\/cuernavaca.gob.mx\/?attachment_id=51566'><img width=\"150\" height=\"150\" src=\"https:\/\/cuernavaca.gob.mx\/wp-content\/uploads\/2025\/07\/CUERNAVACA-ESTA-LISTA-PARA-EL-VERANO-6-150x150.jpeg\" class=\"attachment-thumbnail size-thumbnail\" alt=\"\" loading=\"lazy\" \/><\/a>\n\t\t\t<\/dt><\/dl><br style=\"clear: both\" \/>\n\t\t<\/div>\n\n<\/div>\n","protected":false},"excerpt":{"rendered":"<p>\u2022 El alcalde Jos\u00e9 Luis Uri\u00f3stegui y la gobernadora Margarita Gonz\u00e1lez Saravia dieron el banderazo de salida al Operativo Vacacional Verano 2025, que busca garantizar la seguridad y bienestar de habitantes y visitantes en una de las temporadas tur\u00edsticas m\u00e1s importantes del a\u00f1o Como parte de los esfuerzos coordinados que han generado resultados favorables en [&hellip;]<\/p>\n","protected":false},"author":1,"featured_media":51562,"comment_status":"closed","ping_status":"open","sticky":false,"template":"","format":"standard","meta":[],"categories":[20],"tags":[121,1922,2337,3823,206,127,1375,2967],"aioseo_notices":[],"_links":{"self":[{"href":"https:\/\/cuernavaca.gob.mx\/index.php?rest_route=\/wp\/v2\/posts\/51560"}],"collection":[{"href":"https:\/\/cuernavaca.gob.mx\/index.php?rest_route=\/wp\/v2\/posts"}],"about":[{"href":"https:\/\/cuernavaca.gob.mx\/index.php?rest_route=\/wp\/v2\/types\/post"}],"author":[{"embeddable":true,"href":"https:\/\/cuernavaca.gob.mx\/index.php?rest_route=\/wp\/v2\/users\/1"}],"replies":[{"embeddable":true,"href":"https:\/\/cuernavaca.gob.mx\/index.php?rest_route=%2Fwp%2Fv2%2Fcomments&post=51560"}],"version-history":[{"count":1,"href":"https:\/\/cuernavaca.gob.mx\/index.php?rest_route=\/wp\/v2\/posts\/51560\/revisions"}],"predecessor-version":[{"id":51567,"href":"https:\/\/cuernavaca.gob.mx\/index.php?rest_route=\/wp\/v2\/posts\/51560\/revisions\/51567"}],"wp:featuredmedia":[{"embeddable":true,"href":"https:\/\/cuernavaca.gob.mx\/index.php?rest_route=\/wp\/v2\/media\/51562"}],"wp:attachment":[{"href":"https:\/\/cuernavaca.gob.mx\/index.php?rest_route=%2Fwp%2Fv2%2Fmedia&parent=51560"}],"wp:term":[{"taxonomy":"category","embeddable":true,"href":"https:\/\/cuernavaca.gob.mx\/index.php?rest_route=%2Fwp%2Fv2%2Fcategories&post=51560"},{"taxonomy":"post_tag","embeddable":true,"href":"https:\/\/cuernavaca.gob.mx\/index.php?rest_route=%2Fwp%2Fv2%2Ftags&post=51560"}],"curies":[{"name":"wp","href":"https:\/\/api.w.org\/{rel}","templated":true}]}}