{"id":51568,"date":"2025-07-16T15:01:39","date_gmt":"2025-07-16T21:01:39","guid":{"rendered":"https:\/\/cuernavaca.gob.mx\/?p=51568"},"modified":"2025-07-16T22:02:51","modified_gmt":"2025-07-17T04:02:51","slug":"f54-16-05-25-impulsa-jose-luis-uriostegui-coordinacion-metropolitana-para-enfrentar-retos-regionales","status":"publish","type":"post","link":"https:\/\/cuernavaca.gob.mx\/?p=51568","title":{"rendered":"F54 16\/05\/25 IMPULSA JOS\u00c9 LUIS URI\u00d3STEGUI COORDINACI\u00d3N METROPOLITANA PARA ENFRENTAR RETOS REGIONALES"},"content":{"rendered":"<p>El presidente municipal de Cuernavaca, Jos\u00e9 Luis Uri\u00f3stegui Salgado, afirm\u00f3 que adoptar una visi\u00f3n metropolitana debe ser una prioridad permanente para los gobiernos municipales, en coordinaci\u00f3n con los niveles estatal y federal, a fin de resolver problemas comunes que afectan la calidad de vida de la ciudadan\u00eda y el desarrollo sostenible del estado de Morelos.<\/p>\n<p>En sesi\u00f3n extraordinaria de la Comisi\u00f3n de Planeaci\u00f3n, Desarrollo y ahora de Zonas Metropolitanas del municipio, el alcalde reconoci\u00f3 el trabajo de su presidenta, la regidora Arnett Jim\u00e9nez Gaspar, quien propuso modificaciones normativas que permitir\u00e1n a Cuernavaca fortalecer su cooperaci\u00f3n con municipios vecinos en temas clave como agua, movilidad y medio ambiente.<\/p>\n<p>Uri\u00f3stegui Salgado subray\u00f3 que el trabajo colaborativo en la zona metropolitana debe pensarse &#8220;m\u00e1s all\u00e1 de lo local\u201d, con estrategias creativas que permitan resolver problemas con menor inversi\u00f3n y mayor impacto social, tal como lo exige el contexto global actual marcado por desaf\u00edos compartidos como la contaminaci\u00f3n, la gesti\u00f3n ambiental y la infraestructura urbana.<\/p>\n\n\t\t<style type=\"text\/css\">\n\t\t\t#gallery-1 {\n\t\t\t\tmargin: auto;\n\t\t\t}\n\t\t\t#gallery-1 .gallery-item {\n\t\t\t\tfloat: left;\n\t\t\t\tmargin-top: 10px;\n\t\t\t\ttext-align: center;\n\t\t\t\twidth: 33%;\n\t\t\t}\n\t\t\t#gallery-1 img {\n\t\t\t\tborder: 2px solid #cfcfcf;\n\t\t\t}\n\t\t\t#gallery-1 .gallery-caption {\n\t\t\t\tmargin-left: 0;\n\t\t\t}\n\t\t\t\/* see gallery_shortcode() in wp-includes\/media.php *\/\n\t\t<\/style>\n\t\t<div id='gallery-1' class='gallery galleryid-51568 gallery-columns-3 gallery-size-thumbnail'><dl class='gallery-item'>\n\t\t\t<dt class='gallery-icon landscape'>\n\t\t\t\t<a href='https:\/\/cuernavaca.gob.mx\/?attachment_id=51569'><img width=\"150\" height=\"150\" src=\"https:\/\/cuernavaca.gob.mx\/wp-content\/uploads\/2025\/07\/IMPULSA-JOSE-LUIS-URIOSTEGUI-COORDINACION-METROPOLITANA-PARA-ENFRENTAR-RETOS-REGIONALES-1-150x150.jpeg\" class=\"attachment-thumbnail size-thumbnail\" alt=\"\" loading=\"lazy\" \/><\/a>\n\t\t\t<\/dt><\/dl><dl class='gallery-item'>\n\t\t\t<dt class='gallery-icon landscape'>\n\t\t\t\t<a href='https:\/\/cuernavaca.gob.mx\/?attachment_id=51570'><img width=\"150\" height=\"150\" src=\"https:\/\/cuernavaca.gob.mx\/wp-content\/uploads\/2025\/07\/IMPULSA-JOSE-LUIS-URIOSTEGUI-COORDINACION-METROPOLITANA-PARA-ENFRENTAR-RETOS-REGIONALES-2-150x150.jpeg\" class=\"attachment-thumbnail size-thumbnail\" alt=\"\" loading=\"lazy\" \/><\/a>\n\t\t\t<\/dt><\/dl>\n\t\t\t<br style='clear: both' \/>\n\t\t<\/div>\n\n","protected":false},"excerpt":{"rendered":"<p>El presidente municipal de Cuernavaca, Jos\u00e9 Luis Uri\u00f3stegui Salgado, afirm\u00f3 que adoptar una visi\u00f3n metropolitana debe ser una prioridad permanente para los gobiernos municipales, en coordinaci\u00f3n con los niveles estatal y federal, a fin de resolver problemas comunes que afectan la calidad de vida de la ciudadan\u00eda y el desarrollo sostenible del estado de Morelos. [&hellip;]<\/p>\n","protected":false},"author":1,"featured_media":51570,"comment_status":"closed","ping_status":"open","sticky":false,"template":"","format":"standard","meta":[],"categories":[20],"tags":[121,120,127],"aioseo_notices":[],"_links":{"self":[{"href":"https:\/\/cuernavaca.gob.mx\/index.php?rest_route=\/wp\/v2\/posts\/51568"}],"collection":[{"href":"https:\/\/cuernavaca.gob.mx\/index.php?rest_route=\/wp\/v2\/posts"}],"about":[{"href":"https:\/\/cuernavaca.gob.mx\/index.php?rest_route=\/wp\/v2\/types\/post"}],"author":[{"embeddable":true,"href":"https:\/\/cuernavaca.gob.mx\/index.php?rest_route=\/wp\/v2\/users\/1"}],"replies":[{"embeddable":true,"href":"https:\/\/cuernavaca.gob.mx\/index.php?rest_route=%2Fwp%2Fv2%2Fcomments&post=51568"}],"version-history":[{"count":1,"href":"https:\/\/cuernavaca.gob.mx\/index.php?rest_route=\/wp\/v2\/posts\/51568\/revisions"}],"predecessor-version":[{"id":51571,"href":"https:\/\/cuernavaca.gob.mx\/index.php?rest_route=\/wp\/v2\/posts\/51568\/revisions\/51571"}],"wp:featuredmedia":[{"embeddable":true,"href":"https:\/\/cuernavaca.gob.mx\/index.php?rest_route=\/wp\/v2\/media\/51570"}],"wp:attachment":[{"href":"https:\/\/cuernavaca.gob.mx\/index.php?rest_route=%2Fwp%2Fv2%2Fmedia&parent=51568"}],"wp:term":[{"taxonomy":"category","embeddable":true,"href":"https:\/\/cuernavaca.gob.mx\/index.php?rest_route=%2Fwp%2Fv2%2Fcategories&post=51568"},{"taxonomy":"post_tag","embeddable":true,"href":"https:\/\/cuernavaca.gob.mx\/index.php?rest_route=%2Fwp%2Fv2%2Ftags&post=51568"}],"curies":[{"name":"wp","href":"https:\/\/api.w.org\/{rel}","templated":true}]}}