{"id":51573,"date":"2025-07-18T14:54:12","date_gmt":"2025-07-18T20:54:12","guid":{"rendered":"https:\/\/cuernavaca.gob.mx\/?p=51573"},"modified":"2025-07-18T14:54:12","modified_gmt":"2025-07-18T20:54:12","slug":"b411-18-07-25-uniendo-corazones-transformando-vidas-dif-cuernavaca-rompe-record-de-recaudacion-solidaria","status":"publish","type":"post","link":"https:\/\/cuernavaca.gob.mx\/?p=51573","title":{"rendered":"B411 18\/07\/25 UNIENDO CORAZONES, TRANSFORMANDO VIDAS: DIF CUERNAVACA ROMPE R\u00c9CORD DE RECAUDACI\u00d3N SOLIDARIA\u00a0"},"content":{"rendered":"<p>&nbsp;<\/p>\n<p>\u2022 Gracias al respaldo ciudadano y art\u00edstico, se recaud\u00f3 un mill\u00f3n 200 mil pesos que permitir\u00e1n entregar m\u00e1s de 500 apoyos funcionales, auditivos y visuales a personas en situaci\u00f3n de vulnerabilidad<\/p>\n<p>&nbsp;<\/p>\n<p>Con el firme compromiso de seguir transformando vidas, la presidenta del Sistema Municipal DIF Cuernavaca, Luz Mar\u00eda Zagal Guzm\u00e1n, y el presidente municipal, Jos\u00e9 Luis Uri\u00f3stegui Salgado, anunciaron la recaudaci\u00f3n de un mill\u00f3n 200 mil pesos en la segunda edici\u00f3n de la subasta con causa &#8220;Uniendo Corazones\u201d, monto que duplica lo obtenido en 2023 y permitir\u00e1 beneficiar a m\u00e1s de 500 personas con la entrega de aparatos auditivos, de movilidad y lentes.<\/p>\n<p>&nbsp;<\/p>\n<p>Durante un acto simb\u00f3lico realizado este viernes, Luz Mar\u00eda Zagal entreg\u00f3 el cheque con la recaudaci\u00f3n a la tesorera del DIF Cuernavaca, Ma. Magdalena Flores Flores, en presencia de la titular del \u00d3rgano Interno de Control, Blanca Reynaud Guzm\u00e1n, destacando que este resultado reafirma el compromiso con la transparencia en cada acci\u00f3n y programa del organismo.<\/p>\n<p>&nbsp;<\/p>\n<p>La presidenta del DIF Cuernavaca record\u00f3 que, al igual que en la edici\u00f3n pasada, artistas locales y nacionales participaron interviniendo una pieza de cer\u00e1mica hecha en forma de coraz\u00f3n, quienes tambi\u00e9n donaron algunas de sus obras. Gracias a la generosidad de las y los creadores y de la ciudadan\u00eda que se sum\u00f3 a la puja, la subasta super\u00f3 por amplio margen los m\u00e1s de 500 mil pesos recaudados en 2023.<\/p>\n<p>&nbsp;<\/p>\n<p>A partir de este viernes se iniciar\u00e1 la adquisici\u00f3n de los aparatos, y se publicar\u00e1n las convocatorias en redes sociales oficiales del DIF Cuernavaca y del Ayuntamiento de Cuernavaca, invitando Luz Mar\u00eda Zagal Guzm\u00e1n a personas con alguna discapacidad visual, auditiva o motriz a visitarlas e incluso acercarse al \u00e1rea de Atenci\u00f3n Ciudadana del DIF para solicitar estos apoyos funcionales.<\/p>\n<p>&nbsp;<\/p>\n<p>Por su parte, el presidente municipal Jos\u00e9 Luis Uri\u00f3stegui agradeci\u00f3 el respaldo de la Casa de Subastas Morton por conducir este ejercicio de manera profesional, as\u00ed como a las y los artistas, ciudadan\u00eda, particulares e iniciativa privada por sumarse a esta noble causa.<\/p>\n<p>&nbsp;<\/p>\n<p>Reconoci\u00f3 tambi\u00e9n el esfuerzo del equipo del DIF Cuernavaca, liderado por su esposa, por trabajar intensamente para seguir cumpliendo con el compromiso de mejorar la calidad de vida de quienes m\u00e1s lo necesitan.<\/p>\n<p>&nbsp;<\/p>\n<p>Asimismo, se otorg\u00f3 un reconocimiento p\u00f3stumo al maestro V\u00edctor Manuel Contreras, cuya obra sigue viva; as\u00ed como a los artistas Daniel Lezama y V\u00edctor Casta\u00f1eda, quienes contribuyeron con la donaci\u00f3n de obras; a Juan Rogel y amigos, por la aportaci\u00f3n de un veh\u00edculo Mercedes-Benz, lo que permiti\u00f3 incrementar significativamente el monto recaudado.<\/p>\n<p>&nbsp;<\/p>\n<p>La entrega p\u00fablica de los aparatos funcionales, auditivos y lentes se realizar\u00e1 en pr\u00f3ximas fechas.<\/p>\n\n\t\t<style type=\"text\/css\">\n\t\t\t#gallery-1 {\n\t\t\t\tmargin: auto;\n\t\t\t}\n\t\t\t#gallery-1 .gallery-item {\n\t\t\t\tfloat: left;\n\t\t\t\tmargin-top: 10px;\n\t\t\t\ttext-align: center;\n\t\t\t\twidth: 33%;\n\t\t\t}\n\t\t\t#gallery-1 img {\n\t\t\t\tborder: 2px solid #cfcfcf;\n\t\t\t}\n\t\t\t#gallery-1 .gallery-caption {\n\t\t\t\tmargin-left: 0;\n\t\t\t}\n\t\t\t\/* see gallery_shortcode() in wp-includes\/media.php *\/\n\t\t<\/style>\n\t\t<div id='gallery-1' class='gallery galleryid-51573 gallery-columns-3 gallery-size-thumbnail'><dl class='gallery-item'>\n\t\t\t<dt class='gallery-icon landscape'>\n\t\t\t\t<a href='https:\/\/cuernavaca.gob.mx\/?attachment_id=51574'><img width=\"150\" height=\"150\" src=\"https:\/\/cuernavaca.gob.mx\/wp-content\/uploads\/2025\/07\/IMG-20250718-WA0015-150x150.jpg\" class=\"attachment-thumbnail size-thumbnail\" alt=\"\" loading=\"lazy\" \/><\/a>\n\t\t\t<\/dt><\/dl><dl class='gallery-item'>\n\t\t\t<dt class='gallery-icon landscape'>\n\t\t\t\t<a href='https:\/\/cuernavaca.gob.mx\/?attachment_id=51575'><img width=\"150\" height=\"150\" src=\"https:\/\/cuernavaca.gob.mx\/wp-content\/uploads\/2025\/07\/IMG-20250718-WA0016-150x150.jpg\" class=\"attachment-thumbnail size-thumbnail\" alt=\"\" loading=\"lazy\" \/><\/a>\n\t\t\t<\/dt><\/dl>\n\t\t\t<br style='clear: both' \/>\n\t\t<\/div>\n\n","protected":false},"excerpt":{"rendered":"<p>&nbsp; \u2022 Gracias al respaldo ciudadano y art\u00edstico, se recaud\u00f3 un mill\u00f3n 200 mil pesos que permitir\u00e1n entregar m\u00e1s de 500 apoyos funcionales, auditivos y visuales a personas en situaci\u00f3n de vulnerabilidad &nbsp; Con el firme compromiso de seguir transformando vidas, la presidenta del Sistema Municipal DIF Cuernavaca, Luz Mar\u00eda Zagal Guzm\u00e1n, y el presidente [&hellip;]<\/p>\n","protected":false},"author":1,"featured_media":51575,"comment_status":"closed","ping_status":"open","sticky":false,"template":"","format":"standard","meta":[],"categories":[16],"tags":[],"aioseo_notices":[],"_links":{"self":[{"href":"https:\/\/cuernavaca.gob.mx\/index.php?rest_route=\/wp\/v2\/posts\/51573"}],"collection":[{"href":"https:\/\/cuernavaca.gob.mx\/index.php?rest_route=\/wp\/v2\/posts"}],"about":[{"href":"https:\/\/cuernavaca.gob.mx\/index.php?rest_route=\/wp\/v2\/types\/post"}],"author":[{"embeddable":true,"href":"https:\/\/cuernavaca.gob.mx\/index.php?rest_route=\/wp\/v2\/users\/1"}],"replies":[{"embeddable":true,"href":"https:\/\/cuernavaca.gob.mx\/index.php?rest_route=%2Fwp%2Fv2%2Fcomments&post=51573"}],"version-history":[{"count":1,"href":"https:\/\/cuernavaca.gob.mx\/index.php?rest_route=\/wp\/v2\/posts\/51573\/revisions"}],"predecessor-version":[{"id":51576,"href":"https:\/\/cuernavaca.gob.mx\/index.php?rest_route=\/wp\/v2\/posts\/51573\/revisions\/51576"}],"wp:featuredmedia":[{"embeddable":true,"href":"https:\/\/cuernavaca.gob.mx\/index.php?rest_route=\/wp\/v2\/media\/51575"}],"wp:attachment":[{"href":"https:\/\/cuernavaca.gob.mx\/index.php?rest_route=%2Fwp%2Fv2%2Fmedia&parent=51573"}],"wp:term":[{"taxonomy":"category","embeddable":true,"href":"https:\/\/cuernavaca.gob.mx\/index.php?rest_route=%2Fwp%2Fv2%2Fcategories&post=51573"},{"taxonomy":"post_tag","embeddable":true,"href":"https:\/\/cuernavaca.gob.mx\/index.php?rest_route=%2Fwp%2Fv2%2Ftags&post=51573"}],"curies":[{"name":"wp","href":"https:\/\/api.w.org\/{rel}","templated":true}]}}