{"id":51581,"date":"2025-07-18T19:35:23","date_gmt":"2025-07-19T01:35:23","guid":{"rendered":"https:\/\/cuernavaca.gob.mx\/?p=51581"},"modified":"2025-07-20T22:43:18","modified_gmt":"2025-07-21T04:43:18","slug":"arranca-el-festival-cultural-de-verano-2025-en-cuernavaca-con-ritmo-y-energia-de-batala-tepoztlan","status":"publish","type":"post","link":"https:\/\/cuernavaca.gob.mx\/?p=51581","title":{"rendered":"B412 18\/07\/25 ARRANCA EL FESTIVAL CULTURAL DE VERANO 2025 EN CUERNAVACA CON RITMO Y ENERG\u00cdA DE BATALA TEPOZTL\u00c1N"},"content":{"rendered":"<p>Con una potente y colorida presentaci\u00f3n en la Plazuela del Zacate, el grupo Batala Tepoztl\u00e1n marc\u00f3 el arranque de las actividades del Festival Cultural de Verano Cuernavaca 2025, que celebra su cuarta edici\u00f3n con una programaci\u00f3n diversa para toda la familia.<\/p>\n<p>Durante 40 minutos, los tambores y la energ\u00eda del colectivo musical llenaron de vida el centro de la ciudad, ofreciendo una probadita del ambiente festivo que se vivir\u00e1 en los pr\u00f3ximos d\u00edas. Esta intervenci\u00f3n forma parte de la estrategia de promoci\u00f3n del festival, cuyo programa completo ya se encuentra disponible en las redes sociales oficiales del Ayuntamiento de Cuernavaca.<\/p>\n<p>El Festival Cultural de Verano se llevar\u00e1 a cabo durante los fines de semana de julio y tendr\u00e1 como escenario principal la explanada del Palacio de Cort\u00e9s en el coraz\u00f3n del Centro Hist\u00f3rico.<\/p>\n<p>La inauguraci\u00f3n ser\u00e1 el s\u00e1bado 19 de julio a las 15:30 en la calle Miguel Hidalgo, frente a la Catedral de Cuernavaca donde se podr\u00e1 disfrutar del emblem\u00e1tico desfile de chinelos, entre muchas otras expresiones art\u00edsticas y culturales.<\/p>\n<p>La administraci\u00f3n municipal invita a la ciudadan\u00eda y a visitantes a sumarse a esta gran fiesta que busca fortalecer la identidad, el arte y el uso de los espacios p\u00fablicos como puntos de encuentro y convivencia para todas las generaciones.<\/p>\n\n\t\t<style type=\"text\/css\">\n\t\t\t#gallery-1 {\n\t\t\t\tmargin: auto;\n\t\t\t}\n\t\t\t#gallery-1 .gallery-item {\n\t\t\t\tfloat: left;\n\t\t\t\tmargin-top: 10px;\n\t\t\t\ttext-align: center;\n\t\t\t\twidth: 33%;\n\t\t\t}\n\t\t\t#gallery-1 img {\n\t\t\t\tborder: 2px solid #cfcfcf;\n\t\t\t}\n\t\t\t#gallery-1 .gallery-caption {\n\t\t\t\tmargin-left: 0;\n\t\t\t}\n\t\t\t\/* see gallery_shortcode() in wp-includes\/media.php *\/\n\t\t<\/style>\n\t\t<div id='gallery-1' class='gallery galleryid-51581 gallery-columns-3 gallery-size-thumbnail'><dl class='gallery-item'>\n\t\t\t<dt class='gallery-icon landscape'>\n\t\t\t\t<a href='https:\/\/cuernavaca.gob.mx\/?attachment_id=51582'><img width=\"150\" height=\"150\" src=\"https:\/\/cuernavaca.gob.mx\/wp-content\/uploads\/2025\/07\/ARRANCA-EL-FESTIVAL-CULTURAL-DE-VERANO-2025-EN-CUERNAVACA-CON-RITMO-Y-ENERGI\u0301A-DE-BATALA-TEPOZTLA\u0301N-1-150x150.jpg\" class=\"attachment-thumbnail size-thumbnail\" alt=\"\" loading=\"lazy\" \/><\/a>\n\t\t\t<\/dt><\/dl><dl class='gallery-item'>\n\t\t\t<dt class='gallery-icon landscape'>\n\t\t\t\t<a href='https:\/\/cuernavaca.gob.mx\/?attachment_id=51583'><img width=\"150\" height=\"150\" src=\"https:\/\/cuernavaca.gob.mx\/wp-content\/uploads\/2025\/07\/ARRANCA-EL-FESTIVAL-CULTURAL-DE-VERANO-2025-EN-CUERNAVACA-CON-RITMO-Y-ENERGI\u0301A-DE-BATALA-TEPOZTLA\u0301N-2-150x150.jpg\" class=\"attachment-thumbnail size-thumbnail\" alt=\"\" loading=\"lazy\" \/><\/a>\n\t\t\t<\/dt><\/dl><dl class='gallery-item'>\n\t\t\t<dt class='gallery-icon landscape'>\n\t\t\t\t<a href='https:\/\/cuernavaca.gob.mx\/?attachment_id=51584'><img width=\"150\" height=\"150\" src=\"https:\/\/cuernavaca.gob.mx\/wp-content\/uploads\/2025\/07\/ARRANCA-EL-FESTIVAL-CULTURAL-DE-VERANO-2025-EN-CUERNAVACA-CON-RITMO-Y-ENERGI\u0301A-DE-BATALA-TEPOZTLA\u0301N-3-150x150.jpg\" class=\"attachment-thumbnail size-thumbnail\" alt=\"\" loading=\"lazy\" \/><\/a>\n\t\t\t<\/dt><\/dl><br style=\"clear: both\" \/><dl class='gallery-item'>\n\t\t\t<dt class='gallery-icon landscape'>\n\t\t\t\t<a href='https:\/\/cuernavaca.gob.mx\/?attachment_id=51585'><img width=\"150\" height=\"150\" src=\"https:\/\/cuernavaca.gob.mx\/wp-content\/uploads\/2025\/07\/ARRANCA-EL-FESTIVAL-CULTURAL-DE-VERANO-2025-EN-CUERNAVACA-CON-RITMO-Y-ENERGI\u0301A-DE-BATALA-TEPOZTLA\u0301N-4-150x150.jpg\" class=\"attachment-thumbnail size-thumbnail\" alt=\"\" loading=\"lazy\" \/><\/a>\n\t\t\t<\/dt><\/dl><dl class='gallery-item'>\n\t\t\t<dt class='gallery-icon landscape'>\n\t\t\t\t<a href='https:\/\/cuernavaca.gob.mx\/?attachment_id=51586'><img width=\"150\" height=\"150\" src=\"https:\/\/cuernavaca.gob.mx\/wp-content\/uploads\/2025\/07\/ARRANCA-EL-FESTIVAL-CULTURAL-DE-VERANO-2025-EN-CUERNAVACA-CON-RITMO-Y-ENERGI\u0301A-DE-BATALA-TEPOZTLA\u0301N-5-150x150.jpg\" class=\"attachment-thumbnail size-thumbnail\" alt=\"\" loading=\"lazy\" \/><\/a>\n\t\t\t<\/dt><\/dl><dl class='gallery-item'>\n\t\t\t<dt class='gallery-icon landscape'>\n\t\t\t\t<a href='https:\/\/cuernavaca.gob.mx\/?attachment_id=51587'><img width=\"150\" height=\"150\" src=\"https:\/\/cuernavaca.gob.mx\/wp-content\/uploads\/2025\/07\/ARRANCA-EL-FESTIVAL-CULTURAL-DE-VERANO-2025-EN-CUERNAVACA-CON-RITMO-Y-ENERGI\u0301A-DE-BATALA-TEPOZTLA\u0301N-6-150x150.jpg\" class=\"attachment-thumbnail size-thumbnail\" alt=\"\" loading=\"lazy\" \/><\/a>\n\t\t\t<\/dt><\/dl><br style=\"clear: both\" \/><dl class='gallery-item'>\n\t\t\t<dt class='gallery-icon landscape'>\n\t\t\t\t<a href='https:\/\/cuernavaca.gob.mx\/?attachment_id=51588'><img width=\"150\" height=\"150\" src=\"https:\/\/cuernavaca.gob.mx\/wp-content\/uploads\/2025\/07\/ARRANCA-EL-FESTIVAL-CULTURAL-DE-VERANO-2025-EN-CUERNAVACA-CON-RITMO-Y-ENERGI\u0301A-DE-BATALA-TEPOZTLA\u0301N-7-150x150.jpg\" class=\"attachment-thumbnail size-thumbnail\" alt=\"\" loading=\"lazy\" \/><\/a>\n\t\t\t<\/dt><\/dl><dl class='gallery-item'>\n\t\t\t<dt class='gallery-icon landscape'>\n\t\t\t\t<a href='https:\/\/cuernavaca.gob.mx\/?attachment_id=51589'><img width=\"150\" height=\"150\" src=\"https:\/\/cuernavaca.gob.mx\/wp-content\/uploads\/2025\/07\/ARRANCA-EL-FESTIVAL-CULTURAL-DE-VERANO-2025-EN-CUERNAVACA-CON-RITMO-Y-ENERGI\u0301A-DE-BATALA-TEPOZTLA\u0301N-8-150x150.jpg\" class=\"attachment-thumbnail size-thumbnail\" alt=\"\" loading=\"lazy\" \/><\/a>\n\t\t\t<\/dt><\/dl>\n\t\t\t<br style='clear: both' \/>\n\t\t<\/div>\n\n","protected":false},"excerpt":{"rendered":"<p>Con una potente y colorida presentaci\u00f3n en la Plazuela del Zacate, el grupo Batala Tepoztl\u00e1n marc\u00f3 el arranque de las actividades del Festival Cultural de Verano Cuernavaca 2025, que celebra su cuarta edici\u00f3n con una programaci\u00f3n diversa para toda la familia. Durante 40 minutos, los tambores y la energ\u00eda del colectivo musical llenaron de vida [&hellip;]<\/p>\n","protected":false},"author":1,"featured_media":51585,"comment_status":"closed","ping_status":"open","sticky":false,"template":"","format":"standard","meta":[],"categories":[21],"tags":[3233,4176,121,190,1922,2337,1882,120,127,1375],"aioseo_notices":[],"_links":{"self":[{"href":"https:\/\/cuernavaca.gob.mx\/index.php?rest_route=\/wp\/v2\/posts\/51581"}],"collection":[{"href":"https:\/\/cuernavaca.gob.mx\/index.php?rest_route=\/wp\/v2\/posts"}],"about":[{"href":"https:\/\/cuernavaca.gob.mx\/index.php?rest_route=\/wp\/v2\/types\/post"}],"author":[{"embeddable":true,"href":"https:\/\/cuernavaca.gob.mx\/index.php?rest_route=\/wp\/v2\/users\/1"}],"replies":[{"embeddable":true,"href":"https:\/\/cuernavaca.gob.mx\/index.php?rest_route=%2Fwp%2Fv2%2Fcomments&post=51581"}],"version-history":[{"count":2,"href":"https:\/\/cuernavaca.gob.mx\/index.php?rest_route=\/wp\/v2\/posts\/51581\/revisions"}],"predecessor-version":[{"id":51591,"href":"https:\/\/cuernavaca.gob.mx\/index.php?rest_route=\/wp\/v2\/posts\/51581\/revisions\/51591"}],"wp:featuredmedia":[{"embeddable":true,"href":"https:\/\/cuernavaca.gob.mx\/index.php?rest_route=\/wp\/v2\/media\/51585"}],"wp:attachment":[{"href":"https:\/\/cuernavaca.gob.mx\/index.php?rest_route=%2Fwp%2Fv2%2Fmedia&parent=51581"}],"wp:term":[{"taxonomy":"category","embeddable":true,"href":"https:\/\/cuernavaca.gob.mx\/index.php?rest_route=%2Fwp%2Fv2%2Fcategories&post=51581"},{"taxonomy":"post_tag","embeddable":true,"href":"https:\/\/cuernavaca.gob.mx\/index.php?rest_route=%2Fwp%2Fv2%2Ftags&post=51581"}],"curies":[{"name":"wp","href":"https:\/\/api.w.org\/{rel}","templated":true}]}}