{"id":51595,"date":"2025-07-19T12:00:11","date_gmt":"2025-07-19T18:00:11","guid":{"rendered":"https:\/\/cuernavaca.gob.mx\/?p=51595"},"modified":"2025-07-20T22:58:09","modified_gmt":"2025-07-21T04:58:09","slug":"f55-19-07-25-alcalde-jose-luis-uriostegui-hace-un-llamado-a-la-unidad-y-la-construccion-de-la-paz","status":"publish","type":"post","link":"https:\/\/cuernavaca.gob.mx\/?p=51595","title":{"rendered":"F55 19\/07\/25 ALCALDE JOS\u00c9 LUIS URI\u00d3STEGUI HACE UN LLAMADO A LA UNIDAD Y LA CONSTRUCCI\u00d3N DE LA PAZ"},"content":{"rendered":"<p>Al hacer un llamado a la construcci\u00f3n de la paz, el presidente municipal de Cuernavaca, Jos\u00e9 Luis Uri\u00f3stegui Salgado, subray\u00f3 la importancia de la colaboraci\u00f3n entre los distintos niveles de gobierno y la sociedad civil.<\/p>\n<p>Durante una reuni\u00f3n con integrantes de la Asociaci\u00f3n de Abogadas del Estado de Morelos, el alcalde se\u00f1al\u00f3 que lo que menos necesita una sociedad es la divisi\u00f3n y la confrontaci\u00f3n. Asimismo, comparti\u00f3 su visi\u00f3n de impulsar gobiernos que, m\u00e1s all\u00e1 del \u00e1mbito local, estatal o federal, trabajen en conjunto, sin imposiciones ni se\u00f1alamientos hacia administraciones anteriores.<\/p>\n<p>En ese sentido, refrend\u00f3 el compromiso de colaborar de manera coordinada con los diferentes niveles gubernamentales, la diversidad de poderes establecidos en el pa\u00eds y la sociedad civil para construir una sociedad m\u00e1s justa, equitativa y cohesionada.<\/p>\n\n\t\t<style type=\"text\/css\">\n\t\t\t#gallery-1 {\n\t\t\t\tmargin: auto;\n\t\t\t}\n\t\t\t#gallery-1 .gallery-item {\n\t\t\t\tfloat: left;\n\t\t\t\tmargin-top: 10px;\n\t\t\t\ttext-align: center;\n\t\t\t\twidth: 33%;\n\t\t\t}\n\t\t\t#gallery-1 img {\n\t\t\t\tborder: 2px solid #cfcfcf;\n\t\t\t}\n\t\t\t#gallery-1 .gallery-caption {\n\t\t\t\tmargin-left: 0;\n\t\t\t}\n\t\t\t\/* see gallery_shortcode() in wp-includes\/media.php *\/\n\t\t<\/style>\n\t\t<div id='gallery-1' class='gallery galleryid-51595 gallery-columns-3 gallery-size-thumbnail'><dl class='gallery-item'>\n\t\t\t<dt class='gallery-icon landscape'>\n\t\t\t\t<a href='https:\/\/cuernavaca.gob.mx\/?attachment_id=51596'><img width=\"150\" height=\"150\" src=\"https:\/\/cuernavaca.gob.mx\/wp-content\/uploads\/2025\/07\/ALCALDE-JOSE\u0301-LUIS-URIO\u0301STEGUI-HACE-UN-LLAMADO-A-LA-UNIDAD-Y-LA-CONSTRUCCIO\u0301N-DE-LA-PAZ-1-150x150.jpg\" class=\"attachment-thumbnail size-thumbnail\" alt=\"\" loading=\"lazy\" \/><\/a>\n\t\t\t<\/dt><\/dl><dl class='gallery-item'>\n\t\t\t<dt class='gallery-icon landscape'>\n\t\t\t\t<a href='https:\/\/cuernavaca.gob.mx\/?attachment_id=51597'><img width=\"150\" height=\"150\" src=\"https:\/\/cuernavaca.gob.mx\/wp-content\/uploads\/2025\/07\/ALCALDE-JOSE\u0301-LUIS-URIO\u0301STEGUI-HACE-UN-LLAMADO-A-LA-UNIDAD-Y-LA-CONSTRUCCIO\u0301N-DE-LA-PAZ-2-150x150.jpg\" class=\"attachment-thumbnail size-thumbnail\" alt=\"\" loading=\"lazy\" \/><\/a>\n\t\t\t<\/dt><\/dl><dl class='gallery-item'>\n\t\t\t<dt class='gallery-icon landscape'>\n\t\t\t\t<a href='https:\/\/cuernavaca.gob.mx\/?attachment_id=51598'><img width=\"150\" height=\"150\" src=\"https:\/\/cuernavaca.gob.mx\/wp-content\/uploads\/2025\/07\/ALCALDE-JOSE\u0301-LUIS-URIO\u0301STEGUI-HACE-UN-LLAMADO-A-LA-UNIDAD-Y-LA-CONSTRUCCIO\u0301N-DE-LA-PAZ-3-150x150.jpg\" class=\"attachment-thumbnail size-thumbnail\" alt=\"\" loading=\"lazy\" \/><\/a>\n\t\t\t<\/dt><\/dl><br style=\"clear: both\" \/><dl class='gallery-item'>\n\t\t\t<dt class='gallery-icon landscape'>\n\t\t\t\t<a href='https:\/\/cuernavaca.gob.mx\/?attachment_id=51599'><img width=\"150\" height=\"150\" src=\"https:\/\/cuernavaca.gob.mx\/wp-content\/uploads\/2025\/07\/ALCALDE-JOSE\u0301-LUIS-URIO\u0301STEGUI-HACE-UN-LLAMADO-A-LA-UNIDAD-Y-LA-CONSTRUCCIO\u0301N-DE-LA-PAZ-4-150x150.jpg\" class=\"attachment-thumbnail size-thumbnail\" alt=\"\" loading=\"lazy\" \/><\/a>\n\t\t\t<\/dt><\/dl>\n\t\t\t<br style='clear: both' \/>\n\t\t<\/div>\n\n<p>&nbsp;<\/p>\n","protected":false},"excerpt":{"rendered":"<p>Al hacer un llamado a la construcci\u00f3n de la paz, el presidente municipal de Cuernavaca, Jos\u00e9 Luis Uri\u00f3stegui Salgado, subray\u00f3 la importancia de la colaboraci\u00f3n entre los distintos niveles de gobierno y la sociedad civil. Durante una reuni\u00f3n con integrantes de la Asociaci\u00f3n de Abogadas del Estado de Morelos, el alcalde se\u00f1al\u00f3 que lo que [&hellip;]<\/p>\n","protected":false},"author":1,"featured_media":51598,"comment_status":"closed","ping_status":"open","sticky":false,"template":"","format":"standard","meta":[],"categories":[20],"tags":[1184,121,120,2266,206,127],"aioseo_notices":[],"_links":{"self":[{"href":"https:\/\/cuernavaca.gob.mx\/index.php?rest_route=\/wp\/v2\/posts\/51595"}],"collection":[{"href":"https:\/\/cuernavaca.gob.mx\/index.php?rest_route=\/wp\/v2\/posts"}],"about":[{"href":"https:\/\/cuernavaca.gob.mx\/index.php?rest_route=\/wp\/v2\/types\/post"}],"author":[{"embeddable":true,"href":"https:\/\/cuernavaca.gob.mx\/index.php?rest_route=\/wp\/v2\/users\/1"}],"replies":[{"embeddable":true,"href":"https:\/\/cuernavaca.gob.mx\/index.php?rest_route=%2Fwp%2Fv2%2Fcomments&post=51595"}],"version-history":[{"count":1,"href":"https:\/\/cuernavaca.gob.mx\/index.php?rest_route=\/wp\/v2\/posts\/51595\/revisions"}],"predecessor-version":[{"id":51600,"href":"https:\/\/cuernavaca.gob.mx\/index.php?rest_route=\/wp\/v2\/posts\/51595\/revisions\/51600"}],"wp:featuredmedia":[{"embeddable":true,"href":"https:\/\/cuernavaca.gob.mx\/index.php?rest_route=\/wp\/v2\/media\/51598"}],"wp:attachment":[{"href":"https:\/\/cuernavaca.gob.mx\/index.php?rest_route=%2Fwp%2Fv2%2Fmedia&parent=51595"}],"wp:term":[{"taxonomy":"category","embeddable":true,"href":"https:\/\/cuernavaca.gob.mx\/index.php?rest_route=%2Fwp%2Fv2%2Fcategories&post=51595"},{"taxonomy":"post_tag","embeddable":true,"href":"https:\/\/cuernavaca.gob.mx\/index.php?rest_route=%2Fwp%2Fv2%2Ftags&post=51595"}],"curies":[{"name":"wp","href":"https:\/\/api.w.org\/{rel}","templated":true}]}}