{"id":51601,"date":"2025-07-19T18:00:03","date_gmt":"2025-07-20T00:00:03","guid":{"rendered":"https:\/\/cuernavaca.gob.mx\/?p=51601"},"modified":"2025-07-20T23:13:09","modified_gmt":"2025-07-21T05:13:09","slug":"cuernavaca-vibro-con-la-inauguracion-del-cuarto-festival-cultural-de-verano-2025","status":"publish","type":"post","link":"https:\/\/cuernavaca.gob.mx\/?p=51601","title":{"rendered":"B414 20\/07\/25 CUERNAVACA VIBR\u00d3 CON LA INAUGURACI\u00d3N DEL CUARTO FESTIVAL CULTURAL DE VERANO 2025"},"content":{"rendered":"<p><strong>* La alegr\u00eda, la m\u00fasica y la tradici\u00f3n llenaron el coraz\u00f3n de la ciudad en una fiesta para toda la familia<\/strong><\/p>\n<p>Con un desfile lleno de color, ritmo y tradici\u00f3n, Cuernavaca celebr\u00f3 este s\u00e1bado la inauguraci\u00f3n del Cuarto Festival Cultural de Verano 2025, una fiesta que une a las familias, honra nuestras ra\u00edces y convierte el espacio p\u00fablico en punto de encuentro. Esta iniciativa posiciona a la capital morelense como un referente de cultura viva, participaci\u00f3n comunitaria y promoci\u00f3n del patrimonio.<\/p>\n<p>Desde la calle Miguel Hidalgo hasta la explanada del Museo Regional de los Pueblos de Morelos (Palacio de Cort\u00e9s), decenas de chinelos encabezados por el alcalde de Cuernavaca, Jos\u00e9 Luis Uri\u00f3stegui Salgado, bailaron al son de la comparsa, marcando el inicio de una tarde inolvidable. En ese mismo escenario hist\u00f3rico se llev\u00f3 a cabo, por primera vez, un concurso de chinelos, que reuni\u00f3 a talentosos participantes de distintas edades, quienes revaloraron esta figura tradicional con creatividad, respeto y orgullo.<\/p>\n<p>Durante el acto inaugural, Jos\u00e9 Luis Uri\u00f3stegui Salgado, acompa\u00f1ado por su esposa Luz Mar\u00eda Zagal Guzm\u00e1n, presidenta del Sistema DIF Cuernavaca, destac\u00f3 que este festival representa una plataforma para visibilizar el talento local, fortalecer el tejido social y acercar el arte y la cultura a todas las personas, sin distinci\u00f3n.<\/p>\n<p>&#8220;Vamos a disfrutar de varios d\u00edas de eventos gratuitos en diferentes puntos de Cuernavaca: el Museo de la Ciudad, el kiosco, esta explanada. Disfruten de la gastronom\u00eda, de la calidez de nuestra gente, de los hoteles que nos distinguen y, sobre todo, de nuestras expresiones art\u00edsticas. Que el Cuarto Festival Cultural de Verano sea un espacio de diversi\u00f3n y reencuentro con nuestras ra\u00edces\u201d, subray\u00f3 el edil.<\/p>\n<p>A la inauguraci\u00f3n tambi\u00e9n asistieron las regidoras Erika Lastra Jaimes, Elia Ort\u00edz Garc\u00eda y Arnett Jim\u00e9nez Gaspar; la secretaria de Desarrollo Humano y Participaci\u00f3n Social, Sandra Pinz\u00f3n S\u00e1nchez; la secretaria de Administraci\u00f3n, Nuri Quiterio Trenado; el secretario de Desarrollo Sustentable y Servicios P\u00fablicos, Guillermo L\u00f3pez Mej\u00eda; el director general del Instituto de Cultura, Juan Contreras de Oteyza; as\u00ed como el director general de Atenci\u00f3n Ciudadana de la Secretar\u00eda de Gobierno estatal, Braulio Olivar Hern\u00e1ndez.<\/p>\n<p>La celebraci\u00f3n continua con un concierto especial a cargo de Alex Arroyo y la Orquesta Sou Jazz, quienes ofrecer\u00e1n una fusi\u00f3n musical que llenar\u00e1 de vida el centro hist\u00f3rico, promoviendo el disfrute colectivo y el di\u00e1logo entre generaciones a trav\u00e9s de la m\u00fasica.<\/p>\n<p>Las actividades del festival continuar\u00e1n este domingo 20 de julio a partir de las 16:00 horas en el Palacio de Cort\u00e9s, con presentaciones art\u00edsticas, m\u00fasica, danza y expresiones culturales que dan testimonio de la riqueza y diversidad de Cuernavaca y Morelos.<\/p>\n\n\t\t<style type=\"text\/css\">\n\t\t\t#gallery-1 {\n\t\t\t\tmargin: auto;\n\t\t\t}\n\t\t\t#gallery-1 .gallery-item {\n\t\t\t\tfloat: left;\n\t\t\t\tmargin-top: 10px;\n\t\t\t\ttext-align: center;\n\t\t\t\twidth: 33%;\n\t\t\t}\n\t\t\t#gallery-1 img {\n\t\t\t\tborder: 2px solid #cfcfcf;\n\t\t\t}\n\t\t\t#gallery-1 .gallery-caption {\n\t\t\t\tmargin-left: 0;\n\t\t\t}\n\t\t\t\/* see gallery_shortcode() in wp-includes\/media.php *\/\n\t\t<\/style>\n\t\t<div id='gallery-1' class='gallery galleryid-51601 gallery-columns-3 gallery-size-thumbnail'><dl class='gallery-item'>\n\t\t\t<dt class='gallery-icon landscape'>\n\t\t\t\t<a href='https:\/\/cuernavaca.gob.mx\/?attachment_id=51602'><img width=\"150\" height=\"150\" src=\"https:\/\/cuernavaca.gob.mx\/wp-content\/uploads\/2025\/07\/ALCALDE-JOSE\u0301-LUIS-URIO\u0301STEGUI-HACE-UN-LLAMADO-A-LA-UNIDAD-Y-LA-CONSTRUCCIO\u0301N-DE-LA-PAZ-2-1-150x150.jpg\" class=\"attachment-thumbnail size-thumbnail\" alt=\"\" loading=\"lazy\" \/><\/a>\n\t\t\t<\/dt><\/dl><dl class='gallery-item'>\n\t\t\t<dt class='gallery-icon landscape'>\n\t\t\t\t<a href='https:\/\/cuernavaca.gob.mx\/?attachment_id=51603'><img width=\"150\" height=\"150\" src=\"https:\/\/cuernavaca.gob.mx\/wp-content\/uploads\/2025\/07\/ALCALDE-JOSE\u0301-LUIS-URIO\u0301STEGUI-HACE-UN-LLAMADO-A-LA-UNIDAD-Y-LA-CONSTRUCCIO\u0301N-DE-LA-PAZ-3-1-150x150.jpg\" class=\"attachment-thumbnail size-thumbnail\" alt=\"\" loading=\"lazy\" \/><\/a>\n\t\t\t<\/dt><\/dl><dl class='gallery-item'>\n\t\t\t<dt class='gallery-icon landscape'>\n\t\t\t\t<a href='https:\/\/cuernavaca.gob.mx\/?attachment_id=51604'><img width=\"150\" height=\"150\" src=\"https:\/\/cuernavaca.gob.mx\/wp-content\/uploads\/2025\/07\/ALCALDE-JOSE\u0301-LUIS-URIO\u0301STEGUI-HACE-UN-LLAMADO-A-LA-UNIDAD-Y-LA-CONSTRUCCIO\u0301N-DE-LA-PAZ-4-1-150x150.jpg\" class=\"attachment-thumbnail size-thumbnail\" alt=\"\" loading=\"lazy\" \/><\/a>\n\t\t\t<\/dt><\/dl><br style=\"clear: both\" \/><dl class='gallery-item'>\n\t\t\t<dt class='gallery-icon landscape'>\n\t\t\t\t<a href='https:\/\/cuernavaca.gob.mx\/?attachment_id=51605'><img width=\"150\" height=\"150\" src=\"https:\/\/cuernavaca.gob.mx\/wp-content\/uploads\/2025\/07\/ALCALDE-JOSE\u0301-LUIS-URIO\u0301STEGUI-HACE-UN-LLAMADO-A-LA-UNIDAD-Y-LA-CONSTRUCCIO\u0301N-DE-LA-PAZ-5-150x150.jpg\" class=\"attachment-thumbnail size-thumbnail\" alt=\"\" loading=\"lazy\" \/><\/a>\n\t\t\t<\/dt><\/dl><dl class='gallery-item'>\n\t\t\t<dt class='gallery-icon landscape'>\n\t\t\t\t<a href='https:\/\/cuernavaca.gob.mx\/?attachment_id=51606'><img width=\"150\" height=\"150\" src=\"https:\/\/cuernavaca.gob.mx\/wp-content\/uploads\/2025\/07\/ALCALDE-JOSE\u0301-LUIS-URIO\u0301STEGUI-HACE-UN-LLAMADO-A-LA-UNIDAD-Y-LA-CONSTRUCCIO\u0301N-DE-LA-PAZ-6-150x150.jpg\" class=\"attachment-thumbnail size-thumbnail\" alt=\"\" loading=\"lazy\" \/><\/a>\n\t\t\t<\/dt><\/dl><dl class='gallery-item'>\n\t\t\t<dt class='gallery-icon landscape'>\n\t\t\t\t<a href='https:\/\/cuernavaca.gob.mx\/?attachment_id=51607'><img width=\"150\" height=\"150\" src=\"https:\/\/cuernavaca.gob.mx\/wp-content\/uploads\/2025\/07\/ALCALDE-JOSE\u0301-LUIS-URIO\u0301STEGUI-HACE-UN-LLAMADO-A-LA-UNIDAD-Y-LA-CONSTRUCCIO\u0301N-DE-LA-PAZ-7-150x150.jpg\" class=\"attachment-thumbnail size-thumbnail\" alt=\"\" loading=\"lazy\" \/><\/a>\n\t\t\t<\/dt><\/dl><br style=\"clear: both\" \/><dl class='gallery-item'>\n\t\t\t<dt class='gallery-icon landscape'>\n\t\t\t\t<a href='https:\/\/cuernavaca.gob.mx\/?attachment_id=51608'><img width=\"150\" height=\"150\" src=\"https:\/\/cuernavaca.gob.mx\/wp-content\/uploads\/2025\/07\/ALCALDE-JOSE\u0301-LUIS-URIO\u0301STEGUI-HACE-UN-LLAMADO-A-LA-UNIDAD-Y-LA-CONSTRUCCIO\u0301N-DE-LA-PAZ-8-150x150.jpg\" class=\"attachment-thumbnail size-thumbnail\" alt=\"\" loading=\"lazy\" \/><\/a>\n\t\t\t<\/dt><\/dl><dl class='gallery-item'>\n\t\t\t<dt class='gallery-icon landscape'>\n\t\t\t\t<a href='https:\/\/cuernavaca.gob.mx\/?attachment_id=51609'><img width=\"150\" height=\"150\" src=\"https:\/\/cuernavaca.gob.mx\/wp-content\/uploads\/2025\/07\/CUERNAVACA-VIBRO\u0301-CON-LA-INAUGURACIO\u0301N-DEL-CUARTO-FESTIVAL-CULTURAL-DE-VERANO-2025--150x150.jpg\" class=\"attachment-thumbnail size-thumbnail\" alt=\"\" loading=\"lazy\" \/><\/a>\n\t\t\t<\/dt><\/dl>\n\t\t\t<br style='clear: both' \/>\n\t\t<\/div>\n\n","protected":false},"excerpt":{"rendered":"<p>* La alegr\u00eda, la m\u00fasica y la tradici\u00f3n llenaron el coraz\u00f3n de la ciudad en una fiesta para toda la familia Con un desfile lleno de color, ritmo y tradici\u00f3n, Cuernavaca celebr\u00f3 este s\u00e1bado la inauguraci\u00f3n del Cuarto Festival Cultural de Verano 2025, una fiesta que une a las familias, honra nuestras ra\u00edces y convierte [&hellip;]<\/p>\n","protected":false},"author":1,"featured_media":51605,"comment_status":"closed","ping_status":"open","sticky":false,"template":"","format":"standard","meta":[],"categories":[21],"tags":[121,4177,1922,2565,2337,1882,120,206,127],"aioseo_notices":[],"_links":{"self":[{"href":"https:\/\/cuernavaca.gob.mx\/index.php?rest_route=\/wp\/v2\/posts\/51601"}],"collection":[{"href":"https:\/\/cuernavaca.gob.mx\/index.php?rest_route=\/wp\/v2\/posts"}],"about":[{"href":"https:\/\/cuernavaca.gob.mx\/index.php?rest_route=\/wp\/v2\/types\/post"}],"author":[{"embeddable":true,"href":"https:\/\/cuernavaca.gob.mx\/index.php?rest_route=\/wp\/v2\/users\/1"}],"replies":[{"embeddable":true,"href":"https:\/\/cuernavaca.gob.mx\/index.php?rest_route=%2Fwp%2Fv2%2Fcomments&post=51601"}],"version-history":[{"count":2,"href":"https:\/\/cuernavaca.gob.mx\/index.php?rest_route=\/wp\/v2\/posts\/51601\/revisions"}],"predecessor-version":[{"id":51621,"href":"https:\/\/cuernavaca.gob.mx\/index.php?rest_route=\/wp\/v2\/posts\/51601\/revisions\/51621"}],"wp:featuredmedia":[{"embeddable":true,"href":"https:\/\/cuernavaca.gob.mx\/index.php?rest_route=\/wp\/v2\/media\/51605"}],"wp:attachment":[{"href":"https:\/\/cuernavaca.gob.mx\/index.php?rest_route=%2Fwp%2Fv2%2Fmedia&parent=51601"}],"wp:term":[{"taxonomy":"category","embeddable":true,"href":"https:\/\/cuernavaca.gob.mx\/index.php?rest_route=%2Fwp%2Fv2%2Fcategories&post=51601"},{"taxonomy":"post_tag","embeddable":true,"href":"https:\/\/cuernavaca.gob.mx\/index.php?rest_route=%2Fwp%2Fv2%2Ftags&post=51601"}],"curies":[{"name":"wp","href":"https:\/\/api.w.org\/{rel}","templated":true}]}}