{"id":51611,"date":"2025-07-20T10:05:56","date_gmt":"2025-07-20T16:05:56","guid":{"rendered":"https:\/\/cuernavaca.gob.mx\/?p=51611"},"modified":"2025-07-20T23:08:13","modified_gmt":"2025-07-21T05:08:13","slug":"b415-20-07-25-cuernavaca-te-recibe-con-los-brazos-abiertos-este-verano","status":"publish","type":"post","link":"https:\/\/cuernavaca.gob.mx\/?p=51611","title":{"rendered":"B415 20\/07\/25 CUERNAVACA TE RECIBE CON LOS BRAZOS ABIERTOS ESTE VERANO"},"content":{"rendered":"<p><strong>\u2022 La SDEyT Cuernavaca impulsa la capacitaci\u00f3n de j\u00f3venes y personal clave para brindar atenci\u00f3n tur\u00edstica de calidad en puntos estrat\u00e9gicos de la ciudad<\/strong><\/p>\n<p>En un esfuerzo por mejorar la atenci\u00f3n a nuestros turistas y visitantes durante esta temporada de verano, la Secretar\u00eda de Desarrollo Econ\u00f3mico y Turismo (SDEyT) de Cuernavaca ha puesto en marcha un programa de capacitaci\u00f3n integral dirigido a j\u00f3venes estudiantes y personal clave que estar\u00e1 atendiendo a los visitantes en los M\u00f3dulos Tur\u00edsticos ubicados en puntos estrat\u00e9gicos de la ciudad capital.<\/p>\n<p>A trav\u00e9s de esta iniciativa, estudiantes de diversas preparatorias y universidades del municipio realizar\u00e1n su servicio social en los m\u00f3dulos tur\u00edsticos durante las vacaciones de verano. Las y los j\u00f3venes recibir\u00e1n formaci\u00f3n especializada que les permitir\u00e1 ofrecer un servicio eficiente y de calidad, reflejando el compromiso de Cuernavaca por ofrecer una atenci\u00f3n excepcional a quienes eligen nuestra ciudad como su destino.<\/p>\n<p>Cabe se\u00f1alar que la capacitaci\u00f3n, implementada por la Direcci\u00f3n de Promoci\u00f3n Tur\u00edstica del Municipio de Cuernavaca, no solo estuvo dirigida a estudiantes, sino tambi\u00e9n a gu\u00edas de turistas y al personal de las Secretar\u00edas de Desarrollo Humano y Participaci\u00f3n Social (SDHyPS), y de Desarrollo Sustentable y Servicios P\u00fablicos (SDSySP), quienes cumplen funciones relacionadas con la atenci\u00f3n a los turistas. Con esta acci\u00f3n, se busca asegurar que todas las personas involucradas en el sector tur\u00edstico de Cuernavaca est\u00e9n bien preparadas para brindar una informaci\u00f3n precisa sobre los atractivos tur\u00edsticos y las experiencias que ofrece la ciudad.<\/p>\n<p>Durante esta jornada de formaci\u00f3n, se proporcionaron herramientas y conocimientos que garantizar\u00e1n una gu\u00eda eficiente, as\u00ed como un trato cordial y personalizado a los visitantes. Adem\u00e1s, se hizo \u00e9nfasis en los valores que han hecho de Cuernavaca un destino tur\u00edstico preferido: hospitalidad, amabilidad y calidez.<\/p>\n<p>El objetivo de esta capacitaci\u00f3n es que, al final de cada visita, los turistas se lleven la mejor impresi\u00f3n de nuestra ciudad, con informaci\u00f3n completa sobre nuestros lugares emblem\u00e1ticos, atractivos tur\u00edsticos y recursos culturales, consolidando a Cuernavaca como un referente en turismo cultural y de descanso en el estado y a nivel nacional.<\/p>\n<p>Con esta acci\u00f3n, el Ayuntamiento de Cuernavaca, encabezado por el alcalde Jos\u00e9 Luis Uri\u00f3stegui Salgado, reitera su compromiso con la excelencia en el servicio y con el desarrollo econ\u00f3mico de la regi\u00f3n, promoviendo la sostenibilidad y el bienestar tanto de los residentes como de quienes visitan nuestra ciudad.<\/p>\n\n\t\t<style type=\"text\/css\">\n\t\t\t#gallery-1 {\n\t\t\t\tmargin: auto;\n\t\t\t}\n\t\t\t#gallery-1 .gallery-item {\n\t\t\t\tfloat: left;\n\t\t\t\tmargin-top: 10px;\n\t\t\t\ttext-align: center;\n\t\t\t\twidth: 33%;\n\t\t\t}\n\t\t\t#gallery-1 img {\n\t\t\t\tborder: 2px solid #cfcfcf;\n\t\t\t}\n\t\t\t#gallery-1 .gallery-caption {\n\t\t\t\tmargin-left: 0;\n\t\t\t}\n\t\t\t\/* see gallery_shortcode() in wp-includes\/media.php *\/\n\t\t<\/style>\n\t\t<div id='gallery-1' class='gallery galleryid-51611 gallery-columns-3 gallery-size-thumbnail'><dl class='gallery-item'>\n\t\t\t<dt class='gallery-icon landscape'>\n\t\t\t\t<a href='https:\/\/cuernavaca.gob.mx\/?attachment_id=51612'><img width=\"150\" height=\"150\" src=\"https:\/\/cuernavaca.gob.mx\/wp-content\/uploads\/2025\/07\/CUERNAVACA-TE-RECIBE-CON-LOS-BRAZOS-ABIERTOS-ESTE-VERANO-1-150x150.jpg\" class=\"attachment-thumbnail size-thumbnail\" alt=\"\" loading=\"lazy\" \/><\/a>\n\t\t\t<\/dt><\/dl><dl class='gallery-item'>\n\t\t\t<dt class='gallery-icon landscape'>\n\t\t\t\t<a href='https:\/\/cuernavaca.gob.mx\/?attachment_id=51613'><img width=\"150\" height=\"150\" src=\"https:\/\/cuernavaca.gob.mx\/wp-content\/uploads\/2025\/07\/CUERNAVACA-TE-RECIBE-CON-LOS-BRAZOS-ABIERTOS-ESTE-VERANO-2-150x150.jpg\" class=\"attachment-thumbnail size-thumbnail\" alt=\"\" loading=\"lazy\" \/><\/a>\n\t\t\t<\/dt><\/dl>\n\t\t\t<br style='clear: both' \/>\n\t\t<\/div>\n\n","protected":false},"excerpt":{"rendered":"<p>\u2022 La SDEyT Cuernavaca impulsa la capacitaci\u00f3n de j\u00f3venes y personal clave para brindar atenci\u00f3n tur\u00edstica de calidad en puntos estrat\u00e9gicos de la ciudad En un esfuerzo por mejorar la atenci\u00f3n a nuestros turistas y visitantes durante esta temporada de verano, la Secretar\u00eda de Desarrollo Econ\u00f3mico y Turismo (SDEyT) de Cuernavaca ha puesto en marcha [&hellip;]<\/p>\n","protected":false},"author":1,"featured_media":51613,"comment_status":"closed","ping_status":"open","sticky":false,"template":"","format":"standard","meta":[],"categories":[21],"tags":[681,121,120,127,194],"aioseo_notices":[],"_links":{"self":[{"href":"https:\/\/cuernavaca.gob.mx\/index.php?rest_route=\/wp\/v2\/posts\/51611"}],"collection":[{"href":"https:\/\/cuernavaca.gob.mx\/index.php?rest_route=\/wp\/v2\/posts"}],"about":[{"href":"https:\/\/cuernavaca.gob.mx\/index.php?rest_route=\/wp\/v2\/types\/post"}],"author":[{"embeddable":true,"href":"https:\/\/cuernavaca.gob.mx\/index.php?rest_route=\/wp\/v2\/users\/1"}],"replies":[{"embeddable":true,"href":"https:\/\/cuernavaca.gob.mx\/index.php?rest_route=%2Fwp%2Fv2%2Fcomments&post=51611"}],"version-history":[{"count":1,"href":"https:\/\/cuernavaca.gob.mx\/index.php?rest_route=\/wp\/v2\/posts\/51611\/revisions"}],"predecessor-version":[{"id":51614,"href":"https:\/\/cuernavaca.gob.mx\/index.php?rest_route=\/wp\/v2\/posts\/51611\/revisions\/51614"}],"wp:featuredmedia":[{"embeddable":true,"href":"https:\/\/cuernavaca.gob.mx\/index.php?rest_route=\/wp\/v2\/media\/51613"}],"wp:attachment":[{"href":"https:\/\/cuernavaca.gob.mx\/index.php?rest_route=%2Fwp%2Fv2%2Fmedia&parent=51611"}],"wp:term":[{"taxonomy":"category","embeddable":true,"href":"https:\/\/cuernavaca.gob.mx\/index.php?rest_route=%2Fwp%2Fv2%2Fcategories&post=51611"},{"taxonomy":"post_tag","embeddable":true,"href":"https:\/\/cuernavaca.gob.mx\/index.php?rest_route=%2Fwp%2Fv2%2Ftags&post=51611"}],"curies":[{"name":"wp","href":"https:\/\/api.w.org\/{rel}","templated":true}]}}