{"id":51615,"date":"2025-07-20T11:00:45","date_gmt":"2025-07-20T17:00:45","guid":{"rendered":"https:\/\/cuernavaca.gob.mx\/?p=51615"},"modified":"2025-07-20T23:11:32","modified_gmt":"2025-07-21T05:11:32","slug":"atienden-seprac-auxilios-tras-la-lluvia-del-sabado","status":"publish","type":"post","link":"https:\/\/cuernavaca.gob.mx\/?p=51615","title":{"rendered":"Atienden SEPRAC auxilios tras la lluvia del s\u00e1bado"},"content":{"rendered":"<p>Derivado de la lluvia registrada durante la tarde-noche del s\u00e1bado, se atendieron diversos reportes relacionados con la ca\u00edda de ramas y \u00e1rboles en distintas colonias de Cuernavaca.<\/p>\n<p>Las incidencias fueron atendidas por las \u00e1reas correspondientes de la Secretar\u00eda de Protecci\u00f3n y Auxilio Ciudadano (SEPRAC) de manera oportuna sin que se registraran personas lesionadas.<\/p>\n<p>\u26a0\ufe0f Servicios atendidos:<\/p>\n<p>\u2022Ca\u00edda de rama en \u00c1vila Camacho, Col. La Pradera.<br \/>\n\u2022Ca\u00edda de rama en Juan Ruiz de Alarc\u00f3n, Col. Altavista.<br \/>\n\u2022\u00c1rbol ca\u00eddo en Calle 3, Col. Lomas de Atzingo.<br \/>\n\u2022Ca\u00edda de rama en Netzahualc\u00f3yotl, Col. Centro.<\/p>\n<p>La SEPRAC exhorta a la ciudadan\u00eda a tomar precauciones durante eventos climatol\u00f3gicos.<\/p>\n<p>\ud83d\udcf1Ante cualquier situaci\u00f3n de riesgo marcar al #C4 777-312-12-74.<\/p>\n<p>&nbsp;<\/p>\n\n\t\t<style type=\"text\/css\">\n\t\t\t#gallery-1 {\n\t\t\t\tmargin: auto;\n\t\t\t}\n\t\t\t#gallery-1 .gallery-item {\n\t\t\t\tfloat: left;\n\t\t\t\tmargin-top: 10px;\n\t\t\t\ttext-align: center;\n\t\t\t\twidth: 33%;\n\t\t\t}\n\t\t\t#gallery-1 img {\n\t\t\t\tborder: 2px solid #cfcfcf;\n\t\t\t}\n\t\t\t#gallery-1 .gallery-caption {\n\t\t\t\tmargin-left: 0;\n\t\t\t}\n\t\t\t\/* see gallery_shortcode() in wp-includes\/media.php *\/\n\t\t<\/style>\n\t\t<div id='gallery-1' class='gallery galleryid-51615 gallery-columns-3 gallery-size-thumbnail'><dl class='gallery-item'>\n\t\t\t<dt class='gallery-icon landscape'>\n\t\t\t\t<a href='https:\/\/cuernavaca.gob.mx\/?attachment_id=51616'><img width=\"150\" height=\"150\" src=\"https:\/\/cuernavaca.gob.mx\/wp-content\/uploads\/2025\/07\/Atienden-SEPRAC-auxilios-tras-la-lluvia-del-sa\u0301bado-1-150x150.jpg\" class=\"attachment-thumbnail size-thumbnail\" alt=\"\" loading=\"lazy\" \/><\/a>\n\t\t\t<\/dt><\/dl><dl class='gallery-item'>\n\t\t\t<dt class='gallery-icon landscape'>\n\t\t\t\t<a href='https:\/\/cuernavaca.gob.mx\/?attachment_id=51617'><img width=\"150\" height=\"150\" src=\"https:\/\/cuernavaca.gob.mx\/wp-content\/uploads\/2025\/07\/Atienden-SEPRAC-auxilios-tras-la-lluvia-del-sa\u0301bado-2-150x150.jpg\" class=\"attachment-thumbnail size-thumbnail\" alt=\"\" loading=\"lazy\" \/><\/a>\n\t\t\t<\/dt><\/dl><dl class='gallery-item'>\n\t\t\t<dt class='gallery-icon landscape'>\n\t\t\t\t<a href='https:\/\/cuernavaca.gob.mx\/?attachment_id=51618'><img width=\"150\" height=\"150\" src=\"https:\/\/cuernavaca.gob.mx\/wp-content\/uploads\/2025\/07\/Atienden-SEPRAC-auxilios-tras-la-lluvia-del-sa\u0301bado-3-150x150.jpg\" class=\"attachment-thumbnail size-thumbnail\" alt=\"\" loading=\"lazy\" \/><\/a>\n\t\t\t<\/dt><\/dl><br style=\"clear: both\" \/><dl class='gallery-item'>\n\t\t\t<dt class='gallery-icon portrait'>\n\t\t\t\t<a href='https:\/\/cuernavaca.gob.mx\/?attachment_id=51619'><img width=\"150\" height=\"150\" src=\"https:\/\/cuernavaca.gob.mx\/wp-content\/uploads\/2025\/07\/Atienden-SEPRAC-auxilios-tras-la-lluvia-del-sa\u0301bado-4-150x150.jpg\" class=\"attachment-thumbnail size-thumbnail\" alt=\"\" loading=\"lazy\" \/><\/a>\n\t\t\t<\/dt><\/dl>\n\t\t\t<br style='clear: both' \/>\n\t\t<\/div>\n\n","protected":false},"excerpt":{"rendered":"<p>Derivado de la lluvia registrada durante la tarde-noche del s\u00e1bado, se atendieron diversos reportes relacionados con la ca\u00edda de ramas y \u00e1rboles en distintas colonias de Cuernavaca. Las incidencias fueron atendidas por las \u00e1reas correspondientes de la Secretar\u00eda de Protecci\u00f3n y Auxilio Ciudadano (SEPRAC) de manera oportuna sin que se registraran personas lesionadas. \u26a0\ufe0f Servicios [&hellip;]<\/p>\n","protected":false},"author":1,"featured_media":51617,"comment_status":"closed","ping_status":"open","sticky":false,"template":"","format":"standard","meta":[],"categories":[1],"tags":[],"aioseo_notices":[],"_links":{"self":[{"href":"https:\/\/cuernavaca.gob.mx\/index.php?rest_route=\/wp\/v2\/posts\/51615"}],"collection":[{"href":"https:\/\/cuernavaca.gob.mx\/index.php?rest_route=\/wp\/v2\/posts"}],"about":[{"href":"https:\/\/cuernavaca.gob.mx\/index.php?rest_route=\/wp\/v2\/types\/post"}],"author":[{"embeddable":true,"href":"https:\/\/cuernavaca.gob.mx\/index.php?rest_route=\/wp\/v2\/users\/1"}],"replies":[{"embeddable":true,"href":"https:\/\/cuernavaca.gob.mx\/index.php?rest_route=%2Fwp%2Fv2%2Fcomments&post=51615"}],"version-history":[{"count":1,"href":"https:\/\/cuernavaca.gob.mx\/index.php?rest_route=\/wp\/v2\/posts\/51615\/revisions"}],"predecessor-version":[{"id":51620,"href":"https:\/\/cuernavaca.gob.mx\/index.php?rest_route=\/wp\/v2\/posts\/51615\/revisions\/51620"}],"wp:featuredmedia":[{"embeddable":true,"href":"https:\/\/cuernavaca.gob.mx\/index.php?rest_route=\/wp\/v2\/media\/51617"}],"wp:attachment":[{"href":"https:\/\/cuernavaca.gob.mx\/index.php?rest_route=%2Fwp%2Fv2%2Fmedia&parent=51615"}],"wp:term":[{"taxonomy":"category","embeddable":true,"href":"https:\/\/cuernavaca.gob.mx\/index.php?rest_route=%2Fwp%2Fv2%2Fcategories&post=51615"},{"taxonomy":"post_tag","embeddable":true,"href":"https:\/\/cuernavaca.gob.mx\/index.php?rest_route=%2Fwp%2Fv2%2Ftags&post=51615"}],"curies":[{"name":"wp","href":"https:\/\/api.w.org\/{rel}","templated":true}]}}