{"id":51622,"date":"2025-07-21T08:00:58","date_gmt":"2025-07-21T14:00:58","guid":{"rendered":"https:\/\/cuernavaca.gob.mx\/?p=51622"},"modified":"2025-07-21T12:59:34","modified_gmt":"2025-07-21T18:59:34","slug":"b416-21-07-25-la-cultura-y-el-arte-transforman-el-corazon-de-cuernavaca-en-el-segundo-dia-del-cuarto-festival-cultural-de-verano-2025","status":"publish","type":"post","link":"https:\/\/cuernavaca.gob.mx\/?p=51622","title":{"rendered":"B416 21\/07\/25 LA CULTURA Y EL ARTE TRANSFORMAN EL CORAZ\u00d3N DE CUERNAVACA EN EL SEGUNDO D\u00cdA DEL CUARTO FESTIVAL CULTURAL DE VERANO 2025"},"content":{"rendered":"<p><strong>\u2022 M\u00fasica, historia y talento se unieron este domingo en un ambiente 100% familiar y comunitario que hizo vibrar el coraz\u00f3n de Cuernavaca<\/strong><\/p>\n<p>El Cuarto Festival Cultural de Verano Cuernavaca 2025, organizado por el Ayuntamiento de Cuernavaca, vivi\u00f3 una jornada memorable en su segundo d\u00eda, acercando la cultura y el arte a cientos de personas que se dieron cita en el primer cuadro de la ciudad para disfrutar de espect\u00e1culos gratuitos de gran calidad.<\/p>\n<p>La explanada del Museo Regional de los Pueblos de Morelos (Palacio de Cort\u00e9s) se convirti\u00f3 una vez m\u00e1s en un gran escenario al aire libre, donde la tarde inici\u00f3 con la energ\u00eda juvenil de la Orquesta Yamaha Music School, que emocion\u00f3 con su talento a las familias presentes. Posteriormente, la Orquesta de la Secretar\u00eda de Seguridad P\u00fablica y Protecci\u00f3n Ciudadana de Morelos ofreci\u00f3 un repertorio vibrante que uni\u00f3 m\u00fasica y vocaci\u00f3n de servicio.<\/p>\n<p>Uno de los momentos m\u00e1s emotivos fue la presentaci\u00f3n del Mariachi Nacional de la Guardia Nacional, que con su fuerza interpretativa y tradici\u00f3n mexicana hizo cantar al p\u00fablico temas cl\u00e1sicos de nuestro folclore. M\u00e1s tarde, la elegancia de la Orquesta de C\u00e1mara de la Academia Suzuki &#8220;Hagamos M\u00fasica en Discovery\u201d llen\u00f3 la tarde de armon\u00eda y sensibilidad musical, preparando el ambiente para el cierre de la jornada con la agrupaci\u00f3n Larghetto Live, que fusion\u00f3 estilos contempor\u00e1neos y cl\u00e1sicos para deleite de todas las edades.<\/p>\n<p>Simult\u00e1neamente, la oferta cultural se ampli\u00f3 con la exposici\u00f3n fotogr\u00e1fica &#8220;Cuernavaca a trav\u00e9s del tiempo\u201d, instalada en el Kiosco del Jard\u00edn Ju\u00e1rez, que invita a redescubrir la memoria visual de la ciudad a trav\u00e9s de im\u00e1genes que narran su evoluci\u00f3n. Adem\u00e1s, el Museo de la Ciudad de Cuernavaca (MuCiC), una de las sedes principales del festival, fue escenario del concierto &#8220;Sue\u00f1o de una noche de verano\u201d, interpretado por el reconocido pianista taiwan\u00e9s Chiu Yu Chen, quien ofreci\u00f3 un recital cargado de t\u00e9cnica, emotividad y sensibilidad internacional.<\/p>\n<p>El alcalde Jos\u00e9 Luis Uri\u00f3stegui Salgado reiter\u00f3 que &#8220;en comunidad somos mejores\u201d, por lo cual este festival no solo busca el disfrute art\u00edstico, sino tambi\u00e9n el fortalecimiento del tejido social mediante espacios de encuentro, identidad y cultura.<\/p>\n<p>El Cuarto Festival Cultural de Verano continuar\u00e1 con m\u00e1s actividades durante los pr\u00f3ximos d\u00edas, consolid\u00e1ndose como una plataforma que celebra el talento, la diversidad y la riqueza cultural de Cuernavaca.<\/p>\n<p>La programaci\u00f3n completa de este Festival est\u00e1 disponible en la p\u00e1gina oficial del Municipio de Cuernavaca o visita \ud83d\udc49https:\/\/shorturl.at\/Q6FNs<br \/>\nwww.cuernavaca.gob.mx<\/p>\n\n\t\t<style type=\"text\/css\">\n\t\t\t#gallery-1 {\n\t\t\t\tmargin: auto;\n\t\t\t}\n\t\t\t#gallery-1 .gallery-item {\n\t\t\t\tfloat: left;\n\t\t\t\tmargin-top: 10px;\n\t\t\t\ttext-align: center;\n\t\t\t\twidth: 33%;\n\t\t\t}\n\t\t\t#gallery-1 img {\n\t\t\t\tborder: 2px solid #cfcfcf;\n\t\t\t}\n\t\t\t#gallery-1 .gallery-caption {\n\t\t\t\tmargin-left: 0;\n\t\t\t}\n\t\t\t\/* see gallery_shortcode() in wp-includes\/media.php *\/\n\t\t<\/style>\n\t\t<div id='gallery-1' class='gallery galleryid-51622 gallery-columns-3 gallery-size-thumbnail'><dl class='gallery-item'>\n\t\t\t<dt class='gallery-icon landscape'>\n\t\t\t\t<a href='https:\/\/cuernavaca.gob.mx\/?attachment_id=51623'><img width=\"150\" height=\"150\" src=\"https:\/\/cuernavaca.gob.mx\/wp-content\/uploads\/2025\/07\/LA-CULTURA-Y-EL-ARTE-TRANSFORMAN-EL-CORAZO\u0301N-DE-CUERNAVACA-EN-EL-SEGUNDO-DI\u0301A-DEL-CUARTO-FESTIVAL-CULTURAL-DE-VERANO-2025-1-150x150.jpg\" class=\"attachment-thumbnail size-thumbnail\" alt=\"\" loading=\"lazy\" \/><\/a>\n\t\t\t<\/dt><\/dl><dl class='gallery-item'>\n\t\t\t<dt class='gallery-icon landscape'>\n\t\t\t\t<a href='https:\/\/cuernavaca.gob.mx\/?attachment_id=51624'><img width=\"150\" height=\"150\" src=\"https:\/\/cuernavaca.gob.mx\/wp-content\/uploads\/2025\/07\/LA-CULTURA-Y-EL-ARTE-TRANSFORMAN-EL-CORAZO\u0301N-DE-CUERNAVACA-EN-EL-SEGUNDO-DI\u0301A-DEL-CUARTO-FESTIVAL-CULTURAL-DE-VERANO-2025-2-150x150.jpg\" class=\"attachment-thumbnail size-thumbnail\" alt=\"\" loading=\"lazy\" \/><\/a>\n\t\t\t<\/dt><\/dl><dl class='gallery-item'>\n\t\t\t<dt class='gallery-icon landscape'>\n\t\t\t\t<a href='https:\/\/cuernavaca.gob.mx\/?attachment_id=51625'><img width=\"150\" height=\"150\" src=\"https:\/\/cuernavaca.gob.mx\/wp-content\/uploads\/2025\/07\/LA-CULTURA-Y-EL-ARTE-TRANSFORMAN-EL-CORAZO\u0301N-DE-CUERNAVACA-EN-EL-SEGUNDO-DI\u0301A-DEL-CUARTO-FESTIVAL-CULTURAL-DE-VERANO-2025-3-150x150.jpg\" class=\"attachment-thumbnail size-thumbnail\" alt=\"\" loading=\"lazy\" \/><\/a>\n\t\t\t<\/dt><\/dl><br style=\"clear: both\" \/><dl class='gallery-item'>\n\t\t\t<dt class='gallery-icon landscape'>\n\t\t\t\t<a href='https:\/\/cuernavaca.gob.mx\/?attachment_id=51626'><img width=\"150\" height=\"150\" src=\"https:\/\/cuernavaca.gob.mx\/wp-content\/uploads\/2025\/07\/LA-CULTURA-Y-EL-ARTE-TRANSFORMAN-EL-CORAZO\u0301N-DE-CUERNAVACA-EN-EL-SEGUNDO-DI\u0301A-DEL-CUARTO-FESTIVAL-CULTURAL-DE-VERANO-2025-4-150x150.jpg\" class=\"attachment-thumbnail size-thumbnail\" alt=\"\" loading=\"lazy\" \/><\/a>\n\t\t\t<\/dt><\/dl><dl class='gallery-item'>\n\t\t\t<dt class='gallery-icon landscape'>\n\t\t\t\t<a href='https:\/\/cuernavaca.gob.mx\/?attachment_id=51627'><img width=\"150\" height=\"150\" src=\"https:\/\/cuernavaca.gob.mx\/wp-content\/uploads\/2025\/07\/LA-CULTURA-Y-EL-ARTE-TRANSFORMAN-EL-CORAZO\u0301N-DE-CUERNAVACA-EN-EL-SEGUNDO-DI\u0301A-DEL-CUARTO-FESTIVAL-CULTURAL-DE-VERANO-2025-5-150x150.jpg\" class=\"attachment-thumbnail size-thumbnail\" alt=\"\" loading=\"lazy\" \/><\/a>\n\t\t\t<\/dt><\/dl><dl class='gallery-item'>\n\t\t\t<dt class='gallery-icon landscape'>\n\t\t\t\t<a href='https:\/\/cuernavaca.gob.mx\/?attachment_id=51628'><img width=\"150\" height=\"150\" src=\"https:\/\/cuernavaca.gob.mx\/wp-content\/uploads\/2025\/07\/LA-CULTURA-Y-EL-ARTE-TRANSFORMAN-EL-CORAZO\u0301N-DE-CUERNAVACA-EN-EL-SEGUNDO-DI\u0301A-DEL-CUARTO-FESTIVAL-CULTURAL-DE-VERANO-2025-6-150x150.jpg\" class=\"attachment-thumbnail size-thumbnail\" alt=\"\" loading=\"lazy\" \/><\/a>\n\t\t\t<\/dt><\/dl><br style=\"clear: both\" \/><dl class='gallery-item'>\n\t\t\t<dt class='gallery-icon landscape'>\n\t\t\t\t<a href='https:\/\/cuernavaca.gob.mx\/?attachment_id=51629'><img width=\"150\" height=\"150\" src=\"https:\/\/cuernavaca.gob.mx\/wp-content\/uploads\/2025\/07\/LA-CULTURA-Y-EL-ARTE-TRANSFORMAN-EL-CORAZO\u0301N-DE-CUERNAVACA-EN-EL-SEGUNDO-DI\u0301A-DEL-CUARTO-FESTIVAL-CULTURAL-DE-VERANO-2025-7-150x150.jpg\" class=\"attachment-thumbnail size-thumbnail\" alt=\"\" loading=\"lazy\" \/><\/a>\n\t\t\t<\/dt><\/dl><dl class='gallery-item'>\n\t\t\t<dt class='gallery-icon landscape'>\n\t\t\t\t<a href='https:\/\/cuernavaca.gob.mx\/?attachment_id=51630'><img width=\"150\" height=\"150\" src=\"https:\/\/cuernavaca.gob.mx\/wp-content\/uploads\/2025\/07\/LA-CULTURA-Y-EL-ARTE-TRANSFORMAN-EL-CORAZO\u0301N-DE-CUERNAVACA-EN-EL-SEGUNDO-DI\u0301A-DEL-CUARTO-FESTIVAL-CULTURAL-DE-VERANO-2025-8-150x150.jpg\" class=\"attachment-thumbnail size-thumbnail\" alt=\"\" loading=\"lazy\" \/><\/a>\n\t\t\t<\/dt><\/dl><dl class='gallery-item'>\n\t\t\t<dt class='gallery-icon landscape'>\n\t\t\t\t<a href='https:\/\/cuernavaca.gob.mx\/?attachment_id=51631'><img width=\"150\" height=\"150\" src=\"https:\/\/cuernavaca.gob.mx\/wp-content\/uploads\/2025\/07\/LA-CULTURA-Y-EL-ARTE-TRANSFORMAN-EL-CORAZO\u0301N-DE-CUERNAVACA-EN-EL-SEGUNDO-DI\u0301A-DEL-CUARTO-FESTIVAL-CULTURAL-DE-VERANO-2025-9-150x150.jpg\" class=\"attachment-thumbnail size-thumbnail\" alt=\"\" loading=\"lazy\" \/><\/a>\n\t\t\t<\/dt><\/dl><br style=\"clear: both\" \/>\n\t\t<\/div>\n\n","protected":false},"excerpt":{"rendered":"<p>\u2022 M\u00fasica, historia y talento se unieron este domingo en un ambiente 100% familiar y comunitario que hizo vibrar el coraz\u00f3n de Cuernavaca El Cuarto Festival Cultural de Verano Cuernavaca 2025, organizado por el Ayuntamiento de Cuernavaca, vivi\u00f3 una jornada memorable en su segundo d\u00eda, acercando la cultura y el arte a cientos de personas [&hellip;]<\/p>\n","protected":false},"author":1,"featured_media":51628,"comment_status":"closed","ping_status":"open","sticky":false,"template":"","format":"standard","meta":[],"categories":[21],"tags":[121,1882,120,206,127,194],"aioseo_notices":[],"_links":{"self":[{"href":"https:\/\/cuernavaca.gob.mx\/index.php?rest_route=\/wp\/v2\/posts\/51622"}],"collection":[{"href":"https:\/\/cuernavaca.gob.mx\/index.php?rest_route=\/wp\/v2\/posts"}],"about":[{"href":"https:\/\/cuernavaca.gob.mx\/index.php?rest_route=\/wp\/v2\/types\/post"}],"author":[{"embeddable":true,"href":"https:\/\/cuernavaca.gob.mx\/index.php?rest_route=\/wp\/v2\/users\/1"}],"replies":[{"embeddable":true,"href":"https:\/\/cuernavaca.gob.mx\/index.php?rest_route=%2Fwp%2Fv2%2Fcomments&post=51622"}],"version-history":[{"count":1,"href":"https:\/\/cuernavaca.gob.mx\/index.php?rest_route=\/wp\/v2\/posts\/51622\/revisions"}],"predecessor-version":[{"id":51632,"href":"https:\/\/cuernavaca.gob.mx\/index.php?rest_route=\/wp\/v2\/posts\/51622\/revisions\/51632"}],"wp:featuredmedia":[{"embeddable":true,"href":"https:\/\/cuernavaca.gob.mx\/index.php?rest_route=\/wp\/v2\/media\/51628"}],"wp:attachment":[{"href":"https:\/\/cuernavaca.gob.mx\/index.php?rest_route=%2Fwp%2Fv2%2Fmedia&parent=51622"}],"wp:term":[{"taxonomy":"category","embeddable":true,"href":"https:\/\/cuernavaca.gob.mx\/index.php?rest_route=%2Fwp%2Fv2%2Fcategories&post=51622"},{"taxonomy":"post_tag","embeddable":true,"href":"https:\/\/cuernavaca.gob.mx\/index.php?rest_route=%2Fwp%2Fv2%2Ftags&post=51622"}],"curies":[{"name":"wp","href":"https:\/\/api.w.org\/{rel}","templated":true}]}}