{"id":51633,"date":"2025-07-21T09:00:53","date_gmt":"2025-07-21T15:00:53","guid":{"rendered":"https:\/\/cuernavaca.gob.mx\/?p=51633"},"modified":"2025-07-21T13:02:24","modified_gmt":"2025-07-21T19:02:24","slug":"b417-21-07-25-refrenda-cuernavaca-su-compromiso-con-el-talento-local-al-autorizar-nuevas-becas-artisticas-y-culturales","status":"publish","type":"post","link":"https:\/\/cuernavaca.gob.mx\/?p=51633","title":{"rendered":"B417 21\/07\/25 REFRENDA CUERNAVACA SU COMPROMISO CON EL TALENTO LOCAL AL AUTORIZAR NUEVAS BECAS ART\u00cdSTICAS Y CULTURALES"},"content":{"rendered":"<p>REFRENDA CUERNAVACA SU COMPROMISO CON EL TALENTO LOCAL AL AUTORIZAR NUEVAS BECAS ART\u00cdSTICAS Y CULTURALES<\/p>\n<p>* Se autorizaron 40 becas para artistas y deportistas que representar\u00e1n a Cuernavaca en competencias nacionales e internacionales<br \/>\nEl Ayuntamiento de Cuernavaca, encabezado por el presidente municipal, Jos\u00e9 Luis Uri\u00f3stegui Salgado, contin\u00faa fortaleciendo el desarrollo del talento local con la entrega de becas art\u00edsticas y deportivas que brindan oportunidades reales para que cuernavacenses destaquen en escenarios nacionales e internacionales, poniendo en alto el nombre de Cuernavaca y de Morelos.<\/p>\n<p>Durante la m\u00e1s reciente sesi\u00f3n del Consejo Municipal para la Evaluaci\u00f3n, Entrega y Seguimiento de Becas, se aprobaron 31 becas art\u00edsticas y 9 deportivas que cumplieron con todos los requisitos establecidos en las convocatorias correspondientes.<\/p>\n<p>Este apoyo econ\u00f3mico representa una herramienta clave para que las y los beneficiarios puedan continuar su preparaci\u00f3n y participaci\u00f3n en competencias y actividades en distintos estados del pa\u00eds, como en este caso el Estado de M\u00e9xico, Chihuahua, Guerrero y Yucat\u00e1n, as\u00ed como en el extranjero, incluyendo Reino Unido, Estados Unidos, Canad\u00e1, Australia, Emiratos \u00c1rabes Unidos, Per\u00fa y Paraguay.<\/p>\n<p>Uno de los beneficiarios destacados en esta edici\u00f3n es Paulo Strehlke Delgado, joven medallista en la disciplina de nado en aguas abiertas, quien pr\u00f3ximamente competir\u00e1 en los Juegos Panamericanos que se celebrar\u00e1n en Paraguay y a quien el municipio ha apoyado en diversas competencia e incluso reconociendo su talento.<\/p>\n<p>El alcalde Jos\u00e9 Luis Uri\u00f3stegui se\u00f1al\u00f3 que este programa ha sido una pieza fundamental en la estrategia de apoyo al talento local, no solo en el \u00e1mbito art\u00edstico y deportivo, sino tambi\u00e9n en el educativo y social. Record\u00f3 que, adem\u00e1s de estas becas, el municipio impulsa apoyos para estudiantes de nivel b\u00e1sico en condiciones de vulnerabilidad y con excelencia acad\u00e9mica, as\u00ed como el programa de estancias infantiles, que garantiza el desarrollo pleno y seguro de la primera infancia.<\/p>\n<p>Con estas acciones, el Gobierno Municipal reafirma su compromiso con la educaci\u00f3n, la cultura, el deporte y el bienestar integral de las familias cuernavacenses.<\/p>\n\n\t\t<style type=\"text\/css\">\n\t\t\t#gallery-1 {\n\t\t\t\tmargin: auto;\n\t\t\t}\n\t\t\t#gallery-1 .gallery-item {\n\t\t\t\tfloat: left;\n\t\t\t\tmargin-top: 10px;\n\t\t\t\ttext-align: center;\n\t\t\t\twidth: 33%;\n\t\t\t}\n\t\t\t#gallery-1 img {\n\t\t\t\tborder: 2px solid #cfcfcf;\n\t\t\t}\n\t\t\t#gallery-1 .gallery-caption {\n\t\t\t\tmargin-left: 0;\n\t\t\t}\n\t\t\t\/* see gallery_shortcode() in wp-includes\/media.php *\/\n\t\t<\/style>\n\t\t<div id='gallery-1' class='gallery galleryid-51633 gallery-columns-3 gallery-size-thumbnail'><dl class='gallery-item'>\n\t\t\t<dt class='gallery-icon landscape'>\n\t\t\t\t<a href='https:\/\/cuernavaca.gob.mx\/?attachment_id=51634'><img width=\"150\" height=\"150\" src=\"https:\/\/cuernavaca.gob.mx\/wp-content\/uploads\/2025\/07\/REFRENDA-CUERNAVACA-SU-COMPROMISO-CON-EL-TALENTO-LOCAL-AL-AUTORIZAR-NUEVAS-BECAS-ARTI\u0301STICAS-Y-CULTURALES-1-150x150.jpg\" class=\"attachment-thumbnail size-thumbnail\" alt=\"\" loading=\"lazy\" \/><\/a>\n\t\t\t<\/dt><\/dl><dl class='gallery-item'>\n\t\t\t<dt class='gallery-icon landscape'>\n\t\t\t\t<a href='https:\/\/cuernavaca.gob.mx\/?attachment_id=51635'><img width=\"150\" height=\"150\" src=\"https:\/\/cuernavaca.gob.mx\/wp-content\/uploads\/2025\/07\/REFRENDA-CUERNAVACA-SU-COMPROMISO-CON-EL-TALENTO-LOCAL-AL-AUTORIZAR-NUEVAS-BECAS-ARTI\u0301STICAS-Y-CULTURALES-2-150x150.jpg\" class=\"attachment-thumbnail size-thumbnail\" alt=\"\" loading=\"lazy\" \/><\/a>\n\t\t\t<\/dt><\/dl><dl class='gallery-item'>\n\t\t\t<dt class='gallery-icon landscape'>\n\t\t\t\t<a href='https:\/\/cuernavaca.gob.mx\/?attachment_id=51636'><img width=\"150\" height=\"150\" src=\"https:\/\/cuernavaca.gob.mx\/wp-content\/uploads\/2025\/07\/REFRENDA-CUERNAVACA-SU-COMPROMISO-CON-EL-TALENTO-LOCAL-AL-AUTORIZAR-NUEVAS-BECAS-ARTI\u0301STICAS-Y-CULTURALES-3-150x150.jpg\" class=\"attachment-thumbnail size-thumbnail\" alt=\"\" loading=\"lazy\" \/><\/a>\n\t\t\t<\/dt><\/dl><br style=\"clear: both\" \/><dl class='gallery-item'>\n\t\t\t<dt class='gallery-icon landscape'>\n\t\t\t\t<a href='https:\/\/cuernavaca.gob.mx\/?attachment_id=51637'><img width=\"150\" height=\"150\" src=\"https:\/\/cuernavaca.gob.mx\/wp-content\/uploads\/2025\/07\/REFRENDA-CUERNAVACA-SU-COMPROMISO-CON-EL-TALENTO-LOCAL-AL-AUTORIZAR-NUEVAS-BECAS-ARTI\u0301STICAS-Y-CULTURALES-4-150x150.jpg\" class=\"attachment-thumbnail size-thumbnail\" alt=\"\" loading=\"lazy\" \/><\/a>\n\t\t\t<\/dt><\/dl>\n\t\t\t<br style='clear: both' \/>\n\t\t<\/div>\n\n","protected":false},"excerpt":{"rendered":"<p>REFRENDA CUERNAVACA SU COMPROMISO CON EL TALENTO LOCAL AL AUTORIZAR NUEVAS BECAS ART\u00cdSTICAS Y CULTURALES * Se autorizaron 40 becas para artistas y deportistas que representar\u00e1n a Cuernavaca en competencias nacionales e internacionales El Ayuntamiento de Cuernavaca, encabezado por el presidente municipal, Jos\u00e9 Luis Uri\u00f3stegui Salgado, contin\u00faa fortaleciendo el desarrollo del talento local con la [&hellip;]<\/p>\n","protected":false},"author":1,"featured_media":51637,"comment_status":"closed","ping_status":"open","sticky":false,"template":"","format":"standard","meta":[],"categories":[862],"tags":[2153,2268,121,313,576,120,127],"aioseo_notices":[],"_links":{"self":[{"href":"https:\/\/cuernavaca.gob.mx\/index.php?rest_route=\/wp\/v2\/posts\/51633"}],"collection":[{"href":"https:\/\/cuernavaca.gob.mx\/index.php?rest_route=\/wp\/v2\/posts"}],"about":[{"href":"https:\/\/cuernavaca.gob.mx\/index.php?rest_route=\/wp\/v2\/types\/post"}],"author":[{"embeddable":true,"href":"https:\/\/cuernavaca.gob.mx\/index.php?rest_route=\/wp\/v2\/users\/1"}],"replies":[{"embeddable":true,"href":"https:\/\/cuernavaca.gob.mx\/index.php?rest_route=%2Fwp%2Fv2%2Fcomments&post=51633"}],"version-history":[{"count":1,"href":"https:\/\/cuernavaca.gob.mx\/index.php?rest_route=\/wp\/v2\/posts\/51633\/revisions"}],"predecessor-version":[{"id":51638,"href":"https:\/\/cuernavaca.gob.mx\/index.php?rest_route=\/wp\/v2\/posts\/51633\/revisions\/51638"}],"wp:featuredmedia":[{"embeddable":true,"href":"https:\/\/cuernavaca.gob.mx\/index.php?rest_route=\/wp\/v2\/media\/51637"}],"wp:attachment":[{"href":"https:\/\/cuernavaca.gob.mx\/index.php?rest_route=%2Fwp%2Fv2%2Fmedia&parent=51633"}],"wp:term":[{"taxonomy":"category","embeddable":true,"href":"https:\/\/cuernavaca.gob.mx\/index.php?rest_route=%2Fwp%2Fv2%2Fcategories&post=51633"},{"taxonomy":"post_tag","embeddable":true,"href":"https:\/\/cuernavaca.gob.mx\/index.php?rest_route=%2Fwp%2Fv2%2Ftags&post=51633"}],"curies":[{"name":"wp","href":"https:\/\/api.w.org\/{rel}","templated":true}]}}