{"id":51639,"date":"2025-07-21T11:30:38","date_gmt":"2025-07-21T17:30:38","guid":{"rendered":"https:\/\/cuernavaca.gob.mx\/?p=51639"},"modified":"2025-07-21T13:09:13","modified_gmt":"2025-07-21T19:09:13","slug":"f56-21-07-25-refrendan-colaboracion-ayuntamiento-de-cuernavaca-e-issste-en-beneficio-de-trabajadores-municipales","status":"publish","type":"post","link":"https:\/\/cuernavaca.gob.mx\/?p=51639","title":{"rendered":"F56 21\/07\/25 REFRENDAN COLABORACI\u00d3N AYUNTAMIENTO DE CUERNAVACA E ISSSTE EN BENEFICIO DE TRABAJADORES MUNICIPALES"},"content":{"rendered":"<p>El alcalde de Cuernavaca, Jos\u00e9 Luis Uri\u00f3stegui Salgado, se reuni\u00f3 este lunes con autoridades del Instituto de Seguridad y Servicios Sociales de los Trabajadores del Estado (ISSSTE) en Morelos, para refrendar el compromiso de fortalecer la atenci\u00f3n m\u00e9dica y la capacitaci\u00f3n en salud para las y los trabajadores municipales derechohabientes.<\/p>\n<p>Durante el encuentro, realizado en la Presidencia Municipal, se acord\u00f3 establecer una agenda de colaboraci\u00f3n enfocada en atender de manera integral las necesidades de salud del personal municipal y sus familias, con acciones preventivas que mejoren su calidad de vida, como capacitaciones en salud.<\/p>\n<p>En la reuni\u00f3n participaron tambi\u00e9n las regidoras Paz Hern\u00e1ndez Pardo, Erika Lastra Jaimes, Elia Ortiz Garc\u00eda, Arnett Jim\u00e9nez Gaspar y el regidor Sergio Bar\u00f3n Pulido, quienes respaldaron este esfuerzo conjunto a favor del bienestar de las y los trabajadores del Ayuntamiento.<\/p>\n\n\t\t<style type=\"text\/css\">\n\t\t\t#gallery-1 {\n\t\t\t\tmargin: auto;\n\t\t\t}\n\t\t\t#gallery-1 .gallery-item {\n\t\t\t\tfloat: left;\n\t\t\t\tmargin-top: 10px;\n\t\t\t\ttext-align: center;\n\t\t\t\twidth: 33%;\n\t\t\t}\n\t\t\t#gallery-1 img {\n\t\t\t\tborder: 2px solid #cfcfcf;\n\t\t\t}\n\t\t\t#gallery-1 .gallery-caption {\n\t\t\t\tmargin-left: 0;\n\t\t\t}\n\t\t\t\/* see gallery_shortcode() in wp-includes\/media.php *\/\n\t\t<\/style>\n\t\t<div id='gallery-1' class='gallery galleryid-51639 gallery-columns-3 gallery-size-thumbnail'><dl class='gallery-item'>\n\t\t\t<dt class='gallery-icon landscape'>\n\t\t\t\t<a href='https:\/\/cuernavaca.gob.mx\/?attachment_id=51640'><img width=\"150\" height=\"150\" src=\"https:\/\/cuernavaca.gob.mx\/wp-content\/uploads\/2025\/07\/REFRENDAN-COLABORACIO\u0301N-AYUNTAMIENTO-DE-CUERNAVACA-E-ISSSTE-EN-BENEFICIO-DE-TRABAJADORES-MUNICIPALES-1-150x150.jpg\" class=\"attachment-thumbnail size-thumbnail\" alt=\"\" loading=\"lazy\" \/><\/a>\n\t\t\t<\/dt><\/dl><dl class='gallery-item'>\n\t\t\t<dt class='gallery-icon landscape'>\n\t\t\t\t<a href='https:\/\/cuernavaca.gob.mx\/?attachment_id=51641'><img width=\"150\" height=\"150\" src=\"https:\/\/cuernavaca.gob.mx\/wp-content\/uploads\/2025\/07\/REFRENDAN-COLABORACIO\u0301N-AYUNTAMIENTO-DE-CUERNAVACA-E-ISSSTE-EN-BENEFICIO-DE-TRABAJADORES-MUNICIPALES-2-150x150.jpg\" class=\"attachment-thumbnail size-thumbnail\" alt=\"\" loading=\"lazy\" \/><\/a>\n\t\t\t<\/dt><\/dl><dl class='gallery-item'>\n\t\t\t<dt class='gallery-icon landscape'>\n\t\t\t\t<a href='https:\/\/cuernavaca.gob.mx\/?attachment_id=51642'><img width=\"150\" height=\"150\" src=\"https:\/\/cuernavaca.gob.mx\/wp-content\/uploads\/2025\/07\/REFRENDAN-COLABORACIO\u0301N-AYUNTAMIENTO-DE-CUERNAVACA-E-ISSSTE-EN-BENEFICIO-DE-TRABAJADORES-MUNICIPALES-3-150x150.jpg\" class=\"attachment-thumbnail size-thumbnail\" alt=\"\" loading=\"lazy\" \/><\/a>\n\t\t\t<\/dt><\/dl><br style=\"clear: both\" \/>\n\t\t<\/div>\n\n<p>&nbsp;<\/p>\n","protected":false},"excerpt":{"rendered":"<p>El alcalde de Cuernavaca, Jos\u00e9 Luis Uri\u00f3stegui Salgado, se reuni\u00f3 este lunes con autoridades del Instituto de Seguridad y Servicios Sociales de los Trabajadores del Estado (ISSSTE) en Morelos, para refrendar el compromiso de fortalecer la atenci\u00f3n m\u00e9dica y la capacitaci\u00f3n en salud para las y los trabajadores municipales derechohabientes. Durante el encuentro, realizado en [&hellip;]<\/p>\n","protected":false},"author":1,"featured_media":51640,"comment_status":"closed","ping_status":"open","sticky":false,"template":"","format":"standard","meta":[],"categories":[20],"tags":[121,120,127,154,161],"aioseo_notices":[],"_links":{"self":[{"href":"https:\/\/cuernavaca.gob.mx\/index.php?rest_route=\/wp\/v2\/posts\/51639"}],"collection":[{"href":"https:\/\/cuernavaca.gob.mx\/index.php?rest_route=\/wp\/v2\/posts"}],"about":[{"href":"https:\/\/cuernavaca.gob.mx\/index.php?rest_route=\/wp\/v2\/types\/post"}],"author":[{"embeddable":true,"href":"https:\/\/cuernavaca.gob.mx\/index.php?rest_route=\/wp\/v2\/users\/1"}],"replies":[{"embeddable":true,"href":"https:\/\/cuernavaca.gob.mx\/index.php?rest_route=%2Fwp%2Fv2%2Fcomments&post=51639"}],"version-history":[{"count":1,"href":"https:\/\/cuernavaca.gob.mx\/index.php?rest_route=\/wp\/v2\/posts\/51639\/revisions"}],"predecessor-version":[{"id":51643,"href":"https:\/\/cuernavaca.gob.mx\/index.php?rest_route=\/wp\/v2\/posts\/51639\/revisions\/51643"}],"wp:featuredmedia":[{"embeddable":true,"href":"https:\/\/cuernavaca.gob.mx\/index.php?rest_route=\/wp\/v2\/media\/51640"}],"wp:attachment":[{"href":"https:\/\/cuernavaca.gob.mx\/index.php?rest_route=%2Fwp%2Fv2%2Fmedia&parent=51639"}],"wp:term":[{"taxonomy":"category","embeddable":true,"href":"https:\/\/cuernavaca.gob.mx\/index.php?rest_route=%2Fwp%2Fv2%2Fcategories&post=51639"},{"taxonomy":"post_tag","embeddable":true,"href":"https:\/\/cuernavaca.gob.mx\/index.php?rest_route=%2Fwp%2Fv2%2Ftags&post=51639"}],"curies":[{"name":"wp","href":"https:\/\/api.w.org\/{rel}","templated":true}]}}