{"id":51656,"date":"2025-07-18T18:00:53","date_gmt":"2025-07-19T00:00:53","guid":{"rendered":"https:\/\/cuernavaca.gob.mx\/?p=51656"},"modified":"2025-07-21T13:40:32","modified_gmt":"2025-07-21T19:40:32","slug":"b408-18-07-25-el-arte-y-la-tradicion-siguen-llenando-de-vida-a-cuernavaca-con-el-cuarto-festival-cultural-de-verano-2025","status":"publish","type":"post","link":"https:\/\/cuernavaca.gob.mx\/?p=51656","title":{"rendered":"B408 18\/07\/25 EL ARTE Y LA TRADICI\u00d3N SIGUEN LLENANDO DE VIDA A CUERNAVACA CON EL CUARTO FESTIVAL CULTURAL DE VERANO 2025"},"content":{"rendered":"<p><strong>\u2022 Del 19 al 27 de julio, la ciudad vibrar\u00e1 con m\u00fasica, danza y expresiones que honran nuestra identidad morelense<\/strong><\/p>\n<p>El presidente municipal de Cuernavaca, Jos\u00e9 Luis Uri\u00f3stegui Salgado, invita a las y los ciudadanos, as\u00ed como a visitantes locales, nacionales y extranjeros, a ser parte del Cuarto Festival Cultural de Verano 2025, una celebraci\u00f3n que ya es referente en Morelos y a nivel nacional, y que este a\u00f1o regresa con m\u00e1s fuerza, identidad y talento.<\/p>\n<p>El festival se llevar\u00e1 a cabo del s\u00e1bado 19 al domingo 27 de julio, con una extensa y variada programaci\u00f3n art\u00edstica en distintos puntos de la ciudad, destacando el Museo de la Ciudad de Cuernavaca (MuCiC) y la explanada del Museo Regional de los Pueblos de Morelos (Palacio de Cort\u00e9s) como sede principal, donde desde las 16:00 horas del d\u00eda inaugural se ofrecer\u00e1n espect\u00e1culos de gran calidad que integran la m\u00fasica y las tradiciones populares.<\/p>\n<p>Uri\u00f3stegui Salgado resalt\u00f3 que este evento, impulsado desde su primera administraci\u00f3n, fortalece el tejido social y proyecta la riqueza cultural de Cuernavaca, al mismo tiempo que reactiva los espacios p\u00fablicos y fomenta la participaci\u00f3n de artistas locales y nacionales.<\/p>\n<p>La jornada inaugural comenzar\u00e1 a las 15:30 horas con un desfile de chinelos que recorrer\u00e1 el coraz\u00f3n de la ciudad llen\u00e1ndolo de color, m\u00fasica y alegr\u00eda, seguido de un concurso de chinelos abierto al p\u00fablico, donde se premiar\u00e1 la creatividad en la elaboraci\u00f3n de esta figura tradicional que representa el alma festiva de Morelos.<\/p>\n<p>Esa misma tarde, el escenario recibir\u00e1 al cantante Alex Arroyo a las 18:00 horas y a la Orquesta Sou Jazz a las 19:00 horas, quienes pondr\u00e1n ritmo a una noche de encuentro y convivencia.<\/p>\n<p>El domingo 20 de julio, la m\u00fasica continuar\u00e1 con la Orquesta de la Academia Yamaha (16:00 horas), la Orquesta de la Secretar\u00eda de Seguridad y Protecci\u00f3n Ciudadana de Morelos (17:00 horas), el Mariachi Nacional de la Guardia Nacional (18:00 horas), la Orquesta de C\u00e1mara de la Academia Suzuki (19:00 horas) y cerrar\u00e1 Larghetto Live a las 20:00 horas.<\/p>\n<p>El Cuarto Festival Cultural de Verano 2025 contar\u00e1 con presentaciones en el Centro Hist\u00f3rico, as\u00ed como en los poblados originarios de Cuernavaca, reforzando as\u00ed su vocaci\u00f3n incluyente y descentralizada.<\/p>\n<p>La programaci\u00f3n completa de este Festival est\u00e1 disponible en la p\u00e1gina oficial del Municipio de Cuernavaca o visita \ud83d\udc49https:\/\/shorturl.at\/Q6FNs<br \/>\nwww.cuernavaca.gob.mx Adem\u00e1s, algo muy importante es que todas las actividades son completamente gratuitas.<\/p>\n<p>\u00a1Cuernavaca te espera con los brazos abiertos para celebrar el arte, la tradici\u00f3n y la cultura en grande!<\/p>\n\n\t\t<style type=\"text\/css\">\n\t\t\t#gallery-1 {\n\t\t\t\tmargin: auto;\n\t\t\t}\n\t\t\t#gallery-1 .gallery-item {\n\t\t\t\tfloat: left;\n\t\t\t\tmargin-top: 10px;\n\t\t\t\ttext-align: center;\n\t\t\t\twidth: 33%;\n\t\t\t}\n\t\t\t#gallery-1 img {\n\t\t\t\tborder: 2px solid #cfcfcf;\n\t\t\t}\n\t\t\t#gallery-1 .gallery-caption {\n\t\t\t\tmargin-left: 0;\n\t\t\t}\n\t\t\t\/* see gallery_shortcode() in wp-includes\/media.php *\/\n\t\t<\/style>\n\t\t<div id='gallery-1' class='gallery galleryid-51656 gallery-columns-3 gallery-size-thumbnail'><dl class='gallery-item'>\n\t\t\t<dt class='gallery-icon portrait'>\n\t\t\t\t<a href='https:\/\/cuernavaca.gob.mx\/?attachment_id=51657'><img width=\"150\" height=\"150\" src=\"https:\/\/cuernavaca.gob.mx\/wp-content\/uploads\/2025\/07\/EL-ARTE-Y-LA-TRADICIO\u0301N-SIGUEN-LLENANDO-DE-VIDA-A-CUERNAVACA-CON-EL-CUARTO-FESTIVAL-CULTURAL-DE-VERANO-2025-1-150x150.jpg\" class=\"attachment-thumbnail size-thumbnail\" alt=\"\" loading=\"lazy\" \/><\/a>\n\t\t\t<\/dt><\/dl><dl class='gallery-item'>\n\t\t\t<dt class='gallery-icon portrait'>\n\t\t\t\t<a href='https:\/\/cuernavaca.gob.mx\/?attachment_id=51658'><img width=\"150\" height=\"150\" src=\"https:\/\/cuernavaca.gob.mx\/wp-content\/uploads\/2025\/07\/EL-ARTE-Y-LA-TRADICIO\u0301N-SIGUEN-LLENANDO-DE-VIDA-A-CUERNAVACA-CON-EL-CUARTO-FESTIVAL-CULTURAL-DE-VERANO-2025-150x150.jpg\" class=\"attachment-thumbnail size-thumbnail\" alt=\"\" loading=\"lazy\" \/><\/a>\n\t\t\t<\/dt><\/dl>\n\t\t\t<br style='clear: both' \/>\n\t\t<\/div>\n\n","protected":false},"excerpt":{"rendered":"<p>\u2022 Del 19 al 27 de julio, la ciudad vibrar\u00e1 con m\u00fasica, danza y expresiones que honran nuestra identidad morelense El presidente municipal de Cuernavaca, Jos\u00e9 Luis Uri\u00f3stegui Salgado, invita a las y los ciudadanos, as\u00ed como a visitantes locales, nacionales y extranjeros, a ser parte del Cuarto Festival Cultural de Verano 2025, una celebraci\u00f3n [&hellip;]<\/p>\n","protected":false},"author":1,"featured_media":51657,"comment_status":"closed","ping_status":"open","sticky":false,"template":"","format":"standard","meta":[],"categories":[21],"tags":[],"aioseo_notices":[],"_links":{"self":[{"href":"https:\/\/cuernavaca.gob.mx\/index.php?rest_route=\/wp\/v2\/posts\/51656"}],"collection":[{"href":"https:\/\/cuernavaca.gob.mx\/index.php?rest_route=\/wp\/v2\/posts"}],"about":[{"href":"https:\/\/cuernavaca.gob.mx\/index.php?rest_route=\/wp\/v2\/types\/post"}],"author":[{"embeddable":true,"href":"https:\/\/cuernavaca.gob.mx\/index.php?rest_route=\/wp\/v2\/users\/1"}],"replies":[{"embeddable":true,"href":"https:\/\/cuernavaca.gob.mx\/index.php?rest_route=%2Fwp%2Fv2%2Fcomments&post=51656"}],"version-history":[{"count":1,"href":"https:\/\/cuernavaca.gob.mx\/index.php?rest_route=\/wp\/v2\/posts\/51656\/revisions"}],"predecessor-version":[{"id":51659,"href":"https:\/\/cuernavaca.gob.mx\/index.php?rest_route=\/wp\/v2\/posts\/51656\/revisions\/51659"}],"wp:featuredmedia":[{"embeddable":true,"href":"https:\/\/cuernavaca.gob.mx\/index.php?rest_route=\/wp\/v2\/media\/51657"}],"wp:attachment":[{"href":"https:\/\/cuernavaca.gob.mx\/index.php?rest_route=%2Fwp%2Fv2%2Fmedia&parent=51656"}],"wp:term":[{"taxonomy":"category","embeddable":true,"href":"https:\/\/cuernavaca.gob.mx\/index.php?rest_route=%2Fwp%2Fv2%2Fcategories&post=51656"},{"taxonomy":"post_tag","embeddable":true,"href":"https:\/\/cuernavaca.gob.mx\/index.php?rest_route=%2Fwp%2Fv2%2Ftags&post=51656"}],"curies":[{"name":"wp","href":"https:\/\/api.w.org\/{rel}","templated":true}]}}