{"id":51666,"date":"2025-07-22T08:05:10","date_gmt":"2025-07-22T14:05:10","guid":{"rendered":"https:\/\/cuernavaca.gob.mx\/?p=51666"},"modified":"2025-07-22T10:12:39","modified_gmt":"2025-07-22T16:12:39","slug":"b419-22-07-25-el-festival-cultural-de-verano-cuernavaca-2025-llega-a-las-colonias-ocotepec-abre-la-cartelera-comunitaria-con-arte-tradicion-y-orgullo","status":"publish","type":"post","link":"https:\/\/cuernavaca.gob.mx\/?p=51666","title":{"rendered":"B419 22\/07\/25 EL FESTIVAL CULTURAL DE VERANO CUERNAVACA 2025 LLEGA A LAS COLONIAS: OCOTEPEC ABRE LA CARTELERA COMUNITARIA CON ARTE, TRADICI\u00d3N Y ORGULLO"},"content":{"rendered":"<p><strong>* Las actividades continuar\u00e1n durante la semana en distintas sedes, fortaleciendo la apropiaci\u00f3n cultural en colonias y poblados de la ciudad capital<\/strong><\/p>\n<p>Con el objetivo de que la cultura y la diversi\u00f3n sin costo lleguen a todas las familias, el Ayuntamiento de Cuernavaca por instrucciones del presidente municipal Jos\u00e9 Luis Uri\u00f3stegui Salgado, a trav\u00e9s de la Secretar\u00eda de Desarrollo Humano y Participaci\u00f3n Social, llev\u00f3 a cabo este martes el tercer d\u00eda de actividades del Cuarto Festival Cultural de Verano Cuernavaca 2025, con una jornada especial en el tradicional poblado de Ocotepec.<\/p>\n<p>La explanada de la Ayudant\u00eda se convirti\u00f3 en la sede comunitaria donde arranc\u00f3 la programaci\u00f3n descentralizada del festival, llevando el arte y las expresiones populares directamente a los barrios y colonias de la capital.<\/p>\n<p>En un ambiente festivo, ni\u00f1as, ni\u00f1os, j\u00f3venes y personas adultas disfrutaron de una muestra cultural llena de identidad, color y sabor: cartoner\u00eda, papel picado, gastronom\u00eda t\u00edpica, as\u00ed como elementos de las emblem\u00e1ticas ofrendas del D\u00eda de Muertos que tienen reconocimiento a nivel mundial.<\/p>\n<p>Uno de los momentos m\u00e1s significativos fue la presentaci\u00f3n de danzas tradicionales como la de Los Vaqueros y Los Tecuanes, que arrancaron aplausos y sonrisas entre el p\u00fablico asistente.<\/p>\n<p>Al evento acudieron la Secretaria de Desarrollo Humano y Participaci\u00f3n Social, Sandra Adelina Pinz\u00f3n S\u00e1nchez, y la regidora Elia Ortiz, quienes reconocieron la riqueza cultural del poblado y celebraron la activa participaci\u00f3n de sus habitantes.<\/p>\n<p>\u201cLa cultura no debe quedarse en el centro; tiene que caminar hacia nuestras comunidades, hacia donde est\u00e1n las familias que conservan y transmiten nuestras tradiciones\u201d, expres\u00f3 Pinz\u00f3n S\u00e1nchez, al reiterar que este festival es completamente gratuito y pensado para todas y todos.<\/p>\n<p>Las actividades continuar\u00e1n en otras sedes durante la semana, fortaleciendo la apropiaci\u00f3n cultural en colonias y poblados de Cuernavaca como parte del compromiso institucional con el bienestar comunitario.<\/p>\n<p>La cartelera completa se encuentra en las redes oficiales del Ayuntamiento de Cuernavaca.<\/p>\n\n\t\t<style type=\"text\/css\">\n\t\t\t#gallery-1 {\n\t\t\t\tmargin: auto;\n\t\t\t}\n\t\t\t#gallery-1 .gallery-item {\n\t\t\t\tfloat: left;\n\t\t\t\tmargin-top: 10px;\n\t\t\t\ttext-align: center;\n\t\t\t\twidth: 33%;\n\t\t\t}\n\t\t\t#gallery-1 img {\n\t\t\t\tborder: 2px solid #cfcfcf;\n\t\t\t}\n\t\t\t#gallery-1 .gallery-caption {\n\t\t\t\tmargin-left: 0;\n\t\t\t}\n\t\t\t\/* see gallery_shortcode() in wp-includes\/media.php *\/\n\t\t<\/style>\n\t\t<div id='gallery-1' class='gallery galleryid-51666 gallery-columns-3 gallery-size-thumbnail'><dl class='gallery-item'>\n\t\t\t<dt class='gallery-icon landscape'>\n\t\t\t\t<a href='https:\/\/cuernavaca.gob.mx\/?attachment_id=51667'><img width=\"150\" height=\"150\" src=\"https:\/\/cuernavaca.gob.mx\/wp-content\/uploads\/2025\/07\/EL-FESTIVAL-CULTURAL-DE-VERANO-CUERNAVACA-2025-LLEGA-A-LAS-COLONIAS-1-150x150.jpg\" class=\"attachment-thumbnail size-thumbnail\" alt=\"\" loading=\"lazy\" \/><\/a>\n\t\t\t<\/dt><\/dl><dl class='gallery-item'>\n\t\t\t<dt class='gallery-icon portrait'>\n\t\t\t\t<a href='https:\/\/cuernavaca.gob.mx\/?attachment_id=51668'><img width=\"150\" height=\"150\" src=\"https:\/\/cuernavaca.gob.mx\/wp-content\/uploads\/2025\/07\/EL-FESTIVAL-CULTURAL-DE-VERANO-CUERNAVACA-2025-LLEGA-A-LAS-COLONIAS-2-150x150.jpg\" class=\"attachment-thumbnail size-thumbnail\" alt=\"\" loading=\"lazy\" \/><\/a>\n\t\t\t<\/dt><\/dl><dl class='gallery-item'>\n\t\t\t<dt class='gallery-icon landscape'>\n\t\t\t\t<a href='https:\/\/cuernavaca.gob.mx\/?attachment_id=51669'><img width=\"150\" height=\"150\" src=\"https:\/\/cuernavaca.gob.mx\/wp-content\/uploads\/2025\/07\/EL-FESTIVAL-CULTURAL-DE-VERANO-CUERNAVACA-2025-LLEGA-A-LAS-COLONIAS-3-150x150.jpg\" class=\"attachment-thumbnail size-thumbnail\" alt=\"\" loading=\"lazy\" \/><\/a>\n\t\t\t<\/dt><\/dl><br style=\"clear: both\" \/><dl class='gallery-item'>\n\t\t\t<dt class='gallery-icon landscape'>\n\t\t\t\t<a href='https:\/\/cuernavaca.gob.mx\/?attachment_id=51670'><img width=\"150\" height=\"150\" src=\"https:\/\/cuernavaca.gob.mx\/wp-content\/uploads\/2025\/07\/EL-FESTIVAL-CULTURAL-DE-VERANO-CUERNAVACA-2025-LLEGA-A-LAS-COLONIAS-4-150x150.jpg\" class=\"attachment-thumbnail size-thumbnail\" alt=\"\" loading=\"lazy\" \/><\/a>\n\t\t\t<\/dt><\/dl><dl class='gallery-item'>\n\t\t\t<dt class='gallery-icon portrait'>\n\t\t\t\t<a href='https:\/\/cuernavaca.gob.mx\/?attachment_id=51671'><img width=\"150\" height=\"150\" src=\"https:\/\/cuernavaca.gob.mx\/wp-content\/uploads\/2025\/07\/EL-FESTIVAL-CULTURAL-DE-VERANO-CUERNAVACA-2025-LLEGA-A-LAS-COLONIAS-5-150x150.jpg\" class=\"attachment-thumbnail size-thumbnail\" alt=\"\" loading=\"lazy\" \/><\/a>\n\t\t\t<\/dt><\/dl><dl class='gallery-item'>\n\t\t\t<dt class='gallery-icon landscape'>\n\t\t\t\t<a href='https:\/\/cuernavaca.gob.mx\/?attachment_id=51672'><img width=\"150\" height=\"150\" src=\"https:\/\/cuernavaca.gob.mx\/wp-content\/uploads\/2025\/07\/EL-FESTIVAL-CULTURAL-DE-VERANO-CUERNAVACA-2025-LLEGA-A-LAS-COLONIAS-6-150x150.jpg\" class=\"attachment-thumbnail size-thumbnail\" alt=\"\" loading=\"lazy\" \/><\/a>\n\t\t\t<\/dt><\/dl><br style=\"clear: both\" \/>\n\t\t<\/div>\n\n","protected":false},"excerpt":{"rendered":"<p>* Las actividades continuar\u00e1n durante la semana en distintas sedes, fortaleciendo la apropiaci\u00f3n cultural en colonias y poblados de la ciudad capital Con el objetivo de que la cultura y la diversi\u00f3n sin costo lleguen a todas las familias, el Ayuntamiento de Cuernavaca por instrucciones del presidente municipal Jos\u00e9 Luis Uri\u00f3stegui Salgado, a trav\u00e9s de [&hellip;]<\/p>\n","protected":false},"author":1,"featured_media":51667,"comment_status":"closed","ping_status":"open","sticky":false,"template":"","format":"standard","meta":[],"categories":[21],"tags":[121,1922,2337,1882,120,127,1603],"aioseo_notices":[],"_links":{"self":[{"href":"https:\/\/cuernavaca.gob.mx\/index.php?rest_route=\/wp\/v2\/posts\/51666"}],"collection":[{"href":"https:\/\/cuernavaca.gob.mx\/index.php?rest_route=\/wp\/v2\/posts"}],"about":[{"href":"https:\/\/cuernavaca.gob.mx\/index.php?rest_route=\/wp\/v2\/types\/post"}],"author":[{"embeddable":true,"href":"https:\/\/cuernavaca.gob.mx\/index.php?rest_route=\/wp\/v2\/users\/1"}],"replies":[{"embeddable":true,"href":"https:\/\/cuernavaca.gob.mx\/index.php?rest_route=%2Fwp%2Fv2%2Fcomments&post=51666"}],"version-history":[{"count":1,"href":"https:\/\/cuernavaca.gob.mx\/index.php?rest_route=\/wp\/v2\/posts\/51666\/revisions"}],"predecessor-version":[{"id":51673,"href":"https:\/\/cuernavaca.gob.mx\/index.php?rest_route=\/wp\/v2\/posts\/51666\/revisions\/51673"}],"wp:featuredmedia":[{"embeddable":true,"href":"https:\/\/cuernavaca.gob.mx\/index.php?rest_route=\/wp\/v2\/media\/51667"}],"wp:attachment":[{"href":"https:\/\/cuernavaca.gob.mx\/index.php?rest_route=%2Fwp%2Fv2%2Fmedia&parent=51666"}],"wp:term":[{"taxonomy":"category","embeddable":true,"href":"https:\/\/cuernavaca.gob.mx\/index.php?rest_route=%2Fwp%2Fv2%2Fcategories&post=51666"},{"taxonomy":"post_tag","embeddable":true,"href":"https:\/\/cuernavaca.gob.mx\/index.php?rest_route=%2Fwp%2Fv2%2Ftags&post=51666"}],"curies":[{"name":"wp","href":"https:\/\/api.w.org\/{rel}","templated":true}]}}