{"id":51679,"date":"2025-07-22T10:35:12","date_gmt":"2025-07-22T16:35:12","guid":{"rendered":"https:\/\/cuernavaca.gob.mx\/?p=51679"},"modified":"2025-07-22T11:20:25","modified_gmt":"2025-07-22T17:20:25","slug":"b420-22-07-25-refuerza-gobierno-de-cuernavaca-la-dignificacion-policial-con-nueva-entrega-de-patrullas-y-equipamiento","status":"publish","type":"post","link":"https:\/\/cuernavaca.gob.mx\/?p=51679","title":{"rendered":"B420 22\/07\/25 REFUERZA GOBIERNO DE CUERNAVACA LA DIGNIFICACI\u00d3N POLICIAL CON NUEVA ENTREGA DE PATRULLAS Y EQUIPAMIENTO"},"content":{"rendered":"<p><strong>\u2022 Se invirtieron m\u00e1s de 22 millones de pesos en veh\u00edculos, uniformes y equipo de protecci\u00f3n para personal operativo y administrativo de SEPRAC<\/strong><\/p>\n<p>Reafirmando el compromiso de la administraci\u00f3n municipal con la dignificaci\u00f3n del trabajo policial y el fortalecimiento de la seguridad en Cuernavaca, este martes el Cabildo, encabezado por el alcalde Jos\u00e9 Luis Uri\u00f3stegui Salgado, realiz\u00f3 la entrega de patrullas y equipamiento a elementos de la Secretar\u00eda de Protecci\u00f3n y Auxilio Ciudadano (SEPRAC).<\/p>\n<p>Durante el acto, realizado en la explanada del Museo Regional de los Pueblos de Morelos (Palacio de Cort\u00e9s), Jos\u00e9 Luis Uri\u00f3stegui Salgado, acompa\u00f1ado de su esposa Luz Mar\u00eda Zagal Guzm\u00e1n, presidenta del Sistema Municipal DIF Cuernavaca, se\u00f1al\u00f3 que desde 2022 a la fecha se han implementado acciones para mejorar las condiciones laborales, ingresos y prestaciones del personal de seguridad. Adem\u00e1s, se ha priorizado la dotaci\u00f3n de equipamiento adecuado para que las y los elementos no enfrenten riesgos innecesarios durante el cumplimiento de su deber.<\/p>\n<p>En esta ocasi\u00f3n, con una inversi\u00f3n de 22 millones 853 mil pesos provenientes del Fondo de Aportaciones para el Fortalecimiento de los Municipios (FORTAMUN), se adquirieron y entregaron: 2 patrullas tipo sed\u00e1n, 8 patrullas tipo pick up, 1 pipa de agua, 2 gr\u00faas (una plataforma y una de gancho), 10 motocicletas, 861 uniformes completos para personal de Polic\u00eda Preventiva, Polic\u00eda Vial, Bomberos, Protecci\u00f3n Civil, C4, Param\u00e9dicos, Ingenier\u00eda Vial y administrativos, as\u00ed como 50 chalecos antibalas nivel III-A con dos placas de acero cada uno.<\/p>\n<p>\u201cHoy con esta entrega esperamos que la poblaci\u00f3n observe una mayor cercan\u00eda y presencia dentro de sus comunidades, porque la actividad de la polic\u00eda preventiva es de disuasi\u00f3n, de prevenci\u00f3n, para buscar que quienes pretenden cometer un delito desistan al ver a nuestras y nuestros elementos\u201d, se\u00f1al\u00f3 el edil capitalino.<\/p>\n<p>Como testigo de honor, la gobernadora Margarita Gonz\u00e1lez Saravia reconoci\u00f3 la colaboraci\u00f3n constante entre el Gobierno del Estado y el Ayuntamiento de Cuernavaca, destacando al alcalde Jos\u00e9 Luis Uri\u00f3stegui como un aliado estrat\u00e9gico en la coordinaci\u00f3n con las fuerzas federales y estatales, lo que ha permitido avances sustanciales en materia de seguridad para las y los habitantes de la ciudad capital que incluso han posicionado a la capital morelense como un ejemplo en la materia.<\/p>\n<p>En el evento estuvieron presentes la s\u00edndica municipal, Paula Trade Hidalgo; las regidoras Miriam Barajas Basilio, Erika Lastra Jaimes, Arnett Jim\u00e9nez Gaspar, Elia Ortiz Garc\u00eda, y Paz Hern\u00e1ndez Pardo; los regidores Hugo Bar\u00f3n Pulido, Salvador Aguilar Rea y Alfredo Gonz\u00e1lez S\u00e1nchez.<\/p>\n<p>Asimismo, el secretario de Gobierno, Juan Salgado Brito; el diputado local, Daniel Mart\u00ednez Terrazas; el secretario de Seguridad y Protecci\u00f3n Ciudadana, Miguel \u00c1ngel Urrutia Lozano; el fiscal regional metropolitano, Fernando Blumenkron Escobar; el secretario de Protecci\u00f3n y Auxilio Ciudadano de Cuernavaca (SEPRAC), Guillermo Garc\u00eda Delgado, e integrantes del gabinete municipal.<\/p>\n\n\t\t<style type=\"text\/css\">\n\t\t\t#gallery-1 {\n\t\t\t\tmargin: auto;\n\t\t\t}\n\t\t\t#gallery-1 .gallery-item {\n\t\t\t\tfloat: left;\n\t\t\t\tmargin-top: 10px;\n\t\t\t\ttext-align: center;\n\t\t\t\twidth: 33%;\n\t\t\t}\n\t\t\t#gallery-1 img {\n\t\t\t\tborder: 2px solid #cfcfcf;\n\t\t\t}\n\t\t\t#gallery-1 .gallery-caption {\n\t\t\t\tmargin-left: 0;\n\t\t\t}\n\t\t\t\/* see gallery_shortcode() in wp-includes\/media.php *\/\n\t\t<\/style>\n\t\t<div id='gallery-1' class='gallery galleryid-51679 gallery-columns-3 gallery-size-thumbnail'><dl class='gallery-item'>\n\t\t\t<dt class='gallery-icon landscape'>\n\t\t\t\t<a href='https:\/\/cuernavaca.gob.mx\/?attachment_id=51680'><img width=\"150\" height=\"150\" src=\"https:\/\/cuernavaca.gob.mx\/wp-content\/uploads\/2025\/07\/REFUERZA-GOBIERNO-DE-CUERNAVACA-LA-DIGNIFICACIO\u0301N-POLICIAL-CON-NUEVA-ENTREGA-DE-PATRULLAS-Y-EQUIPAMIENTO-1-150x150.jpg\" class=\"attachment-thumbnail size-thumbnail\" alt=\"\" loading=\"lazy\" \/><\/a>\n\t\t\t<\/dt><\/dl><dl class='gallery-item'>\n\t\t\t<dt class='gallery-icon landscape'>\n\t\t\t\t<a href='https:\/\/cuernavaca.gob.mx\/?attachment_id=51681'><img width=\"150\" height=\"150\" src=\"https:\/\/cuernavaca.gob.mx\/wp-content\/uploads\/2025\/07\/REFUERZA-GOBIERNO-DE-CUERNAVACA-LA-DIGNIFICACIO\u0301N-POLICIAL-CON-NUEVA-ENTREGA-DE-PATRULLAS-Y-EQUIPAMIENTO-2-150x150.jpg\" class=\"attachment-thumbnail size-thumbnail\" alt=\"\" loading=\"lazy\" \/><\/a>\n\t\t\t<\/dt><\/dl><dl class='gallery-item'>\n\t\t\t<dt class='gallery-icon landscape'>\n\t\t\t\t<a href='https:\/\/cuernavaca.gob.mx\/?attachment_id=51682'><img width=\"150\" height=\"150\" src=\"https:\/\/cuernavaca.gob.mx\/wp-content\/uploads\/2025\/07\/REFUERZA-GOBIERNO-DE-CUERNAVACA-LA-DIGNIFICACIO\u0301N-POLICIAL-CON-NUEVA-ENTREGA-DE-PATRULLAS-Y-EQUIPAMIENTO-3-150x150.jpg\" class=\"attachment-thumbnail size-thumbnail\" alt=\"\" loading=\"lazy\" \/><\/a>\n\t\t\t<\/dt><\/dl><br style=\"clear: both\" \/><dl class='gallery-item'>\n\t\t\t<dt class='gallery-icon landscape'>\n\t\t\t\t<a href='https:\/\/cuernavaca.gob.mx\/?attachment_id=51683'><img width=\"150\" height=\"150\" src=\"https:\/\/cuernavaca.gob.mx\/wp-content\/uploads\/2025\/07\/REFUERZA-GOBIERNO-DE-CUERNAVACA-LA-DIGNIFICACIO\u0301N-POLICIAL-CON-NUEVA-ENTREGA-DE-PATRULLAS-Y-EQUIPAMIENTO-4-150x150.jpg\" class=\"attachment-thumbnail size-thumbnail\" alt=\"\" loading=\"lazy\" \/><\/a>\n\t\t\t<\/dt><\/dl><dl class='gallery-item'>\n\t\t\t<dt class='gallery-icon landscape'>\n\t\t\t\t<a href='https:\/\/cuernavaca.gob.mx\/?attachment_id=51684'><img width=\"150\" height=\"150\" src=\"https:\/\/cuernavaca.gob.mx\/wp-content\/uploads\/2025\/07\/REFUERZA-GOBIERNO-DE-CUERNAVACA-LA-DIGNIFICACIO\u0301N-POLICIAL-CON-NUEVA-ENTREGA-DE-PATRULLAS-Y-EQUIPAMIENTO-5-150x150.jpg\" class=\"attachment-thumbnail size-thumbnail\" alt=\"\" loading=\"lazy\" \/><\/a>\n\t\t\t<\/dt><\/dl><dl class='gallery-item'>\n\t\t\t<dt class='gallery-icon landscape'>\n\t\t\t\t<a href='https:\/\/cuernavaca.gob.mx\/?attachment_id=51685'><img width=\"150\" height=\"150\" src=\"https:\/\/cuernavaca.gob.mx\/wp-content\/uploads\/2025\/07\/REFUERZA-GOBIERNO-DE-CUERNAVACA-LA-DIGNIFICACIO\u0301N-POLICIAL-CON-NUEVA-ENTREGA-DE-PATRULLAS-Y-EQUIPAMIENTO-6-150x150.jpg\" class=\"attachment-thumbnail size-thumbnail\" alt=\"\" loading=\"lazy\" \/><\/a>\n\t\t\t<\/dt><\/dl><br style=\"clear: both\" \/><dl class='gallery-item'>\n\t\t\t<dt class='gallery-icon landscape'>\n\t\t\t\t<a href='https:\/\/cuernavaca.gob.mx\/?attachment_id=51686'><img width=\"150\" height=\"150\" src=\"https:\/\/cuernavaca.gob.mx\/wp-content\/uploads\/2025\/07\/REFUERZA-GOBIERNO-DE-CUERNAVACA-LA-DIGNIFICACIO\u0301N-POLICIAL-CON-NUEVA-ENTREGA-DE-PATRULLAS-Y-EQUIPAMIENTO-7-150x150.jpg\" class=\"attachment-thumbnail size-thumbnail\" alt=\"\" loading=\"lazy\" \/><\/a>\n\t\t\t<\/dt><\/dl><dl class='gallery-item'>\n\t\t\t<dt class='gallery-icon landscape'>\n\t\t\t\t<a href='https:\/\/cuernavaca.gob.mx\/?attachment_id=51687'><img width=\"150\" height=\"150\" src=\"https:\/\/cuernavaca.gob.mx\/wp-content\/uploads\/2025\/07\/REFUERZA-GOBIERNO-DE-CUERNAVACA-LA-DIGNIFICACIO\u0301N-POLICIAL-CON-NUEVA-ENTREGA-DE-PATRULLAS-Y-EQUIPAMIENTO-8-150x150.jpg\" class=\"attachment-thumbnail size-thumbnail\" alt=\"\" loading=\"lazy\" \/><\/a>\n\t\t\t<\/dt><\/dl>\n\t\t\t<br style='clear: both' \/>\n\t\t<\/div>\n\n<p>&nbsp;<\/p>\n","protected":false},"excerpt":{"rendered":"<p>\u2022 Se invirtieron m\u00e1s de 22 millones de pesos en veh\u00edculos, uniformes y equipo de protecci\u00f3n para personal operativo y administrativo de SEPRAC Reafirmando el compromiso de la administraci\u00f3n municipal con la dignificaci\u00f3n del trabajo policial y el fortalecimiento de la seguridad en Cuernavaca, este martes el Cabildo, encabezado por el alcalde Jos\u00e9 Luis Uri\u00f3stegui [&hellip;]<\/p>\n","protected":false},"author":1,"featured_media":51686,"comment_status":"closed","ping_status":"open","sticky":false,"template":"","format":"standard","meta":[],"categories":[17],"tags":[2912,121,120,602,2285,201,4178,127,414,125,2566],"aioseo_notices":[],"_links":{"self":[{"href":"https:\/\/cuernavaca.gob.mx\/index.php?rest_route=\/wp\/v2\/posts\/51679"}],"collection":[{"href":"https:\/\/cuernavaca.gob.mx\/index.php?rest_route=\/wp\/v2\/posts"}],"about":[{"href":"https:\/\/cuernavaca.gob.mx\/index.php?rest_route=\/wp\/v2\/types\/post"}],"author":[{"embeddable":true,"href":"https:\/\/cuernavaca.gob.mx\/index.php?rest_route=\/wp\/v2\/users\/1"}],"replies":[{"embeddable":true,"href":"https:\/\/cuernavaca.gob.mx\/index.php?rest_route=%2Fwp%2Fv2%2Fcomments&post=51679"}],"version-history":[{"count":1,"href":"https:\/\/cuernavaca.gob.mx\/index.php?rest_route=\/wp\/v2\/posts\/51679\/revisions"}],"predecessor-version":[{"id":51688,"href":"https:\/\/cuernavaca.gob.mx\/index.php?rest_route=\/wp\/v2\/posts\/51679\/revisions\/51688"}],"wp:featuredmedia":[{"embeddable":true,"href":"https:\/\/cuernavaca.gob.mx\/index.php?rest_route=\/wp\/v2\/media\/51686"}],"wp:attachment":[{"href":"https:\/\/cuernavaca.gob.mx\/index.php?rest_route=%2Fwp%2Fv2%2Fmedia&parent=51679"}],"wp:term":[{"taxonomy":"category","embeddable":true,"href":"https:\/\/cuernavaca.gob.mx\/index.php?rest_route=%2Fwp%2Fv2%2Fcategories&post=51679"},{"taxonomy":"post_tag","embeddable":true,"href":"https:\/\/cuernavaca.gob.mx\/index.php?rest_route=%2Fwp%2Fv2%2Ftags&post=51679"}],"curies":[{"name":"wp","href":"https:\/\/api.w.org\/{rel}","templated":true}]}}