{"id":51695,"date":"2025-07-23T13:00:01","date_gmt":"2025-07-23T19:00:01","guid":{"rendered":"https:\/\/cuernavaca.gob.mx\/?p=51695"},"modified":"2025-07-23T11:51:34","modified_gmt":"2025-07-23T17:51:34","slug":"f58-22-07-25-gobierno-de-cuernavaca-avanza-la-reparacion-y-mantenimiento-de-rejillas-pluviales-en-la-colonia-chamilpa","status":"publish","type":"post","link":"https:\/\/cuernavaca.gob.mx\/?p=51695","title":{"rendered":"F58 22\/07\/25 GOBIERNO DE CUERNAVACA AVANZA LA REPARACI\u00d3N Y MANTENIMIENTO DE REJILLAS PLUVIALES EN LA COLONIA CHAMILPA"},"content":{"rendered":"<p>El Ayuntamiento de Cuernavaca, a trav\u00e9s de la Secretar\u00eda de Desarrollo Sustentable y Servicios P\u00fablicos, avanza con la reparaci\u00f3n y mantenimiento de las rejillas pluviales en la calle Independencia, en la colonia Chamilpa. Esta intervenci\u00f3n forma parte del programa municipal para mejorar la infraestructura pluvial de la zona, con el objetivo de prevenir encharcamientos y asegurar un sistema de drenaje eficiente durante la temporada de lluvias.<\/p>\n<p>Durante el desarrollo de los trabajos, se mantendr\u00e1 un carril parcialmente cerrado, por lo que se recomienda a los conductores conducir con precauci\u00f3n, reducir la velocidad y considerar rutas alternas para evitar congestionamientos y garantizar la seguridad vial.<\/p>\n<p>Las obras contribuir\u00e1n a proteger el pavimento, facilitar la evacuaci\u00f3n del agua pluvial y mitigar da\u00f1os futuros en la infraestructura urbana.<\/p>\n<p>El gobierno municipal agradece la comprensi\u00f3n de la ciudadan\u00eda por las molestias temporales y hace un llamado a la poblaci\u00f3n a mantenerse informada sobre el avance de los trabajos en las p\u00e1ginas oficiales de la Secretar\u00eda de Desarrollo Sustentable y Servicios P\u00fablicos https:\/\/www.facebook.com\/share\/1E5HERy6zh\/?mibextid=wwXIfr<\/p>\n\n\t\t<style type=\"text\/css\">\n\t\t\t#gallery-1 {\n\t\t\t\tmargin: auto;\n\t\t\t}\n\t\t\t#gallery-1 .gallery-item {\n\t\t\t\tfloat: left;\n\t\t\t\tmargin-top: 10px;\n\t\t\t\ttext-align: center;\n\t\t\t\twidth: 33%;\n\t\t\t}\n\t\t\t#gallery-1 img {\n\t\t\t\tborder: 2px solid #cfcfcf;\n\t\t\t}\n\t\t\t#gallery-1 .gallery-caption {\n\t\t\t\tmargin-left: 0;\n\t\t\t}\n\t\t\t\/* see gallery_shortcode() in wp-includes\/media.php *\/\n\t\t<\/style>\n\t\t<div id='gallery-1' class='gallery galleryid-51695 gallery-columns-3 gallery-size-thumbnail'><dl class='gallery-item'>\n\t\t\t<dt class='gallery-icon landscape'>\n\t\t\t\t<a href='https:\/\/cuernavaca.gob.mx\/?attachment_id=51696'><img width=\"150\" height=\"150\" src=\"https:\/\/cuernavaca.gob.mx\/wp-content\/uploads\/2025\/07\/GOBIERNO-DE-CUERNAVACA-AVANZA-LA-REPARACIO\u0301N-Y-MANTENIMIENTO-DE-REJILLAS-PLUVIALES-EN-LA-COLONIA-CHAMILPA-1-150x150.jpg\" class=\"attachment-thumbnail size-thumbnail\" alt=\"\" loading=\"lazy\" \/><\/a>\n\t\t\t<\/dt><\/dl><dl class='gallery-item'>\n\t\t\t<dt class='gallery-icon landscape'>\n\t\t\t\t<a href='https:\/\/cuernavaca.gob.mx\/?attachment_id=51697'><img width=\"150\" height=\"150\" src=\"https:\/\/cuernavaca.gob.mx\/wp-content\/uploads\/2025\/07\/GOBIERNO-DE-CUERNAVACA-AVANZA-LA-REPARACIO\u0301N-Y-MANTENIMIENTO-DE-REJILLAS-PLUVIALES-EN-LA-COLONIA-CHAMILPA-2-150x150.jpg\" class=\"attachment-thumbnail size-thumbnail\" alt=\"\" loading=\"lazy\" \/><\/a>\n\t\t\t<\/dt><\/dl><dl class='gallery-item'>\n\t\t\t<dt class='gallery-icon landscape'>\n\t\t\t\t<a href='https:\/\/cuernavaca.gob.mx\/?attachment_id=51698'><img width=\"150\" height=\"150\" src=\"https:\/\/cuernavaca.gob.mx\/wp-content\/uploads\/2025\/07\/GOBIERNO-DE-CUERNAVACA-AVANZA-LA-REPARACIO\u0301N-Y-MANTENIMIENTO-DE-REJILLAS-PLUVIALES-EN-LA-COLONIA-CHAMILPA-3-150x150.jpg\" class=\"attachment-thumbnail size-thumbnail\" alt=\"\" loading=\"lazy\" srcset=\"https:\/\/cuernavaca.gob.mx\/wp-content\/uploads\/2025\/07\/GOBIERNO-DE-CUERNAVACA-AVANZA-LA-REPARACIO\u0301N-Y-MANTENIMIENTO-DE-REJILLAS-PLUVIALES-EN-LA-COLONIA-CHAMILPA-3-150x150.jpg 150w, https:\/\/cuernavaca.gob.mx\/wp-content\/uploads\/2025\/07\/GOBIERNO-DE-CUERNAVACA-AVANZA-LA-REPARACIO\u0301N-Y-MANTENIMIENTO-DE-REJILLAS-PLUVIALES-EN-LA-COLONIA-CHAMILPA-3-300x300.jpg 300w, https:\/\/cuernavaca.gob.mx\/wp-content\/uploads\/2025\/07\/GOBIERNO-DE-CUERNAVACA-AVANZA-LA-REPARACIO\u0301N-Y-MANTENIMIENTO-DE-REJILLAS-PLUVIALES-EN-LA-COLONIA-CHAMILPA-3-1024x1024.jpg 1024w, https:\/\/cuernavaca.gob.mx\/wp-content\/uploads\/2025\/07\/GOBIERNO-DE-CUERNAVACA-AVANZA-LA-REPARACIO\u0301N-Y-MANTENIMIENTO-DE-REJILLAS-PLUVIALES-EN-LA-COLONIA-CHAMILPA-3-768x768.jpg 768w, https:\/\/cuernavaca.gob.mx\/wp-content\/uploads\/2025\/07\/GOBIERNO-DE-CUERNAVACA-AVANZA-LA-REPARACIO\u0301N-Y-MANTENIMIENTO-DE-REJILLAS-PLUVIALES-EN-LA-COLONIA-CHAMILPA-3-600x600.jpg 600w, https:\/\/cuernavaca.gob.mx\/wp-content\/uploads\/2025\/07\/GOBIERNO-DE-CUERNAVACA-AVANZA-LA-REPARACIO\u0301N-Y-MANTENIMIENTO-DE-REJILLAS-PLUVIALES-EN-LA-COLONIA-CHAMILPA-3-560x560.jpg 560w, https:\/\/cuernavaca.gob.mx\/wp-content\/uploads\/2025\/07\/GOBIERNO-DE-CUERNAVACA-AVANZA-LA-REPARACIO\u0301N-Y-MANTENIMIENTO-DE-REJILLAS-PLUVIALES-EN-LA-COLONIA-CHAMILPA-3.jpg 1200w\" sizes=\"(max-width: 150px) 100vw, 150px\" \/><\/a>\n\t\t\t<\/dt><\/dl><br style=\"clear: both\" \/><dl class='gallery-item'>\n\t\t\t<dt class='gallery-icon landscape'>\n\t\t\t\t<a href='https:\/\/cuernavaca.gob.mx\/?attachment_id=51699'><img width=\"150\" height=\"150\" src=\"https:\/\/cuernavaca.gob.mx\/wp-content\/uploads\/2025\/07\/GOBIERNO-DE-CUERNAVACA-AVANZA-LA-REPARACIO\u0301N-Y-MANTENIMIENTO-DE-REJILLAS-PLUVIALES-EN-LA-COLONIA-CHAMILPA-4-150x150.jpg\" class=\"attachment-thumbnail size-thumbnail\" alt=\"\" loading=\"lazy\" \/><\/a>\n\t\t\t<\/dt><\/dl>\n\t\t\t<br style='clear: both' \/>\n\t\t<\/div>\n\n","protected":false},"excerpt":{"rendered":"<p>El Ayuntamiento de Cuernavaca, a trav\u00e9s de la Secretar\u00eda de Desarrollo Sustentable y Servicios P\u00fablicos, avanza con la reparaci\u00f3n y mantenimiento de las rejillas pluviales en la calle Independencia, en la colonia Chamilpa. Esta intervenci\u00f3n forma parte del programa municipal para mejorar la infraestructura pluvial de la zona, con el objetivo de prevenir encharcamientos y [&hellip;]<\/p>\n","protected":false},"author":1,"featured_media":51697,"comment_status":"closed","ping_status":"open","sticky":false,"template":"","format":"standard","meta":[],"categories":[2271],"tags":[1585,121,120,127,138],"aioseo_notices":[],"_links":{"self":[{"href":"https:\/\/cuernavaca.gob.mx\/index.php?rest_route=\/wp\/v2\/posts\/51695"}],"collection":[{"href":"https:\/\/cuernavaca.gob.mx\/index.php?rest_route=\/wp\/v2\/posts"}],"about":[{"href":"https:\/\/cuernavaca.gob.mx\/index.php?rest_route=\/wp\/v2\/types\/post"}],"author":[{"embeddable":true,"href":"https:\/\/cuernavaca.gob.mx\/index.php?rest_route=\/wp\/v2\/users\/1"}],"replies":[{"embeddable":true,"href":"https:\/\/cuernavaca.gob.mx\/index.php?rest_route=%2Fwp%2Fv2%2Fcomments&post=51695"}],"version-history":[{"count":1,"href":"https:\/\/cuernavaca.gob.mx\/index.php?rest_route=\/wp\/v2\/posts\/51695\/revisions"}],"predecessor-version":[{"id":51700,"href":"https:\/\/cuernavaca.gob.mx\/index.php?rest_route=\/wp\/v2\/posts\/51695\/revisions\/51700"}],"wp:featuredmedia":[{"embeddable":true,"href":"https:\/\/cuernavaca.gob.mx\/index.php?rest_route=\/wp\/v2\/media\/51697"}],"wp:attachment":[{"href":"https:\/\/cuernavaca.gob.mx\/index.php?rest_route=%2Fwp%2Fv2%2Fmedia&parent=51695"}],"wp:term":[{"taxonomy":"category","embeddable":true,"href":"https:\/\/cuernavaca.gob.mx\/index.php?rest_route=%2Fwp%2Fv2%2Fcategories&post=51695"},{"taxonomy":"post_tag","embeddable":true,"href":"https:\/\/cuernavaca.gob.mx\/index.php?rest_route=%2Fwp%2Fv2%2Ftags&post=51695"}],"curies":[{"name":"wp","href":"https:\/\/api.w.org\/{rel}","templated":true}]}}