{"id":51701,"date":"2025-07-23T08:00:19","date_gmt":"2025-07-23T14:00:19","guid":{"rendered":"https:\/\/cuernavaca.gob.mx\/?p=51701"},"modified":"2025-07-23T11:54:50","modified_gmt":"2025-07-23T17:54:50","slug":"b422-23-07-25-inaugura-ayuntamiento-de-cuernavaca-el-programa-buzon-de-paz-y-justicia-civica-para-fortalecer-el-vinculo-ciudadano-con-las-autoridades-municipales","status":"publish","type":"post","link":"https:\/\/cuernavaca.gob.mx\/?p=51701","title":{"rendered":"B422 23\/07\/25 INAUGURA AYUNTAMIENTO DE CUERNAVACA EL PROGRAMA &#8220;BUZ\u00d3N DE PAZ Y JUSTICIA C\u00cdVICA\u201d PARA FORTALECER EL V\u00cdNCULO CIUDADANO CON LAS AUTORIDADES MUNICIPALES"},"content":{"rendered":"<p><strong>\u2022 En los pr\u00f3ximos d\u00edas se instalar\u00e1n buzones en varios Centros de Desarrollo Comunitario, como los de Altavista, Antonio Barona, Carolina, Chapultepec, Lagunilla, Lomas de Ahuatl\u00e1n, Piletas y Villa Santiago.<\/strong><\/p>\n<p>Con el compromiso de fomentar la cultura de paz, el respeto a los derechos humanos y una convivencia arm\u00f3nica entre la ciudadan\u00eda, el Ayuntamiento de Cuernavaca, a trav\u00e9s de la Direcci\u00f3n de Asuntos Migratorios y Religiosos, inaugur\u00f3 el programa &#8220;Buz\u00f3n de Paz y Justicia C\u00edvica\u201d. La iniciativa busca proporcionar herramientas concretas a la ciudadan\u00eda para establecer un canal directo con las autoridades municipales, promoviendo el desarrollo comunitario, el respeto mutuo, la justicia c\u00edvica y el fortalecimiento del tejido social.<\/p>\n<p>El acto inaugural se llev\u00f3 a cabo en el Centro de Desarrollo Comunitario (CDC) de Antonio Barona, con la participaci\u00f3n de varias personas, incluidas las quince lideresas de los CDC en Cuernavaca, representantes de distintas colonias y autoridades municipales.<\/p>\n<p>Durante el evento, el director de Asuntos Migratorios y Religiosos, Jorge Iv\u00e1n Cordero Flores, dio la bienvenida, destacando la importancia de fomentar la cultura de paz y fortalecer la participaci\u00f3n ciudadana en colaboraci\u00f3n con las autoridades encargadas de hacer cumplir la ley.<\/p>\n<p>La lidereza del CDC de Altavista comparti\u00f3 unas palabras en reconocimiento al esfuerzo del Gobierno Municipal por abrir espacios de di\u00e1logo y acci\u00f3n conjunta para promover la paz social.<\/p>\n<p>Posteriormente, la Secretaria de Desarrollo Humano y Participaci\u00f3n Social, Sandra Adelina Pinz\u00f3n S\u00e1nchez, cerr\u00f3 el acto subrayando la relevancia del trabajo interinstitucional para generar resultados palpables e invitando a la ciudadan\u00eda a involucrarse activamente en el programa.<\/p>\n<p>Como parte del protocolo, se realiz\u00f3 la instalaci\u00f3n simb\u00f3lica del primer Buz\u00f3n de Paz y Justicia C\u00edvica.<\/p>\n<p>Este programa es el resultado de un trabajo coordinado con la Direcci\u00f3n de Administraci\u00f3n de Centros de Desarrollo Comunitarios, Bibliotecas y Espacios P\u00fablicos, y la Secretar\u00eda de Protecci\u00f3n y Auxilio Ciudadano, a trav\u00e9s de su Direcci\u00f3n General de Prevenci\u00f3n Social y del Delito.<\/p>\n<p>Adem\u00e1s, el programa continuar\u00e1 con la instalaci\u00f3n de buzones en diversos puntos de la ciudad, como los Centros de Desarrollo Comunitario de Altavista, Antonio Barona, Carolina, Chapultepec, Lagunilla, Lomas de Ahuatl\u00e1n, Piletas y Villa Santiago.<\/p>\n<p>Con esta acci\u00f3n, el Gobierno Municipal reafirma su compromiso con la seguridad, el bienestar y la construcci\u00f3n de un ambiente m\u00e1s justo y equitativo para los habitantes de Cuernavaca.<\/p>\n\n\t\t<style type=\"text\/css\">\n\t\t\t#gallery-1 {\n\t\t\t\tmargin: auto;\n\t\t\t}\n\t\t\t#gallery-1 .gallery-item {\n\t\t\t\tfloat: left;\n\t\t\t\tmargin-top: 10px;\n\t\t\t\ttext-align: center;\n\t\t\t\twidth: 33%;\n\t\t\t}\n\t\t\t#gallery-1 img {\n\t\t\t\tborder: 2px solid #cfcfcf;\n\t\t\t}\n\t\t\t#gallery-1 .gallery-caption {\n\t\t\t\tmargin-left: 0;\n\t\t\t}\n\t\t\t\/* see gallery_shortcode() in wp-includes\/media.php *\/\n\t\t<\/style>\n\t\t<div id='gallery-1' class='gallery galleryid-51701 gallery-columns-3 gallery-size-thumbnail'><dl class='gallery-item'>\n\t\t\t<dt class='gallery-icon landscape'>\n\t\t\t\t<a href='https:\/\/cuernavaca.gob.mx\/?attachment_id=51702'><img width=\"150\" height=\"150\" src=\"https:\/\/cuernavaca.gob.mx\/wp-content\/uploads\/2025\/07\/GOBIERNO-DE-CUERNAVACA-AVANZA-LA-REPARACIO\u0301N-Y-MANTENIMIENTO-DE-REJILLAS-PLUVIALES-EN-LA-COLONIA-CHAMILPA-2-1-150x150.jpg\" class=\"attachment-thumbnail size-thumbnail\" alt=\"\" loading=\"lazy\" \/><\/a>\n\t\t\t<\/dt><\/dl><dl class='gallery-item'>\n\t\t\t<dt class='gallery-icon landscape'>\n\t\t\t\t<a href='https:\/\/cuernavaca.gob.mx\/?attachment_id=51703'><img width=\"150\" height=\"150\" src=\"https:\/\/cuernavaca.gob.mx\/wp-content\/uploads\/2025\/07\/INAUGURA-AYUNTAMIENTO-DE-CUERNAVACA-EL-PROGRAMA-22BUZO\u0301N-DE-PAZ-Y-JUSTICIA-CI\u0301VICA-PARA-FORTALECER-EL-VI\u0301NCULO-CIUDADANO-CON-LAS-AUTORIDADES-MUNICIPALES-2-150x150.jpg\" class=\"attachment-thumbnail size-thumbnail\" alt=\"\" loading=\"lazy\" \/><\/a>\n\t\t\t<\/dt><\/dl><dl class='gallery-item'>\n\t\t\t<dt class='gallery-icon landscape'>\n\t\t\t\t<a href='https:\/\/cuernavaca.gob.mx\/?attachment_id=51704'><img width=\"150\" height=\"150\" src=\"https:\/\/cuernavaca.gob.mx\/wp-content\/uploads\/2025\/07\/INAUGURA-AYUNTAMIENTO-DE-CUERNAVACA-EL-PROGRAMA-22BUZO\u0301N-DE-PAZ-Y-JUSTICIA-CI\u0301VICA-PARA-FORTALECER-EL-VI\u0301NCULO-CIUDADANO-CON-LAS-AUTORIDADES-MUNICIPALES-4-150x150.jpg\" class=\"attachment-thumbnail size-thumbnail\" alt=\"\" loading=\"lazy\" \/><\/a>\n\t\t\t<\/dt><\/dl><br style=\"clear: both\" \/><dl class='gallery-item'>\n\t\t\t<dt class='gallery-icon landscape'>\n\t\t\t\t<a href='https:\/\/cuernavaca.gob.mx\/?attachment_id=51705'><img width=\"150\" height=\"150\" src=\"https:\/\/cuernavaca.gob.mx\/wp-content\/uploads\/2025\/07\/INAUGURA-AYUNTAMIENTO-DE-CUERNAVACA-EL-PROGRAMA-22BUZO\u0301N-DE-PAZ-Y-JUSTICIA-CI\u0301VICA-PARA-FORTALECER-EL-VI\u0301NCULO-CIUDADANO-CON-LAS-AUTORIDADES-MUNICIPALES-150x150.jpg\" class=\"attachment-thumbnail size-thumbnail\" alt=\"\" loading=\"lazy\" \/><\/a>\n\t\t\t<\/dt><\/dl>\n\t\t\t<br style='clear: both' \/>\n\t\t<\/div>\n\n<p>&nbsp;<\/p>\n","protected":false},"excerpt":{"rendered":"<p>\u2022 En los pr\u00f3ximos d\u00edas se instalar\u00e1n buzones en varios Centros de Desarrollo Comunitario, como los de Altavista, Antonio Barona, Carolina, Chapultepec, Lagunilla, Lomas de Ahuatl\u00e1n, Piletas y Villa Santiago. Con el compromiso de fomentar la cultura de paz, el respeto a los derechos humanos y una convivencia arm\u00f3nica entre la ciudadan\u00eda, el Ayuntamiento de [&hellip;]<\/p>\n","protected":false},"author":1,"featured_media":51702,"comment_status":"closed","ping_status":"open","sticky":false,"template":"","format":"standard","meta":[],"categories":[862],"tags":[4179,121,120,383],"aioseo_notices":[],"_links":{"self":[{"href":"https:\/\/cuernavaca.gob.mx\/index.php?rest_route=\/wp\/v2\/posts\/51701"}],"collection":[{"href":"https:\/\/cuernavaca.gob.mx\/index.php?rest_route=\/wp\/v2\/posts"}],"about":[{"href":"https:\/\/cuernavaca.gob.mx\/index.php?rest_route=\/wp\/v2\/types\/post"}],"author":[{"embeddable":true,"href":"https:\/\/cuernavaca.gob.mx\/index.php?rest_route=\/wp\/v2\/users\/1"}],"replies":[{"embeddable":true,"href":"https:\/\/cuernavaca.gob.mx\/index.php?rest_route=%2Fwp%2Fv2%2Fcomments&post=51701"}],"version-history":[{"count":1,"href":"https:\/\/cuernavaca.gob.mx\/index.php?rest_route=\/wp\/v2\/posts\/51701\/revisions"}],"predecessor-version":[{"id":51706,"href":"https:\/\/cuernavaca.gob.mx\/index.php?rest_route=\/wp\/v2\/posts\/51701\/revisions\/51706"}],"wp:featuredmedia":[{"embeddable":true,"href":"https:\/\/cuernavaca.gob.mx\/index.php?rest_route=\/wp\/v2\/media\/51702"}],"wp:attachment":[{"href":"https:\/\/cuernavaca.gob.mx\/index.php?rest_route=%2Fwp%2Fv2%2Fmedia&parent=51701"}],"wp:term":[{"taxonomy":"category","embeddable":true,"href":"https:\/\/cuernavaca.gob.mx\/index.php?rest_route=%2Fwp%2Fv2%2Fcategories&post=51701"},{"taxonomy":"post_tag","embeddable":true,"href":"https:\/\/cuernavaca.gob.mx\/index.php?rest_route=%2Fwp%2Fv2%2Ftags&post=51701"}],"curies":[{"name":"wp","href":"https:\/\/api.w.org\/{rel}","templated":true}]}}