{"id":51710,"date":"2025-07-22T12:25:33","date_gmt":"2025-07-22T18:25:33","guid":{"rendered":"https:\/\/cuernavaca.gob.mx\/?p=51710"},"modified":"2025-07-23T12:38:46","modified_gmt":"2025-07-23T18:38:46","slug":"b421-22-07-25-continua-con-gran-exito-el-festival-cultural-de-verano-en-cuernavaca","status":"publish","type":"post","link":"https:\/\/cuernavaca.gob.mx\/?p=51710","title":{"rendered":"B421 22\/07\/25 CONTIN\u00daA CON GRAN \u00c9XITO EL FESTIVAL CULTURAL DE VERANO EN CUERNAVACA"},"content":{"rendered":"<p><strong>\u2022 En su tercer d\u00eda, se llevaron a cabo un conversatorio sobre la historia de Cuernavaca y una presentaci\u00f3n de danza folkl\u00f3rica<\/strong><\/p>\n<p>En el marco del tercer d\u00eda del Festival Cultural de Verano, el Museo de la Ciudad de Cuernavaca fue sede de un emotivo conversatorio en torno al libro &#8220;Primavera Eterna. De historia y cr\u00f3nica de Cuernavaca\u201d, una obra que recupera la riqueza hist\u00f3rica y el alma de la capital morelense.<\/p>\n<p>El evento cont\u00f3 con la participaci\u00f3n de la doctora Lourdes Bejarano Almada, el antrop\u00f3logo V\u00edctor Hugo Valencia Valera, y el comunicador y cronista Arturo Aguirre, quienes ofrecieron al p\u00fablico un entra\u00f1able di\u00e1logo sobre la memoria viva de Cuernavaca, su gente y las transformaciones que ha experimentado a lo largo del tiempo.<\/p>\n<p>Como parte de las actividades, tambi\u00e9n se present\u00f3 el Ballet Folkl\u00f3rico &#8220;Ra\u00edces de mi Pueblo, Chamilp\u00e1n\u201d, que deslumbr\u00f3 al p\u00fablico con una serie de estampas danc\u00edsticas llenas de color y tradici\u00f3n, representando la identidad morelense.<\/p>\n<p>El Festival Cultural de Verano sigue recorriendo colonias y poblados de Cuernavaca, llevando cultura y entretenimiento gratuito a todos los rincones de la ciudad. Con este esfuerzo, se promueve el acceso equitativo a las expresiones art\u00edsticas y se fortalece el sentido de identidad colectiva entre los cuernavacenses.<\/p>\n<p>Consulta la cartelera completa aqu\u00ed \ud83d\udc49 https:\/\/shorturl.at\/Q6FNs<\/p>\n<p><img loading=\"lazy\" class=\"alignnone size-medium wp-image-51711\" src=\"https:\/\/cuernavaca.gob.mx\/wp-content\/uploads\/2025\/07\/CONTINU\u0301A-CON-GRAN-E\u0301XITO-EL-FESTIVAL-CULTURAL-DE-VERANO-EN-CUERNAVACA-1-300x200.jpg\" alt=\"\" width=\"300\" height=\"200\" srcset=\"https:\/\/cuernavaca.gob.mx\/wp-content\/uploads\/2025\/07\/CONTINU\u0301A-CON-GRAN-E\u0301XITO-EL-FESTIVAL-CULTURAL-DE-VERANO-EN-CUERNAVACA-1-300x200.jpg 300w, https:\/\/cuernavaca.gob.mx\/wp-content\/uploads\/2025\/07\/CONTINU\u0301A-CON-GRAN-E\u0301XITO-EL-FESTIVAL-CULTURAL-DE-VERANO-EN-CUERNAVACA-1-1024x682.jpg 1024w, https:\/\/cuernavaca.gob.mx\/wp-content\/uploads\/2025\/07\/CONTINU\u0301A-CON-GRAN-E\u0301XITO-EL-FESTIVAL-CULTURAL-DE-VERANO-EN-CUERNAVACA-1-768x512.jpg 768w, https:\/\/cuernavaca.gob.mx\/wp-content\/uploads\/2025\/07\/CONTINU\u0301A-CON-GRAN-E\u0301XITO-EL-FESTIVAL-CULTURAL-DE-VERANO-EN-CUERNAVACA-1-1536x1023.jpg 1536w, https:\/\/cuernavaca.gob.mx\/wp-content\/uploads\/2025\/07\/CONTINU\u0301A-CON-GRAN-E\u0301XITO-EL-FESTIVAL-CULTURAL-DE-VERANO-EN-CUERNAVACA-1-600x400.jpg 600w, https:\/\/cuernavaca.gob.mx\/wp-content\/uploads\/2025\/07\/CONTINU\u0301A-CON-GRAN-E\u0301XITO-EL-FESTIVAL-CULTURAL-DE-VERANO-EN-CUERNAVACA-1-560x373.jpg 560w, https:\/\/cuernavaca.gob.mx\/wp-content\/uploads\/2025\/07\/CONTINU\u0301A-CON-GRAN-E\u0301XITO-EL-FESTIVAL-CULTURAL-DE-VERANO-EN-CUERNAVACA-1.jpg 1600w\" sizes=\"(max-width: 300px) 100vw, 300px\" \/> <img loading=\"lazy\" class=\"alignnone size-medium wp-image-51712\" src=\"https:\/\/cuernavaca.gob.mx\/wp-content\/uploads\/2025\/07\/CONTINU\u0301A-CON-GRAN-E\u0301XITO-EL-FESTIVAL-CULTURAL-DE-VERANO-EN-CUERNAVACA-2-300x200.jpg\" alt=\"\" width=\"300\" height=\"200\" srcset=\"https:\/\/cuernavaca.gob.mx\/wp-content\/uploads\/2025\/07\/CONTINU\u0301A-CON-GRAN-E\u0301XITO-EL-FESTIVAL-CULTURAL-DE-VERANO-EN-CUERNAVACA-2-300x200.jpg 300w, https:\/\/cuernavaca.gob.mx\/wp-content\/uploads\/2025\/07\/CONTINU\u0301A-CON-GRAN-E\u0301XITO-EL-FESTIVAL-CULTURAL-DE-VERANO-EN-CUERNAVACA-2-1024x682.jpg 1024w, https:\/\/cuernavaca.gob.mx\/wp-content\/uploads\/2025\/07\/CONTINU\u0301A-CON-GRAN-E\u0301XITO-EL-FESTIVAL-CULTURAL-DE-VERANO-EN-CUERNAVACA-2-768x512.jpg 768w, https:\/\/cuernavaca.gob.mx\/wp-content\/uploads\/2025\/07\/CONTINU\u0301A-CON-GRAN-E\u0301XITO-EL-FESTIVAL-CULTURAL-DE-VERANO-EN-CUERNAVACA-2-1536x1023.jpg 1536w, https:\/\/cuernavaca.gob.mx\/wp-content\/uploads\/2025\/07\/CONTINU\u0301A-CON-GRAN-E\u0301XITO-EL-FESTIVAL-CULTURAL-DE-VERANO-EN-CUERNAVACA-2-600x400.jpg 600w, https:\/\/cuernavaca.gob.mx\/wp-content\/uploads\/2025\/07\/CONTINU\u0301A-CON-GRAN-E\u0301XITO-EL-FESTIVAL-CULTURAL-DE-VERANO-EN-CUERNAVACA-2-560x373.jpg 560w, https:\/\/cuernavaca.gob.mx\/wp-content\/uploads\/2025\/07\/CONTINU\u0301A-CON-GRAN-E\u0301XITO-EL-FESTIVAL-CULTURAL-DE-VERANO-EN-CUERNAVACA-2.jpg 1600w\" sizes=\"(max-width: 300px) 100vw, 300px\" \/> <img loading=\"lazy\" class=\"alignnone size-medium wp-image-51713\" src=\"https:\/\/cuernavaca.gob.mx\/wp-content\/uploads\/2025\/07\/CONTINU\u0301A-CON-GRAN-E\u0301XITO-EL-FESTIVAL-CULTURAL-DE-VERANO-EN-CUERNAVACA-3-300x200.jpg\" alt=\"\" width=\"300\" height=\"200\" srcset=\"https:\/\/cuernavaca.gob.mx\/wp-content\/uploads\/2025\/07\/CONTINU\u0301A-CON-GRAN-E\u0301XITO-EL-FESTIVAL-CULTURAL-DE-VERANO-EN-CUERNAVACA-3-300x200.jpg 300w, https:\/\/cuernavaca.gob.mx\/wp-content\/uploads\/2025\/07\/CONTINU\u0301A-CON-GRAN-E\u0301XITO-EL-FESTIVAL-CULTURAL-DE-VERANO-EN-CUERNAVACA-3-1024x682.jpg 1024w, https:\/\/cuernavaca.gob.mx\/wp-content\/uploads\/2025\/07\/CONTINU\u0301A-CON-GRAN-E\u0301XITO-EL-FESTIVAL-CULTURAL-DE-VERANO-EN-CUERNAVACA-3-768x512.jpg 768w, https:\/\/cuernavaca.gob.mx\/wp-content\/uploads\/2025\/07\/CONTINU\u0301A-CON-GRAN-E\u0301XITO-EL-FESTIVAL-CULTURAL-DE-VERANO-EN-CUERNAVACA-3-1536x1023.jpg 1536w, https:\/\/cuernavaca.gob.mx\/wp-content\/uploads\/2025\/07\/CONTINU\u0301A-CON-GRAN-E\u0301XITO-EL-FESTIVAL-CULTURAL-DE-VERANO-EN-CUERNAVACA-3-600x400.jpg 600w, https:\/\/cuernavaca.gob.mx\/wp-content\/uploads\/2025\/07\/CONTINU\u0301A-CON-GRAN-E\u0301XITO-EL-FESTIVAL-CULTURAL-DE-VERANO-EN-CUERNAVACA-3-560x373.jpg 560w, https:\/\/cuernavaca.gob.mx\/wp-content\/uploads\/2025\/07\/CONTINU\u0301A-CON-GRAN-E\u0301XITO-EL-FESTIVAL-CULTURAL-DE-VERANO-EN-CUERNAVACA-3.jpg 1600w\" sizes=\"(max-width: 300px) 100vw, 300px\" \/> <img loading=\"lazy\" class=\"alignnone size-medium wp-image-51714\" src=\"https:\/\/cuernavaca.gob.mx\/wp-content\/uploads\/2025\/07\/CONTINU\u0301A-CON-GRAN-E\u0301XITO-EL-FESTIVAL-CULTURAL-DE-VERANO-EN-CUERNAVACA-4-300x200.jpg\" alt=\"\" width=\"300\" height=\"200\" srcset=\"https:\/\/cuernavaca.gob.mx\/wp-content\/uploads\/2025\/07\/CONTINU\u0301A-CON-GRAN-E\u0301XITO-EL-FESTIVAL-CULTURAL-DE-VERANO-EN-CUERNAVACA-4-300x200.jpg 300w, https:\/\/cuernavaca.gob.mx\/wp-content\/uploads\/2025\/07\/CONTINU\u0301A-CON-GRAN-E\u0301XITO-EL-FESTIVAL-CULTURAL-DE-VERANO-EN-CUERNAVACA-4-1024x682.jpg 1024w, https:\/\/cuernavaca.gob.mx\/wp-content\/uploads\/2025\/07\/CONTINU\u0301A-CON-GRAN-E\u0301XITO-EL-FESTIVAL-CULTURAL-DE-VERANO-EN-CUERNAVACA-4-768x512.jpg 768w, https:\/\/cuernavaca.gob.mx\/wp-content\/uploads\/2025\/07\/CONTINU\u0301A-CON-GRAN-E\u0301XITO-EL-FESTIVAL-CULTURAL-DE-VERANO-EN-CUERNAVACA-4-1536x1023.jpg 1536w, https:\/\/cuernavaca.gob.mx\/wp-content\/uploads\/2025\/07\/CONTINU\u0301A-CON-GRAN-E\u0301XITO-EL-FESTIVAL-CULTURAL-DE-VERANO-EN-CUERNAVACA-4-600x400.jpg 600w, https:\/\/cuernavaca.gob.mx\/wp-content\/uploads\/2025\/07\/CONTINU\u0301A-CON-GRAN-E\u0301XITO-EL-FESTIVAL-CULTURAL-DE-VERANO-EN-CUERNAVACA-4-560x373.jpg 560w, https:\/\/cuernavaca.gob.mx\/wp-content\/uploads\/2025\/07\/CONTINU\u0301A-CON-GRAN-E\u0301XITO-EL-FESTIVAL-CULTURAL-DE-VERANO-EN-CUERNAVACA-4.jpg 1600w\" sizes=\"(max-width: 300px) 100vw, 300px\" \/><\/p>\n<p>&nbsp;<\/p>\n","protected":false},"excerpt":{"rendered":"<p>\u2022 En su tercer d\u00eda, se llevaron a cabo un conversatorio sobre la historia de Cuernavaca y una presentaci\u00f3n de danza folkl\u00f3rica En el marco del tercer d\u00eda del Festival Cultural de Verano, el Museo de la Ciudad de Cuernavaca fue sede de un emotivo conversatorio en torno al libro &#8220;Primavera Eterna. De historia y [&hellip;]<\/p>\n","protected":false},"author":1,"featured_media":51714,"comment_status":"closed","ping_status":"open","sticky":false,"template":"","format":"standard","meta":[],"categories":[21],"tags":[121,190,1882,120,127],"aioseo_notices":[],"_links":{"self":[{"href":"https:\/\/cuernavaca.gob.mx\/index.php?rest_route=\/wp\/v2\/posts\/51710"}],"collection":[{"href":"https:\/\/cuernavaca.gob.mx\/index.php?rest_route=\/wp\/v2\/posts"}],"about":[{"href":"https:\/\/cuernavaca.gob.mx\/index.php?rest_route=\/wp\/v2\/types\/post"}],"author":[{"embeddable":true,"href":"https:\/\/cuernavaca.gob.mx\/index.php?rest_route=\/wp\/v2\/users\/1"}],"replies":[{"embeddable":true,"href":"https:\/\/cuernavaca.gob.mx\/index.php?rest_route=%2Fwp%2Fv2%2Fcomments&post=51710"}],"version-history":[{"count":1,"href":"https:\/\/cuernavaca.gob.mx\/index.php?rest_route=\/wp\/v2\/posts\/51710\/revisions"}],"predecessor-version":[{"id":51715,"href":"https:\/\/cuernavaca.gob.mx\/index.php?rest_route=\/wp\/v2\/posts\/51710\/revisions\/51715"}],"wp:featuredmedia":[{"embeddable":true,"href":"https:\/\/cuernavaca.gob.mx\/index.php?rest_route=\/wp\/v2\/media\/51714"}],"wp:attachment":[{"href":"https:\/\/cuernavaca.gob.mx\/index.php?rest_route=%2Fwp%2Fv2%2Fmedia&parent=51710"}],"wp:term":[{"taxonomy":"category","embeddable":true,"href":"https:\/\/cuernavaca.gob.mx\/index.php?rest_route=%2Fwp%2Fv2%2Fcategories&post=51710"},{"taxonomy":"post_tag","embeddable":true,"href":"https:\/\/cuernavaca.gob.mx\/index.php?rest_route=%2Fwp%2Fv2%2Ftags&post=51710"}],"curies":[{"name":"wp","href":"https:\/\/api.w.org\/{rel}","templated":true}]}}