{"id":51728,"date":"2025-07-23T14:12:22","date_gmt":"2025-07-23T20:12:22","guid":{"rendered":"https:\/\/cuernavaca.gob.mx\/?p=51728"},"modified":"2025-07-23T14:12:22","modified_gmt":"2025-07-23T20:12:22","slug":"b423-23-07-25-lilian-sotelo-presenta-inteligencia-emocional-a-la-mexicana-en-el-cuarto-festival-cultural-de-verano","status":"publish","type":"post","link":"https:\/\/cuernavaca.gob.mx\/?p=51728","title":{"rendered":"B423 23\/07\/25 LILI\u00c1N SOTELO PRESENTA &#8220;INTELIGENCIA EMOCIONAL A LA MEXICANA\u201d EN EL CUARTO FESTIVAL CULTURAL DE VERANO"},"content":{"rendered":"<p>En el marco del Cuarto Festival Cultural de Verano Cuernavaca 2025, la capital morelense se reafirma como un punto clave en la promoci\u00f3n de las artes y la cultura. Este ciclo de actividades, organizado por el Ayuntamiento de Cuernavaca, a trav\u00e9s del Instituto de Cultura de la Secretar\u00eda de Desarrollo Humano y Participaci\u00f3n Social (SDHyPS), contin\u00faa ofreciendo una rica variedad de propuestas que celebran la tradici\u00f3n, el arte y el bienestar comunitario.<\/p>\n<p>Uno de los momentos destacados fue la presentaci\u00f3n del libro &#8220;Inteligencia emocional a la mexicana. Manual de supervivencia\u201d, de la autora Lili\u00e1n Sotelo Romero. Durante esta charla, la autora ofreci\u00f3 al p\u00fablico herramientas pr\u00e1cticas y accesibles para comprender y gestionar las emociones desde una perspectiva profundamente mexicana, en una sesi\u00f3n cercana y llena de humor.<\/p>\n<p>El evento brind\u00f3 una reflexi\u00f3n sobre c\u00f3mo la inteligencia emocional, abordada con un enfoque claro, humano y culturalmente relevante, contribuye al bienestar integral de la sociedad.<\/p>\n<p>El Festival Cultural de Verano Cuernavaca 2025 seguir\u00e1 ofreciendo una serie de actividades hasta el pr\u00f3ximo fin de semana con lo que se reafirma el compromiso del gobierno municipal con el acceso libre y gratuito a la cultura, as\u00ed como con el fortalecimiento del tejido social. Para m\u00e1s informaci\u00f3n consulta la cartelera completa aqu\u00ed \ud83d\udc49 https:\/\/shorturl.at\/Q6FNs<\/p>\n\n\t\t<style type=\"text\/css\">\n\t\t\t#gallery-1 {\n\t\t\t\tmargin: auto;\n\t\t\t}\n\t\t\t#gallery-1 .gallery-item {\n\t\t\t\tfloat: left;\n\t\t\t\tmargin-top: 10px;\n\t\t\t\ttext-align: center;\n\t\t\t\twidth: 33%;\n\t\t\t}\n\t\t\t#gallery-1 img {\n\t\t\t\tborder: 2px solid #cfcfcf;\n\t\t\t}\n\t\t\t#gallery-1 .gallery-caption {\n\t\t\t\tmargin-left: 0;\n\t\t\t}\n\t\t\t\/* see gallery_shortcode() in wp-includes\/media.php *\/\n\t\t<\/style>\n\t\t<div id='gallery-1' class='gallery galleryid-51728 gallery-columns-3 gallery-size-thumbnail'><dl class='gallery-item'>\n\t\t\t<dt class='gallery-icon landscape'>\n\t\t\t\t<a href='https:\/\/cuernavaca.gob.mx\/?attachment_id=51729'><img width=\"150\" height=\"150\" src=\"https:\/\/cuernavaca.gob.mx\/wp-content\/uploads\/2025\/07\/LILIA\u0301N-SOTELO-PRESENTA-22INTELIGENCIA-EMOCIONAL-A-LA-MEXICANA-EN-EL-CUARTO-FESTIVAL-CULTURAL-DE-VERANO-1-150x150.jpg\" class=\"attachment-thumbnail size-thumbnail\" alt=\"\" loading=\"lazy\" \/><\/a>\n\t\t\t<\/dt><\/dl><dl class='gallery-item'>\n\t\t\t<dt class='gallery-icon landscape'>\n\t\t\t\t<a href='https:\/\/cuernavaca.gob.mx\/?attachment_id=51730'><img width=\"150\" height=\"150\" src=\"https:\/\/cuernavaca.gob.mx\/wp-content\/uploads\/2025\/07\/LILIA\u0301N-SOTELO-PRESENTA-22INTELIGENCIA-EMOCIONAL-A-LA-MEXICANA-EN-EL-CUARTO-FESTIVAL-CULTURAL-DE-VERANO-2-150x150.jpg\" class=\"attachment-thumbnail size-thumbnail\" alt=\"\" loading=\"lazy\" \/><\/a>\n\t\t\t<\/dt><\/dl><dl class='gallery-item'>\n\t\t\t<dt class='gallery-icon landscape'>\n\t\t\t\t<a href='https:\/\/cuernavaca.gob.mx\/?attachment_id=51731'><img width=\"150\" height=\"150\" src=\"https:\/\/cuernavaca.gob.mx\/wp-content\/uploads\/2025\/07\/LILIA\u0301N-SOTELO-PRESENTA-22INTELIGENCIA-EMOCIONAL-A-LA-MEXICANA-EN-EL-CUARTO-FESTIVAL-CULTURAL-DE-VERANO-3-150x150.jpg\" class=\"attachment-thumbnail size-thumbnail\" alt=\"\" loading=\"lazy\" \/><\/a>\n\t\t\t<\/dt><\/dl><br style=\"clear: both\" \/><dl class='gallery-item'>\n\t\t\t<dt class='gallery-icon landscape'>\n\t\t\t\t<a href='https:\/\/cuernavaca.gob.mx\/?attachment_id=51732'><img width=\"150\" height=\"150\" src=\"https:\/\/cuernavaca.gob.mx\/wp-content\/uploads\/2025\/07\/LILIA\u0301N-SOTELO-PRESENTA-22INTELIGENCIA-EMOCIONAL-A-LA-MEXICANA-EN-EL-CUARTO-FESTIVAL-CULTURAL-DE-VERANO-4-150x150.jpg\" class=\"attachment-thumbnail size-thumbnail\" alt=\"\" loading=\"lazy\" \/><\/a>\n\t\t\t<\/dt><\/dl>\n\t\t\t<br style='clear: both' \/>\n\t\t<\/div>\n\n","protected":false},"excerpt":{"rendered":"<p>En el marco del Cuarto Festival Cultural de Verano Cuernavaca 2025, la capital morelense se reafirma como un punto clave en la promoci\u00f3n de las artes y la cultura. Este ciclo de actividades, organizado por el Ayuntamiento de Cuernavaca, a trav\u00e9s del Instituto de Cultura de la Secretar\u00eda de Desarrollo Humano y Participaci\u00f3n Social (SDHyPS), [&hellip;]<\/p>\n","protected":false},"author":1,"featured_media":51729,"comment_status":"closed","ping_status":"open","sticky":false,"template":"","format":"standard","meta":[],"categories":[21],"tags":[121,1703,1882,120,127,1603],"aioseo_notices":[],"_links":{"self":[{"href":"https:\/\/cuernavaca.gob.mx\/index.php?rest_route=\/wp\/v2\/posts\/51728"}],"collection":[{"href":"https:\/\/cuernavaca.gob.mx\/index.php?rest_route=\/wp\/v2\/posts"}],"about":[{"href":"https:\/\/cuernavaca.gob.mx\/index.php?rest_route=\/wp\/v2\/types\/post"}],"author":[{"embeddable":true,"href":"https:\/\/cuernavaca.gob.mx\/index.php?rest_route=\/wp\/v2\/users\/1"}],"replies":[{"embeddable":true,"href":"https:\/\/cuernavaca.gob.mx\/index.php?rest_route=%2Fwp%2Fv2%2Fcomments&post=51728"}],"version-history":[{"count":1,"href":"https:\/\/cuernavaca.gob.mx\/index.php?rest_route=\/wp\/v2\/posts\/51728\/revisions"}],"predecessor-version":[{"id":51733,"href":"https:\/\/cuernavaca.gob.mx\/index.php?rest_route=\/wp\/v2\/posts\/51728\/revisions\/51733"}],"wp:featuredmedia":[{"embeddable":true,"href":"https:\/\/cuernavaca.gob.mx\/index.php?rest_route=\/wp\/v2\/media\/51729"}],"wp:attachment":[{"href":"https:\/\/cuernavaca.gob.mx\/index.php?rest_route=%2Fwp%2Fv2%2Fmedia&parent=51728"}],"wp:term":[{"taxonomy":"category","embeddable":true,"href":"https:\/\/cuernavaca.gob.mx\/index.php?rest_route=%2Fwp%2Fv2%2Fcategories&post=51728"},{"taxonomy":"post_tag","embeddable":true,"href":"https:\/\/cuernavaca.gob.mx\/index.php?rest_route=%2Fwp%2Fv2%2Ftags&post=51728"}],"curies":[{"name":"wp","href":"https:\/\/api.w.org\/{rel}","templated":true}]}}