{"id":51734,"date":"2025-07-24T08:39:01","date_gmt":"2025-07-24T14:39:01","guid":{"rendered":"https:\/\/cuernavaca.gob.mx\/?p=51734"},"modified":"2025-07-24T08:39:01","modified_gmt":"2025-07-24T14:39:01","slug":"b424-24-07-25-cuernavaca-recibe-reconocimiento-internacional-tree-city-of-the-world-por-su-compromiso-con-el-arbolado-urbano","status":"publish","type":"post","link":"https:\/\/cuernavaca.gob.mx\/?p=51734","title":{"rendered":"B424 24\/07\/25 CUERNAVACA RECIBE RECONOCIMIENTO INTERNACIONAL &#8220;TREE CITY OF THE WORLD\u201d POR SU COMPROMISO CON EL ARBOLADO URBANO"},"content":{"rendered":"<p><strong>\u2022 La capital morelense es reconocida por la ONU- FAO y Arbor Day Foundation al cumplir con est\u00e1ndares internacionales en gesti\u00f3n forestal urbana<\/strong><\/p>\n<p>En un hecho hist\u00f3rico para la capital del estado, Cuernavaca fue reconocida por primera vez como \u201cTree City of the World\u201d (Ciudad \u00c1rbol del Mundo), una distinci\u00f3n otorgada por la Organizaci\u00f3n de las Naciones Unidas para la Alimentaci\u00f3n y la Agricultura (ONU- FAO) y la Arbor Day Foundation, que avala el compromiso de las ciudades con la conservaci\u00f3n y promoci\u00f3n del arbolado urbano.<\/p>\n<p>Durante sesi\u00f3n ordinaria de Cabildo, el presidente municipal Jos\u00e9 Luis Uri\u00f3stegui Salgado celebr\u00f3 este logro, destacando que Cuernavaca se suma a las ciudades del mundo que lideran acciones para preservar el medio ambiente y fortalecer la infraestructura verde. \u201cEste reconocimiento demuestra que estamos ocupados en que Cuernavaca siga siendo un referente de ciudad arbolada en el planeta\u201d, afirm\u00f3.<\/p>\n<p>El director general de Desarrollo Sustentable, Jos\u00e9 Alfredo Rodr\u00edguez San Cipri\u00e1n, explic\u00f3 que el galard\u00f3n se otorga a las ciudades que cumplen con cinco est\u00e1ndares esenciales: contar con una autoridad responsable del arbolado urbano, tener pol\u00edticas y normativas claras, realizar inventarios y monitoreo del bosque urbano, asignar presupuesto anual para su gesti\u00f3n, y fomentar la participaci\u00f3n ciudadana mediante eventos de concientizaci\u00f3n.<\/p>\n<p>Cuernavaca cumpli\u00f3 con estos requisitos al implementar acciones como la reposici\u00f3n de ejemplares enfermos con especies nativas, la asignaci\u00f3n de recursos para recuperar y mantener los ecosistemas urbanos, y la colaboraci\u00f3n activa con organizaciones civiles como Guardianes de los \u00c1rboles, quienes aportaron en el levantamiento de informaci\u00f3n t\u00e9cnica.<\/p>\n<p>En este sentido, Jos\u00e9 Luis Uri\u00f3stegui Salgado subray\u00f3 que este logro es resultado del trabajo conjunto entre gobierno y sociedad, por lo cual pidi\u00f3 a las organizaciones civiles seguir participando en proyectos clave como el Programa de Ordenamiento Ecol\u00f3gico Local y el Programa Municipal de Desarrollo Urbano Sustentable.<\/p>\n<p>Asimismo, instruy\u00f3 al secretario de Desarrollo Sustentable y Servicios P\u00fablicos, Guillermo L\u00f3pez Mej\u00eda, a continuar con la capacitaci\u00f3n del personal de Parques y Jardines para garantizar que las podas se realicen de manera correcta, evitando pr\u00e1cticas inadecuadas como los desmoches, que da\u00f1an gravemente a los \u00e1rboles.<\/p>\n<p>El reconocimiento \u201cTree Cities of the World\u201d posiciona a Cuernavaca en el mapa internacional del desarrollo urbano sostenible, ofreciendo acceso a redes globales, oportunidades de financiamiento y respaldo t\u00e9cnico para fortalecer su pol\u00edtica forestal urbana.<\/p>\n<p>Con este logro, Cuernavaca refrenda su vocaci\u00f3n de ciudad verde, donde el arbolado no solo embellece, sino tambi\u00e9n contribuye a mejorar la calidad de vida, regula el clima urbano y fortalece el v\u00ednculo de la comunidad con la naturaleza.<\/p>\n\n\t\t<style type=\"text\/css\">\n\t\t\t#gallery-1 {\n\t\t\t\tmargin: auto;\n\t\t\t}\n\t\t\t#gallery-1 .gallery-item {\n\t\t\t\tfloat: left;\n\t\t\t\tmargin-top: 10px;\n\t\t\t\ttext-align: center;\n\t\t\t\twidth: 33%;\n\t\t\t}\n\t\t\t#gallery-1 img {\n\t\t\t\tborder: 2px solid #cfcfcf;\n\t\t\t}\n\t\t\t#gallery-1 .gallery-caption {\n\t\t\t\tmargin-left: 0;\n\t\t\t}\n\t\t\t\/* see gallery_shortcode() in wp-includes\/media.php *\/\n\t\t<\/style>\n\t\t<div id='gallery-1' class='gallery galleryid-51734 gallery-columns-3 gallery-size-thumbnail'><dl class='gallery-item'>\n\t\t\t<dt class='gallery-icon landscape'>\n\t\t\t\t<a href='https:\/\/cuernavaca.gob.mx\/?attachment_id=51735'><img width=\"150\" height=\"150\" src=\"https:\/\/cuernavaca.gob.mx\/wp-content\/uploads\/2025\/07\/CUERNAVACA-RECIBE-RECONOCIMIENTO-INTERNACIONAL-22TREE-CITY-OF-THE-WORLD-POR-SU-COMPROMISO-CON-EL-ARBOLADO-URBANO-1-150x150.jpg\" class=\"attachment-thumbnail size-thumbnail\" alt=\"\" loading=\"lazy\" \/><\/a>\n\t\t\t<\/dt><\/dl><dl class='gallery-item'>\n\t\t\t<dt class='gallery-icon landscape'>\n\t\t\t\t<a href='https:\/\/cuernavaca.gob.mx\/?attachment_id=51736'><img width=\"150\" height=\"150\" src=\"https:\/\/cuernavaca.gob.mx\/wp-content\/uploads\/2025\/07\/CUERNAVACA-RECIBE-RECONOCIMIENTO-INTERNACIONAL-22TREE-CITY-OF-THE-WORLD-POR-SU-COMPROMISO-CON-EL-ARBOLADO-URBANO-2-150x150.jpg\" class=\"attachment-thumbnail size-thumbnail\" alt=\"\" loading=\"lazy\" \/><\/a>\n\t\t\t<\/dt><\/dl><dl class='gallery-item'>\n\t\t\t<dt class='gallery-icon landscape'>\n\t\t\t\t<a href='https:\/\/cuernavaca.gob.mx\/?attachment_id=51737'><img width=\"150\" height=\"150\" src=\"https:\/\/cuernavaca.gob.mx\/wp-content\/uploads\/2025\/07\/CUERNAVACA-RECIBE-RECONOCIMIENTO-INTERNACIONAL-22TREE-CITY-OF-THE-WORLD-POR-SU-COMPROMISO-CON-EL-ARBOLADO-URBANO-3-150x150.jpg\" class=\"attachment-thumbnail size-thumbnail\" alt=\"\" loading=\"lazy\" \/><\/a>\n\t\t\t<\/dt><\/dl><br style=\"clear: both\" \/>\n\t\t<\/div>\n\n","protected":false},"excerpt":{"rendered":"<p>\u2022 La capital morelense es reconocida por la ONU- FAO y Arbor Day Foundation al cumplir con est\u00e1ndares internacionales en gesti\u00f3n forestal urbana En un hecho hist\u00f3rico para la capital del estado, Cuernavaca fue reconocida por primera vez como \u201cTree City of the World\u201d (Ciudad \u00c1rbol del Mundo), una distinci\u00f3n otorgada por la Organizaci\u00f3n de [&hellip;]<\/p>\n","protected":false},"author":1,"featured_media":51736,"comment_status":"closed","ping_status":"open","sticky":false,"template":"","format":"standard","meta":[],"categories":[3047],"tags":[1115,121,4180,120,422,2275,127,4181],"aioseo_notices":[],"_links":{"self":[{"href":"https:\/\/cuernavaca.gob.mx\/index.php?rest_route=\/wp\/v2\/posts\/51734"}],"collection":[{"href":"https:\/\/cuernavaca.gob.mx\/index.php?rest_route=\/wp\/v2\/posts"}],"about":[{"href":"https:\/\/cuernavaca.gob.mx\/index.php?rest_route=\/wp\/v2\/types\/post"}],"author":[{"embeddable":true,"href":"https:\/\/cuernavaca.gob.mx\/index.php?rest_route=\/wp\/v2\/users\/1"}],"replies":[{"embeddable":true,"href":"https:\/\/cuernavaca.gob.mx\/index.php?rest_route=%2Fwp%2Fv2%2Fcomments&post=51734"}],"version-history":[{"count":1,"href":"https:\/\/cuernavaca.gob.mx\/index.php?rest_route=\/wp\/v2\/posts\/51734\/revisions"}],"predecessor-version":[{"id":51738,"href":"https:\/\/cuernavaca.gob.mx\/index.php?rest_route=\/wp\/v2\/posts\/51734\/revisions\/51738"}],"wp:featuredmedia":[{"embeddable":true,"href":"https:\/\/cuernavaca.gob.mx\/index.php?rest_route=\/wp\/v2\/media\/51736"}],"wp:attachment":[{"href":"https:\/\/cuernavaca.gob.mx\/index.php?rest_route=%2Fwp%2Fv2%2Fmedia&parent=51734"}],"wp:term":[{"taxonomy":"category","embeddable":true,"href":"https:\/\/cuernavaca.gob.mx\/index.php?rest_route=%2Fwp%2Fv2%2Fcategories&post=51734"},{"taxonomy":"post_tag","embeddable":true,"href":"https:\/\/cuernavaca.gob.mx\/index.php?rest_route=%2Fwp%2Fv2%2Ftags&post=51734"}],"curies":[{"name":"wp","href":"https:\/\/api.w.org\/{rel}","templated":true}]}}