{"id":51739,"date":"2025-07-24T10:00:58","date_gmt":"2025-07-24T16:00:58","guid":{"rendered":"https:\/\/cuernavaca.gob.mx\/?p=51739"},"modified":"2025-07-24T11:04:21","modified_gmt":"2025-07-24T17:04:21","slug":"b425-24-07-25-arte-y-cultura-llenan-el-parque-tlaltenango-en-el-4-o-festival-cultural-de-verano-cuernavaca-2025","status":"publish","type":"post","link":"https:\/\/cuernavaca.gob.mx\/?p=51739","title":{"rendered":"B425 24\/07\/25 ARTE Y CULTURA LLENAN EL PARQUE TLALTENANGO EN EL 4.\u00ba FESTIVAL CULTURAL DE VERANO CUERNAVACA 2025"},"content":{"rendered":"<p><strong>* Familias y j\u00f3venes disfrutaron una tarde de expresi\u00f3n art\u00edstica y diversidad cultural en el coraz\u00f3n de Tlaltenango, como parte de las actividades del Festival Cultural Verano.<\/strong><\/p>\n<p>Como parte del 4.\u00ba Festival Cultural de Verano Cuernavaca 2025, el Parque Tlaltenango se convirti\u00f3 en escenario de expresiones culturales que reunieron a familias, vecinas y vecinos en un ambiente de celebraci\u00f3n y participaci\u00f3n ciudadana.<\/p>\n<p>Por instrucciones del presidente municipal Jos\u00e9 Luis Uri\u00f3stegui Salgado, la secretaria de Desarrollo Humano y Participaci\u00f3n Social, Sandra Pinz\u00f3n S\u00e1nchez, organiz\u00f3 esta jornada con la presentaci\u00f3n de agrupaciones locales para llevar diversi\u00f3n y entretenimiento a las colonias y poblados de la capital morelense. El programa incluy\u00f3 a Pinz\u00f3n Artes Esc\u00e9nicas con danza contempor\u00e1nea; Grupo Fenua con danza polinesia; \u201cCon los Pies en el Aire\u201d con danza \u00e1rabe; y la Academia Mira Nrithya con danza cl\u00e1sica de la India, baj\u00f3 la coordinaci\u00f3n de Unidos por la Danza.<\/p>\n<p>Esta presentaci\u00f3n se suma a la amplia cartelera que ofrece el Festival que cerrar\u00e1 el pr\u00f3ximo domingo 27 de julio en el Centro de la ciudad.<\/p>\n<p>Estas actividades permiten fortalecer el tejido social, recuperar espacios p\u00fablicos y promover el arte como herramienta de transformaci\u00f3n social.<\/p>\n<p>La regidora Arnet Jim\u00e9nez estuvo en el evento, y reconoci\u00f3 la importancia de generar espacios donde la cultura sea accesible y forme parte de la vida cotidiana de las comunidades.<\/p>\n\n\t\t<style type=\"text\/css\">\n\t\t\t#gallery-1 {\n\t\t\t\tmargin: auto;\n\t\t\t}\n\t\t\t#gallery-1 .gallery-item {\n\t\t\t\tfloat: left;\n\t\t\t\tmargin-top: 10px;\n\t\t\t\ttext-align: center;\n\t\t\t\twidth: 33%;\n\t\t\t}\n\t\t\t#gallery-1 img {\n\t\t\t\tborder: 2px solid #cfcfcf;\n\t\t\t}\n\t\t\t#gallery-1 .gallery-caption {\n\t\t\t\tmargin-left: 0;\n\t\t\t}\n\t\t\t\/* see gallery_shortcode() in wp-includes\/media.php *\/\n\t\t<\/style>\n\t\t<div id='gallery-1' class='gallery galleryid-51739 gallery-columns-3 gallery-size-thumbnail'><dl class='gallery-item'>\n\t\t\t<dt class='gallery-icon landscape'>\n\t\t\t\t<a href='https:\/\/cuernavaca.gob.mx\/?attachment_id=51740'><img width=\"150\" height=\"150\" src=\"https:\/\/cuernavaca.gob.mx\/wp-content\/uploads\/2025\/07\/ARTE-Y-CULTURA-LLENAN-EL-PARQUE-TLALTENANGO-EN-EL-4.o-FESTIVAL-CULTURAL-DE-VERANO-CUERNAVACA-2025--150x150.jpg\" class=\"attachment-thumbnail size-thumbnail\" alt=\"\" loading=\"lazy\" \/><\/a>\n\t\t\t<\/dt><\/dl><dl class='gallery-item'>\n\t\t\t<dt class='gallery-icon landscape'>\n\t\t\t\t<a href='https:\/\/cuernavaca.gob.mx\/?attachment_id=51741'><img width=\"150\" height=\"150\" src=\"https:\/\/cuernavaca.gob.mx\/wp-content\/uploads\/2025\/07\/ARTE-Y-CULTURA-LLENAN-EL-PARQUE-TLALTENANGO-EN-EL-4.o-FESTIVAL-CULTURAL-DE-VERANO-CUERNAVACA-2025-2-150x150.jpg\" class=\"attachment-thumbnail size-thumbnail\" alt=\"\" loading=\"lazy\" \/><\/a>\n\t\t\t<\/dt><\/dl><dl class='gallery-item'>\n\t\t\t<dt class='gallery-icon landscape'>\n\t\t\t\t<a href='https:\/\/cuernavaca.gob.mx\/?attachment_id=51742'><img width=\"150\" height=\"150\" src=\"https:\/\/cuernavaca.gob.mx\/wp-content\/uploads\/2025\/07\/ARTE-Y-CULTURA-LLENAN-EL-PARQUE-TLALTENANGO-EN-EL-4.o-FESTIVAL-CULTURAL-DE-VERANO-CUERNAVACA-2025-3-150x150.jpg\" class=\"attachment-thumbnail size-thumbnail\" alt=\"\" loading=\"lazy\" \/><\/a>\n\t\t\t<\/dt><\/dl><br style=\"clear: both\" \/><dl class='gallery-item'>\n\t\t\t<dt class='gallery-icon landscape'>\n\t\t\t\t<a href='https:\/\/cuernavaca.gob.mx\/?attachment_id=51743'><img width=\"150\" height=\"150\" src=\"https:\/\/cuernavaca.gob.mx\/wp-content\/uploads\/2025\/07\/ARTE-Y-CULTURA-LLENAN-EL-PARQUE-TLALTENANGO-EN-EL-4.o-FESTIVAL-CULTURAL-DE-VERANO-CUERNAVACA-2025-4-150x150.jpg\" class=\"attachment-thumbnail size-thumbnail\" alt=\"\" loading=\"lazy\" \/><\/a>\n\t\t\t<\/dt><\/dl><dl class='gallery-item'>\n\t\t\t<dt class='gallery-icon landscape'>\n\t\t\t\t<a href='https:\/\/cuernavaca.gob.mx\/?attachment_id=51744'><img width=\"150\" height=\"150\" src=\"https:\/\/cuernavaca.gob.mx\/wp-content\/uploads\/2025\/07\/ARTE-Y-CULTURA-LLENAN-EL-PARQUE-TLALTENANGO-EN-EL-4.o-FESTIVAL-CULTURAL-DE-VERANO-CUERNAVACA-2025-5-150x150.jpg\" class=\"attachment-thumbnail size-thumbnail\" alt=\"\" loading=\"lazy\" \/><\/a>\n\t\t\t<\/dt><\/dl>\n\t\t\t<br style='clear: both' \/>\n\t\t<\/div>\n\n","protected":false},"excerpt":{"rendered":"<p>* Familias y j\u00f3venes disfrutaron una tarde de expresi\u00f3n art\u00edstica y diversidad cultural en el coraz\u00f3n de Tlaltenango, como parte de las actividades del Festival Cultural Verano. Como parte del 4.\u00ba Festival Cultural de Verano Cuernavaca 2025, el Parque Tlaltenango se convirti\u00f3 en escenario de expresiones culturales que reunieron a familias, vecinas y vecinos en [&hellip;]<\/p>\n","protected":false},"author":1,"featured_media":51740,"comment_status":"closed","ping_status":"open","sticky":false,"template":"","format":"standard","meta":[],"categories":[862],"tags":[121,656,1882,120,206,127],"aioseo_notices":[],"_links":{"self":[{"href":"https:\/\/cuernavaca.gob.mx\/index.php?rest_route=\/wp\/v2\/posts\/51739"}],"collection":[{"href":"https:\/\/cuernavaca.gob.mx\/index.php?rest_route=\/wp\/v2\/posts"}],"about":[{"href":"https:\/\/cuernavaca.gob.mx\/index.php?rest_route=\/wp\/v2\/types\/post"}],"author":[{"embeddable":true,"href":"https:\/\/cuernavaca.gob.mx\/index.php?rest_route=\/wp\/v2\/users\/1"}],"replies":[{"embeddable":true,"href":"https:\/\/cuernavaca.gob.mx\/index.php?rest_route=%2Fwp%2Fv2%2Fcomments&post=51739"}],"version-history":[{"count":1,"href":"https:\/\/cuernavaca.gob.mx\/index.php?rest_route=\/wp\/v2\/posts\/51739\/revisions"}],"predecessor-version":[{"id":51745,"href":"https:\/\/cuernavaca.gob.mx\/index.php?rest_route=\/wp\/v2\/posts\/51739\/revisions\/51745"}],"wp:featuredmedia":[{"embeddable":true,"href":"https:\/\/cuernavaca.gob.mx\/index.php?rest_route=\/wp\/v2\/media\/51740"}],"wp:attachment":[{"href":"https:\/\/cuernavaca.gob.mx\/index.php?rest_route=%2Fwp%2Fv2%2Fmedia&parent=51739"}],"wp:term":[{"taxonomy":"category","embeddable":true,"href":"https:\/\/cuernavaca.gob.mx\/index.php?rest_route=%2Fwp%2Fv2%2Fcategories&post=51739"},{"taxonomy":"post_tag","embeddable":true,"href":"https:\/\/cuernavaca.gob.mx\/index.php?rest_route=%2Fwp%2Fv2%2Ftags&post=51739"}],"curies":[{"name":"wp","href":"https:\/\/api.w.org\/{rel}","templated":true}]}}