{"id":51746,"date":"2025-07-24T14:45:37","date_gmt":"2025-07-24T20:45:37","guid":{"rendered":"https:\/\/cuernavaca.gob.mx\/?p=51746"},"modified":"2025-07-24T14:45:37","modified_gmt":"2025-07-24T20:45:37","slug":"b426-24-07-25-llama-jose-luis-uriostegui-a-redoblar-esfuerzos-institucionales-para-erradicar-la-violencia-de-genero-en-cuernavaca","status":"publish","type":"post","link":"https:\/\/cuernavaca.gob.mx\/?p=51746","title":{"rendered":"B426 24\/07\/25 LLAMA JOS\u00c9 LUIS URI\u00d3STEGUI A REDOBLAR ESFUERZOS INSTITUCIONALES PARA ERRADICAR LA VIOLENCIA DE G\u00c9NERO EN CUERNAVACA"},"content":{"rendered":"<p><strong>\u2022 En el marco de la segunda sesi\u00f3n ordinaria del PASEMUN, el edil capitalino subray\u00f3 la importancia de una participaci\u00f3n activa y transversal que trascienda las oficinas gubernamentales y genere conciencia social para prevenir la violencia contra las mujeres<\/strong><\/p>\n<p>Durante la segunda sesi\u00f3n ordinaria del Comit\u00e9 Municipal para Prevenir, Atender, Sancionar y Erradicar la Violencia contra las Mujeres (PASEMUN), el presidente municipal de Cuernavaca, Jos\u00e9 Luis Uri\u00f3stegui Salgado, hizo un llamado en\u00e9rgico a todas y todos los integrantes del comit\u00e9 a redoblar esfuerzos y generar una participaci\u00f3n activa e integral, con el objetivo de seguir mejorando los \u00edndices de seguridad en la ciudad, especialmente en lo relativo a la violencia de g\u00e9nero.<\/p>\n<p>En este encuentro, diversas \u00e1reas del Ayuntamiento presentaron los avances en torno a los indicadores vinculados a la Alerta de Violencia de G\u00e9nero. El alcalde destac\u00f3 que, si bien las dependencias municipales est\u00e1n cumpliendo con acciones clave para la erradicaci\u00f3n de esta problem\u00e1tica, es fundamental que estas pol\u00edticas tambi\u00e9n se traduzcan en prevenci\u00f3n directa, difusi\u00f3n de informaci\u00f3n y sensibilizaci\u00f3n ciudadana.<\/p>\n<p>\u201cSi logramos generar una peque\u00f1a conciencia que abone a la disminuci\u00f3n de la violencia al interior de las familias y de los hogares, estaremos dando un paso muy importante\u201d, afirm\u00f3 Uri\u00f3stegui Salgado.<\/p>\n<p>Por su parte, la directora general del Instituto de la Mujer de Cuernavaca (IMC), Lorena Castillo Castillo, reafirm\u00f3 el compromiso del gobierno municipal con un enfoque comunitario e integral. Se\u00f1al\u00f3 que la atenci\u00f3n a la violencia de g\u00e9nero no debe tratarse como un tema exclusivo de las mujeres, sino como una prioridad de agenda social que requiere la colaboraci\u00f3n de todas las \u00e1reas gubernamentales y de la sociedad en su conjunto.<\/p>\n<p>&#8220;Cada acci\u00f3n y estrategia est\u00e1 acompa\u00f1ada de datos, evidencia y sistematizaci\u00f3n. Donde podamos tocar la vida de una mujer y contribuir a que est\u00e9 libre de violencia, ah\u00ed debemos estar\u201d, puntualiz\u00f3.<\/p>\n<p>El PASEMUN est\u00e1 conformado por diversas instancias comprometidas con la erradicaci\u00f3n de la violencia de g\u00e9nero, entre ellas, la Secretar\u00eda de Protecci\u00f3n y Auxilio Ciudadano (SEPRAC); el Secretariado Ejecutivo del Consejo Municipal de Seguridad P\u00fablica (SECOMS); el Sistema Municipal DIF Cuernavaca; la Secretar\u00eda de Desarrollo Humano y Participaci\u00f3n Social (SDHyPS), a trav\u00e9s de las direcciones de Educaci\u00f3n, Salud, Diversidad Sexual y el Instituto de la Juventud; la Contralor\u00eda Municipal; la Secretar\u00eda de Administraci\u00f3n, junto con la Direcci\u00f3n de Recursos Humanos; la Secretar\u00eda de Desarrollo Sustentable y Servicios P\u00fablicos (SDSySP), y la Direcci\u00f3n General de Comunicaci\u00f3n Social.<\/p>\n<p>Todas ellas trabajan de forma coordinada para implementar pol\u00edticas p\u00fablicas integrales, sistem\u00e1ticas y sostenibles que garanticen a las mujeres, ni\u00f1as y adolescentes de Cuernavaca una vida libre de violencia.<\/p>\n<p>La sesi\u00f3n cont\u00f3 con la presencia del reci\u00e9n creado Consejo T\u00e9cnico de Mujeres de Cuernavaca (CTMuC) e integrado por participantes del Cabildo de Mujeres, que tiene como objetivo fortalecer el liderazgo femenino.<\/p>\n\n\t\t<style type=\"text\/css\">\n\t\t\t#gallery-1 {\n\t\t\t\tmargin: auto;\n\t\t\t}\n\t\t\t#gallery-1 .gallery-item {\n\t\t\t\tfloat: left;\n\t\t\t\tmargin-top: 10px;\n\t\t\t\ttext-align: center;\n\t\t\t\twidth: 33%;\n\t\t\t}\n\t\t\t#gallery-1 img {\n\t\t\t\tborder: 2px solid #cfcfcf;\n\t\t\t}\n\t\t\t#gallery-1 .gallery-caption {\n\t\t\t\tmargin-left: 0;\n\t\t\t}\n\t\t\t\/* see gallery_shortcode() in wp-includes\/media.php *\/\n\t\t<\/style>\n\t\t<div id='gallery-1' class='gallery galleryid-51746 gallery-columns-3 gallery-size-thumbnail'><dl class='gallery-item'>\n\t\t\t<dt class='gallery-icon landscape'>\n\t\t\t\t<a href='https:\/\/cuernavaca.gob.mx\/?attachment_id=51747'><img width=\"150\" height=\"150\" src=\"https:\/\/cuernavaca.gob.mx\/wp-content\/uploads\/2025\/07\/LLAMA-JOSE\u0301-LUIS-URIO\u0301STEGUI-A-REDOBLAR-ESFUERZOS-INSTITUCIONALES-PARA-ERRADICAR-LA-VIOLENCIA-DE-GE\u0301NERO-EN-CUERNAVACA-1-150x150.jpg\" class=\"attachment-thumbnail size-thumbnail\" alt=\"\" loading=\"lazy\" \/><\/a>\n\t\t\t<\/dt><\/dl><dl class='gallery-item'>\n\t\t\t<dt class='gallery-icon landscape'>\n\t\t\t\t<a href='https:\/\/cuernavaca.gob.mx\/?attachment_id=51748'><img width=\"150\" height=\"150\" src=\"https:\/\/cuernavaca.gob.mx\/wp-content\/uploads\/2025\/07\/LLAMA-JOSE\u0301-LUIS-URIO\u0301STEGUI-A-REDOBLAR-ESFUERZOS-INSTITUCIONALES-PARA-ERRADICAR-LA-VIOLENCIA-DE-GE\u0301NERO-EN-CUERNAVACA-2-150x150.jpg\" class=\"attachment-thumbnail size-thumbnail\" alt=\"\" loading=\"lazy\" \/><\/a>\n\t\t\t<\/dt><\/dl><dl class='gallery-item'>\n\t\t\t<dt class='gallery-icon landscape'>\n\t\t\t\t<a href='https:\/\/cuernavaca.gob.mx\/?attachment_id=51749'><img width=\"150\" height=\"150\" src=\"https:\/\/cuernavaca.gob.mx\/wp-content\/uploads\/2025\/07\/LLAMA-JOSE\u0301-LUIS-URIO\u0301STEGUI-A-REDOBLAR-ESFUERZOS-INSTITUCIONALES-PARA-ERRADICAR-LA-VIOLENCIA-DE-GE\u0301NERO-EN-CUERNAVACA-3-150x150.jpg\" class=\"attachment-thumbnail size-thumbnail\" alt=\"\" loading=\"lazy\" \/><\/a>\n\t\t\t<\/dt><\/dl><br style=\"clear: both\" \/><dl class='gallery-item'>\n\t\t\t<dt class='gallery-icon landscape'>\n\t\t\t\t<a href='https:\/\/cuernavaca.gob.mx\/?attachment_id=51750'><img width=\"150\" height=\"150\" src=\"https:\/\/cuernavaca.gob.mx\/wp-content\/uploads\/2025\/07\/LLAMA-JOSE\u0301-LUIS-URIO\u0301STEGUI-A-REDOBLAR-ESFUERZOS-INSTITUCIONALES-PARA-ERRADICAR-LA-VIOLENCIA-DE-GE\u0301NERO-EN-CUERNAVACA-4-150x150.jpg\" class=\"attachment-thumbnail size-thumbnail\" alt=\"\" loading=\"lazy\" \/><\/a>\n\t\t\t<\/dt><\/dl>\n\t\t\t<br style='clear: both' \/>\n\t\t<\/div>\n\n","protected":false},"excerpt":{"rendered":"<p>\u2022 En el marco de la segunda sesi\u00f3n ordinaria del PASEMUN, el edil capitalino subray\u00f3 la importancia de una participaci\u00f3n activa y transversal que trascienda las oficinas gubernamentales y genere conciencia social para prevenir la violencia contra las mujeres Durante la segunda sesi\u00f3n ordinaria del Comit\u00e9 Municipal para Prevenir, Atender, Sancionar y Erradicar la Violencia [&hellip;]<\/p>\n","protected":false},"author":1,"featured_media":51750,"comment_status":"closed","ping_status":"open","sticky":false,"template":"","format":"standard","meta":[],"categories":[280],"tags":[121,120,4182,202,127,414,125,2794],"aioseo_notices":[],"_links":{"self":[{"href":"https:\/\/cuernavaca.gob.mx\/index.php?rest_route=\/wp\/v2\/posts\/51746"}],"collection":[{"href":"https:\/\/cuernavaca.gob.mx\/index.php?rest_route=\/wp\/v2\/posts"}],"about":[{"href":"https:\/\/cuernavaca.gob.mx\/index.php?rest_route=\/wp\/v2\/types\/post"}],"author":[{"embeddable":true,"href":"https:\/\/cuernavaca.gob.mx\/index.php?rest_route=\/wp\/v2\/users\/1"}],"replies":[{"embeddable":true,"href":"https:\/\/cuernavaca.gob.mx\/index.php?rest_route=%2Fwp%2Fv2%2Fcomments&post=51746"}],"version-history":[{"count":1,"href":"https:\/\/cuernavaca.gob.mx\/index.php?rest_route=\/wp\/v2\/posts\/51746\/revisions"}],"predecessor-version":[{"id":51751,"href":"https:\/\/cuernavaca.gob.mx\/index.php?rest_route=\/wp\/v2\/posts\/51746\/revisions\/51751"}],"wp:featuredmedia":[{"embeddable":true,"href":"https:\/\/cuernavaca.gob.mx\/index.php?rest_route=\/wp\/v2\/media\/51750"}],"wp:attachment":[{"href":"https:\/\/cuernavaca.gob.mx\/index.php?rest_route=%2Fwp%2Fv2%2Fmedia&parent=51746"}],"wp:term":[{"taxonomy":"category","embeddable":true,"href":"https:\/\/cuernavaca.gob.mx\/index.php?rest_route=%2Fwp%2Fv2%2Fcategories&post=51746"},{"taxonomy":"post_tag","embeddable":true,"href":"https:\/\/cuernavaca.gob.mx\/index.php?rest_route=%2Fwp%2Fv2%2Ftags&post=51746"}],"curies":[{"name":"wp","href":"https:\/\/api.w.org\/{rel}","templated":true}]}}