{"id":51756,"date":"2025-07-25T08:20:31","date_gmt":"2025-07-25T14:20:31","guid":{"rendered":"https:\/\/cuernavaca.gob.mx\/?p=51756"},"modified":"2025-07-25T08:20:31","modified_gmt":"2025-07-25T14:20:31","slug":"b428-25-07-25-ose-luis-uriostegui-refrenda-compromiso-financiero-con-cfe","status":"publish","type":"post","link":"https:\/\/cuernavaca.gob.mx\/?p=51756","title":{"rendered":"B428 25\/07\/25 OS\u00c9 LUIS URI\u00d3STEGUI REFRENDA COMPROMISO FINANCIERO CON CFE"},"content":{"rendered":"<p><strong>* En reuni\u00f3n con CFE, el alcalde capitalino reafirm\u00f3 el compromiso de su administraci\u00f3n para sanear las finanzas de SAPAC mediante el pago puntual del servicio el\u00e9ctrico y la aplicaci\u00f3n del convenio &#8220;Peso a Peso&#8221;<\/strong><\/p>\n<p>El presidente municipal de Cuernavaca, Jos\u00e9 Luis Uri\u00f3stegui Salgado, encabez\u00f3 este jueves una reuni\u00f3n de trabajo con representantes de la Comisi\u00f3n Federal de Electricidad (CFE) y directivos del Sistema de Agua Potable y Alcantarillado de Cuernavaca (SAPAC), donde se ratific\u00f3 el compromiso de su administraci\u00f3n y del organismo para continuar cubriendo los pagos ordinarios por el servicio de energ\u00eda el\u00e9ctrica, as\u00ed como abonar al adeudo hist\u00f3rico heredado por administraciones anteriores.<\/p>\n<p>Durante el encuentro, los representantes de CFE reconocieron la voluntad y el compromiso del alcalde para atender esta problem\u00e1tica financiera, destacando que incluso antes de asumir el cargo, cuando era presidente electo, solicit\u00f3 una reuni\u00f3n para conocer el estado del adeudo hist\u00f3rico, tanto de SAPAC como de la sede Papagayo del Ayuntamiento, y se comprometi\u00f3 desde entonces a hacerle frente de manera responsable.<\/p>\n<p>Como parte de los acuerdos de la reuni\u00f3n, se reiter\u00f3 que SAPAC continuar\u00e1 con el cumplimiento de sus pagos ordinarios y mantendr\u00e1 los abonos al adeudo hist\u00f3rico mediante la firma del convenio &#8220;Peso a Peso\u201d, el cual permitir\u00e1 que por cada peso pagado por SAPAC, la CFE condone otro peso del monto adeudado, representando un paso decisivo hacia la regularizaci\u00f3n financiera del organismo.<\/p>\n<p>Uri\u00f3stegui Salgado reconoci\u00f3 el esfuerzo del equipo de SAPAC para avanzar en la regularizaci\u00f3n financiera, lo cual representa un paso clave para garantizar servicios b\u00e1sicos en beneficio de la ciudadan\u00eda.<\/p>\n\n\t\t<style type=\"text\/css\">\n\t\t\t#gallery-1 {\n\t\t\t\tmargin: auto;\n\t\t\t}\n\t\t\t#gallery-1 .gallery-item {\n\t\t\t\tfloat: left;\n\t\t\t\tmargin-top: 10px;\n\t\t\t\ttext-align: center;\n\t\t\t\twidth: 33%;\n\t\t\t}\n\t\t\t#gallery-1 img {\n\t\t\t\tborder: 2px solid #cfcfcf;\n\t\t\t}\n\t\t\t#gallery-1 .gallery-caption {\n\t\t\t\tmargin-left: 0;\n\t\t\t}\n\t\t\t\/* see gallery_shortcode() in wp-includes\/media.php *\/\n\t\t<\/style>\n\t\t<div id='gallery-1' class='gallery galleryid-51756 gallery-columns-3 gallery-size-thumbnail'><dl class='gallery-item'>\n\t\t\t<dt class='gallery-icon landscape'>\n\t\t\t\t<a href='https:\/\/cuernavaca.gob.mx\/?attachment_id=51757'><img width=\"150\" height=\"150\" src=\"https:\/\/cuernavaca.gob.mx\/wp-content\/uploads\/2025\/07\/JOSE-LUIS-URIOSTEGUI-REFRENDA-COMPROMISO-FINANCIERO-CON-CFE-1-150x150.jpeg\" class=\"attachment-thumbnail size-thumbnail\" alt=\"\" loading=\"lazy\" \/><\/a>\n\t\t\t<\/dt><\/dl><dl class='gallery-item'>\n\t\t\t<dt class='gallery-icon landscape'>\n\t\t\t\t<a href='https:\/\/cuernavaca.gob.mx\/?attachment_id=51758'><img width=\"150\" height=\"150\" src=\"https:\/\/cuernavaca.gob.mx\/wp-content\/uploads\/2025\/07\/JOSE-LUIS-URIOSTEGUI-REFRENDA-COMPROMISO-FINANCIERO-CON-CFE-2-150x150.jpeg\" class=\"attachment-thumbnail size-thumbnail\" alt=\"\" loading=\"lazy\" \/><\/a>\n\t\t\t<\/dt><\/dl>\n\t\t\t<br style='clear: both' \/>\n\t\t<\/div>\n\n","protected":false},"excerpt":{"rendered":"<p>* En reuni\u00f3n con CFE, el alcalde capitalino reafirm\u00f3 el compromiso de su administraci\u00f3n para sanear las finanzas de SAPAC mediante el pago puntual del servicio el\u00e9ctrico y la aplicaci\u00f3n del convenio &#8220;Peso a Peso&#8221; El presidente municipal de Cuernavaca, Jos\u00e9 Luis Uri\u00f3stegui Salgado, encabez\u00f3 este jueves una reuni\u00f3n de trabajo con representantes de la [&hellip;]<\/p>\n","protected":false},"author":1,"featured_media":51757,"comment_status":"closed","ping_status":"open","sticky":false,"template":"","format":"standard","meta":[],"categories":[1],"tags":[663,584,121,664,120,206,665,127],"aioseo_notices":[],"_links":{"self":[{"href":"https:\/\/cuernavaca.gob.mx\/index.php?rest_route=\/wp\/v2\/posts\/51756"}],"collection":[{"href":"https:\/\/cuernavaca.gob.mx\/index.php?rest_route=\/wp\/v2\/posts"}],"about":[{"href":"https:\/\/cuernavaca.gob.mx\/index.php?rest_route=\/wp\/v2\/types\/post"}],"author":[{"embeddable":true,"href":"https:\/\/cuernavaca.gob.mx\/index.php?rest_route=\/wp\/v2\/users\/1"}],"replies":[{"embeddable":true,"href":"https:\/\/cuernavaca.gob.mx\/index.php?rest_route=%2Fwp%2Fv2%2Fcomments&post=51756"}],"version-history":[{"count":1,"href":"https:\/\/cuernavaca.gob.mx\/index.php?rest_route=\/wp\/v2\/posts\/51756\/revisions"}],"predecessor-version":[{"id":51759,"href":"https:\/\/cuernavaca.gob.mx\/index.php?rest_route=\/wp\/v2\/posts\/51756\/revisions\/51759"}],"wp:featuredmedia":[{"embeddable":true,"href":"https:\/\/cuernavaca.gob.mx\/index.php?rest_route=\/wp\/v2\/media\/51757"}],"wp:attachment":[{"href":"https:\/\/cuernavaca.gob.mx\/index.php?rest_route=%2Fwp%2Fv2%2Fmedia&parent=51756"}],"wp:term":[{"taxonomy":"category","embeddable":true,"href":"https:\/\/cuernavaca.gob.mx\/index.php?rest_route=%2Fwp%2Fv2%2Fcategories&post=51756"},{"taxonomy":"post_tag","embeddable":true,"href":"https:\/\/cuernavaca.gob.mx\/index.php?rest_route=%2Fwp%2Fv2%2Ftags&post=51756"}],"curies":[{"name":"wp","href":"https:\/\/api.w.org\/{rel}","templated":true}]}}