{"id":51760,"date":"2025-07-25T09:46:34","date_gmt":"2025-07-25T15:46:34","guid":{"rendered":"https:\/\/cuernavaca.gob.mx\/?p=51760"},"modified":"2025-07-25T09:46:34","modified_gmt":"2025-07-25T15:46:34","slug":"b429-25-07-25-anuncia-jose-luis-uriostegui-nueva-convocatoria-del-presupuesto-social-ciudadano-2025-para-seguir-transformando-cuernavaca","status":"publish","type":"post","link":"https:\/\/cuernavaca.gob.mx\/?p=51760","title":{"rendered":"B429 25\/07\/25 ANUNCIA JOS\u00c9 LUIS URI\u00d3STEGUI NUEVA CONVOCATORIA DEL PRESUPUESTO SOCIAL CIUDADANO 2025 PARA SEGUIR TRANSFORMANDO CUERNAVACA"},"content":{"rendered":"<p>Con el objetivo de continuar transformando la imagen urbana de Cuernavaca de manera coordinada con la poblaci\u00f3n, el presidente municipal, Jos\u00e9 Luis Uri\u00f3stegui Salgado, anunci\u00f3 que en los pr\u00f3ximos d\u00edas se abrir\u00e1 la segunda convocatoria del Presupuesto Social Ciudadano, un programa que ha permitido ejecutar peque\u00f1as obras en distintas colonias mediante la participaci\u00f3n directa de las y los vecinos.<\/p>\n<p>Durante sesi\u00f3n ordinaria de Cabildo, el alcalde detall\u00f3 que actualmente se est\u00e1 entregando la primera etapa correspondiente al presupuesto 2025 y que a partir del lunes iniciar\u00e1 la aplicaci\u00f3n del programa del ejercicio 2024. Debido a que no se agotaron los recursos destinados a ambos ejercicios, existe un remanente disponible de cinco millones 724 mil 799.04 pesos, por lo que se lanzar\u00e1 una nueva convocatoria con el fin de aprovechar este recurso en beneficio de la ciudadan\u00eda.<\/p>\n<p>Uri\u00f3stegui Salgado explic\u00f3 que el monto que se otorga por folio como m\u00e1ximo es de 65 mil pesos m\u00e1s IVA, enfoc\u00e1ndose en intervenciones definidas en asambleas vecinales, como la construcci\u00f3n de banquetas, rampas, rescate de espacios p\u00fablicos, entre otras mejoras comunitarias que impactan positivamente en la calidad de vida de las y los habitantes.<\/p>\n<p>\u201cEs fundamental seguir sumando esfuerzos. El valor del trabajo que aporta la ciudadan\u00eda en mano de obra es equiparable al monto econ\u00f3mico que otorgar el municipio, lo que significa que cada acci\u00f3n puede representar una inversi\u00f3n de m\u00e1s de cien mil pesos en las colonias. Esto s\u00ed provoca un cambio tangible\u201d, se\u00f1al\u00f3 el edil.<\/p>\n<p>El presidente municipal invit\u00f3 a las y los ciudadanos a mantenerse atentos a las redes sociales oficiales del Municipio de Cuernavaca, donde se publicar\u00e1n las bases de esta nueva convocatoria. Subray\u00f3 que este mecanismo de participaci\u00f3n fortalece el v\u00ednculo entre gobierno y sociedad, promoviendo una transformaci\u00f3n conjunta de la capital morelense.<\/p>\n\n\t\t<style type=\"text\/css\">\n\t\t\t#gallery-1 {\n\t\t\t\tmargin: auto;\n\t\t\t}\n\t\t\t#gallery-1 .gallery-item {\n\t\t\t\tfloat: left;\n\t\t\t\tmargin-top: 10px;\n\t\t\t\ttext-align: center;\n\t\t\t\twidth: 33%;\n\t\t\t}\n\t\t\t#gallery-1 img {\n\t\t\t\tborder: 2px solid #cfcfcf;\n\t\t\t}\n\t\t\t#gallery-1 .gallery-caption {\n\t\t\t\tmargin-left: 0;\n\t\t\t}\n\t\t\t\/* see gallery_shortcode() in wp-includes\/media.php *\/\n\t\t<\/style>\n\t\t<div id='gallery-1' class='gallery galleryid-51760 gallery-columns-3 gallery-size-thumbnail'><dl class='gallery-item'>\n\t\t\t<dt class='gallery-icon landscape'>\n\t\t\t\t<a href='https:\/\/cuernavaca.gob.mx\/?attachment_id=51762'><img width=\"150\" height=\"150\" src=\"https:\/\/cuernavaca.gob.mx\/wp-content\/uploads\/2025\/07\/ANUNCIA-JOSE\u0301-LUIS-URIO\u0301STEGUI-NUEVA-CONVOCATORIA-DEL-PRESUPUESTO-SOCIAL-CIUDADANO-2025-PARA-SEGUIR-TRANSFORMANDO-CUERNAVACA-1-1-150x150.jpg\" class=\"attachment-thumbnail size-thumbnail\" alt=\"\" loading=\"lazy\" \/><\/a>\n\t\t\t<\/dt><\/dl>\n\t\t\t<br style='clear: both' \/>\n\t\t<\/div>\n\n","protected":false},"excerpt":{"rendered":"<p>Con el objetivo de continuar transformando la imagen urbana de Cuernavaca de manera coordinada con la poblaci\u00f3n, el presidente municipal, Jos\u00e9 Luis Uri\u00f3stegui Salgado, anunci\u00f3 que en los pr\u00f3ximos d\u00edas se abrir\u00e1 la segunda convocatoria del Presupuesto Social Ciudadano, un programa que ha permitido ejecutar peque\u00f1as obras en distintas colonias mediante la participaci\u00f3n directa de [&hellip;]<\/p>\n","protected":false},"author":1,"featured_media":51762,"comment_status":"closed","ping_status":"open","sticky":false,"template":"","format":"standard","meta":[],"categories":[3047],"tags":[158,916,1007,121,515,120,206,127,3205],"aioseo_notices":[],"_links":{"self":[{"href":"https:\/\/cuernavaca.gob.mx\/index.php?rest_route=\/wp\/v2\/posts\/51760"}],"collection":[{"href":"https:\/\/cuernavaca.gob.mx\/index.php?rest_route=\/wp\/v2\/posts"}],"about":[{"href":"https:\/\/cuernavaca.gob.mx\/index.php?rest_route=\/wp\/v2\/types\/post"}],"author":[{"embeddable":true,"href":"https:\/\/cuernavaca.gob.mx\/index.php?rest_route=\/wp\/v2\/users\/1"}],"replies":[{"embeddable":true,"href":"https:\/\/cuernavaca.gob.mx\/index.php?rest_route=%2Fwp%2Fv2%2Fcomments&post=51760"}],"version-history":[{"count":1,"href":"https:\/\/cuernavaca.gob.mx\/index.php?rest_route=\/wp\/v2\/posts\/51760\/revisions"}],"predecessor-version":[{"id":51763,"href":"https:\/\/cuernavaca.gob.mx\/index.php?rest_route=\/wp\/v2\/posts\/51760\/revisions\/51763"}],"wp:featuredmedia":[{"embeddable":true,"href":"https:\/\/cuernavaca.gob.mx\/index.php?rest_route=\/wp\/v2\/media\/51762"}],"wp:attachment":[{"href":"https:\/\/cuernavaca.gob.mx\/index.php?rest_route=%2Fwp%2Fv2%2Fmedia&parent=51760"}],"wp:term":[{"taxonomy":"category","embeddable":true,"href":"https:\/\/cuernavaca.gob.mx\/index.php?rest_route=%2Fwp%2Fv2%2Fcategories&post=51760"},{"taxonomy":"post_tag","embeddable":true,"href":"https:\/\/cuernavaca.gob.mx\/index.php?rest_route=%2Fwp%2Fv2%2Ftags&post=51760"}],"curies":[{"name":"wp","href":"https:\/\/api.w.org\/{rel}","templated":true}]}}