{"id":51773,"date":"2025-07-25T12:00:46","date_gmt":"2025-07-25T18:00:46","guid":{"rendered":"https:\/\/cuernavaca.gob.mx\/?p=51773"},"modified":"2025-07-25T14:54:08","modified_gmt":"2025-07-25T20:54:08","slug":"f61-25-07-25-musica-baile-y-convivencia-en-la-antonio-barona-durante-el-festival-cultural-de-verano-2025","status":"publish","type":"post","link":"https:\/\/cuernavaca.gob.mx\/?p=51773","title":{"rendered":"F61 25\/07\/25 M\u00daSICA, BAILE Y CONVIVENCIA EN LA ANTONIO BARONA DURANTE EL FESTIVAL CULTURAL DE VERANO 2025"},"content":{"rendered":"<p>La colonia Antonio Barona se convirti\u00f3 en el epicentro de la alegr\u00eda y el ritmo durante la celebraci\u00f3n del 4.\u00ba Festival Cultural de Verano Cuernavaca 2025, un evento que reuni\u00f3 a gran cantidad de personas de todas las edades para disfrutar de la magia del arte y la m\u00fasica en un ambiente de convivencia y diversi\u00f3n.<\/p>\n<p>La explanada de la delegaci\u00f3n se llen\u00f3 de energ\u00eda y color cuando el grupo \u00c1ngeles del Amor subi\u00f3 al escenario para ofrecer un animado repertorio que incluy\u00f3 cumbia, danz\u00f3n y otros ritmos populares que lograron contagiar de ritmo a todos los asistentes. Ni\u00f1as, ni\u00f1os, adolescentes, adultos y personas mayores se unieron al comp\u00e1s de la m\u00fasica, compartiendo momentos de baile, risas y aplausos, haciendo de esta actividad una verdadera fiesta para la comunidad.<\/p>\n<p>El evento, que dur\u00f3 poco m\u00e1s de una hora, no solo fue una muestra del talento local, sino tambi\u00e9n una clara muestra del compromiso del presidente municipal, Jos\u00e9 Luis Uri\u00f3stegui Salgado, por fomentar la cultura y fortalecer el tejido social a trav\u00e9s de expresiones art\u00edsticas que son accesibles a todos y todas.<\/p>\n<p>El 4.\u00ba Festival Cultural de Verano Cuernavaca 2025 contin\u00faa demostrando que la cultura es una herramienta poderosa para unir a la comunidad y promover valores fundamentales de respeto y fraternidad.<\/p>\n<p>&nbsp;<\/p>\n\n\t\t<style type=\"text\/css\">\n\t\t\t#gallery-1 {\n\t\t\t\tmargin: auto;\n\t\t\t}\n\t\t\t#gallery-1 .gallery-item {\n\t\t\t\tfloat: left;\n\t\t\t\tmargin-top: 10px;\n\t\t\t\ttext-align: center;\n\t\t\t\twidth: 33%;\n\t\t\t}\n\t\t\t#gallery-1 img {\n\t\t\t\tborder: 2px solid #cfcfcf;\n\t\t\t}\n\t\t\t#gallery-1 .gallery-caption {\n\t\t\t\tmargin-left: 0;\n\t\t\t}\n\t\t\t\/* see gallery_shortcode() in wp-includes\/media.php *\/\n\t\t<\/style>\n\t\t<div id='gallery-1' class='gallery galleryid-51773 gallery-columns-3 gallery-size-thumbnail'><dl class='gallery-item'>\n\t\t\t<dt class='gallery-icon landscape'>\n\t\t\t\t<a href='https:\/\/cuernavaca.gob.mx\/?attachment_id=51774'><img width=\"150\" height=\"150\" src=\"https:\/\/cuernavaca.gob.mx\/wp-content\/uploads\/2025\/07\/MU\u0301SICA-BAILE-Y-CONVIVENCIA-EN-LA-ANTONIO-BARONA-DURANTE-EL-FESTIVAL-CULTURAL-DE-VERANO-2025-1-150x150.jpg\" class=\"attachment-thumbnail size-thumbnail\" alt=\"\" loading=\"lazy\" \/><\/a>\n\t\t\t<\/dt><\/dl><dl class='gallery-item'>\n\t\t\t<dt class='gallery-icon landscape'>\n\t\t\t\t<a href='https:\/\/cuernavaca.gob.mx\/?attachment_id=51775'><img width=\"150\" height=\"150\" src=\"https:\/\/cuernavaca.gob.mx\/wp-content\/uploads\/2025\/07\/MU\u0301SICA-BAILE-Y-CONVIVENCIA-EN-LA-ANTONIO-BARONA-DURANTE-EL-FESTIVAL-CULTURAL-DE-VERANO-2025-2-150x150.jpg\" class=\"attachment-thumbnail size-thumbnail\" alt=\"\" loading=\"lazy\" \/><\/a>\n\t\t\t<\/dt><\/dl>\n\t\t\t<br style='clear: both' \/>\n\t\t<\/div>\n\n","protected":false},"excerpt":{"rendered":"<p>La colonia Antonio Barona se convirti\u00f3 en el epicentro de la alegr\u00eda y el ritmo durante la celebraci\u00f3n del 4.\u00ba Festival Cultural de Verano Cuernavaca 2025, un evento que reuni\u00f3 a gran cantidad de personas de todas las edades para disfrutar de la magia del arte y la m\u00fasica en un ambiente de convivencia y [&hellip;]<\/p>\n","protected":false},"author":1,"featured_media":51775,"comment_status":"closed","ping_status":"open","sticky":false,"template":"","format":"standard","meta":[],"categories":[1],"tags":[121,120,206,127],"aioseo_notices":[],"_links":{"self":[{"href":"https:\/\/cuernavaca.gob.mx\/index.php?rest_route=\/wp\/v2\/posts\/51773"}],"collection":[{"href":"https:\/\/cuernavaca.gob.mx\/index.php?rest_route=\/wp\/v2\/posts"}],"about":[{"href":"https:\/\/cuernavaca.gob.mx\/index.php?rest_route=\/wp\/v2\/types\/post"}],"author":[{"embeddable":true,"href":"https:\/\/cuernavaca.gob.mx\/index.php?rest_route=\/wp\/v2\/users\/1"}],"replies":[{"embeddable":true,"href":"https:\/\/cuernavaca.gob.mx\/index.php?rest_route=%2Fwp%2Fv2%2Fcomments&post=51773"}],"version-history":[{"count":1,"href":"https:\/\/cuernavaca.gob.mx\/index.php?rest_route=\/wp\/v2\/posts\/51773\/revisions"}],"predecessor-version":[{"id":51776,"href":"https:\/\/cuernavaca.gob.mx\/index.php?rest_route=\/wp\/v2\/posts\/51773\/revisions\/51776"}],"wp:featuredmedia":[{"embeddable":true,"href":"https:\/\/cuernavaca.gob.mx\/index.php?rest_route=\/wp\/v2\/media\/51775"}],"wp:attachment":[{"href":"https:\/\/cuernavaca.gob.mx\/index.php?rest_route=%2Fwp%2Fv2%2Fmedia&parent=51773"}],"wp:term":[{"taxonomy":"category","embeddable":true,"href":"https:\/\/cuernavaca.gob.mx\/index.php?rest_route=%2Fwp%2Fv2%2Fcategories&post=51773"},{"taxonomy":"post_tag","embeddable":true,"href":"https:\/\/cuernavaca.gob.mx\/index.php?rest_route=%2Fwp%2Fv2%2Ftags&post=51773"}],"curies":[{"name":"wp","href":"https:\/\/api.w.org\/{rel}","templated":true}]}}