{"id":52373,"date":"2025-08-15T17:07:16","date_gmt":"2025-08-15T23:07:16","guid":{"rendered":"https:\/\/cuernavaca.gob.mx\/?p=52373"},"modified":"2025-08-15T17:07:16","modified_gmt":"2025-08-15T23:07:16","slug":"b503-15-08-25-jose-luis-uriostegui-sigue-dignificando-condiciones-laborales-y-respalda-a-base-sindicalizada","status":"publish","type":"post","link":"https:\/\/cuernavaca.gob.mx\/?p=52373","title":{"rendered":"B503 15\/08\/25 JOS\u00c9 LUIS URI\u00d3STEGUI SIGUE DIGNIFICANDO CONDICIONES LABORALES Y RESPALDA A BASE SINDICALIZADA"},"content":{"rendered":"<p>BOLET\u00cdN 503<\/p>\n<p>Cuernavaca, Morelos a 15 de agosto del 2025<\/p>\n<p>\u2022 L\u00edderes sindicales reconocen la gesti\u00f3n de Uri\u00f3stegui Salgado, quien ha mejorado las condiciones laborales y este a\u00f1o destin\u00f3 m\u00e1s de un mill\u00f3n de pesos en apoyos directos a trabajadores y sus familias<\/p>\n<p>El presidente municipal de Cuernavaca, Jos\u00e9 Luis Uri\u00f3stegui Salgado, refrend\u00f3 su compromiso con la base trabajadora del Ayuntamiento, al encabezar este viernes la entrega de \u00fatiles escolares y becas por aprovechamiento a hijas e hijos de trabajadoras y trabajadores sindicalizados, as\u00ed como uniformes a personal de la Secretar\u00eda de Desarrollo Sustentable y Servicios P\u00fablicos (SDSySP).<\/p>\n<p>En un evento realizado en la explanada de la sede Papagayo, el alcalde se\u00f1al\u00f3 que estas acciones son resultado de una administraci\u00f3n eficiente y responsable que prioriza el bienestar de su personal, reconociendo su esfuerzo y compromiso con la ciudad.<\/p>\n<p>Durante la ceremonia se entregaron becas por aprovechamiento a hijas e hijos de trabajadores sindicalizados que obtuvieron un promedio m\u00ednimo de 8.5 en el ciclo escolar concluido en nivel primaria y secundaria, beneficiando a 109 estudiantes de primaria con una inversi\u00f3n de 455 mil 838 pesos, y a 60 estudiantes de secundaria con una inversi\u00f3n de 301 mil 104 pesos.<\/p>\n<p>Adicionalmente, se dot\u00f3 de 186 paquetes de \u00fatiles escolares para estudiantes de primaria y 174 de secundaria, en apoyo a un total de 360 hijas e hijos de trabajadores.<\/p>\n<p>En reconocimiento al trabajo diario del personal operativo, se otorgaron uniformes y prendas de seguridad a 272 trabajadores sindicalizados de \u00e1reas clave como Desarrollo Sustentable, Conservaci\u00f3n de Barrancas, Servicios P\u00fablicos, Infraestructura Urbana, Panteones, Parques y Jardines, Rastro Municipal, Servicios Urbanos, Aseo Urbano y el pante\u00f3n Jardines de la Paz.<\/p>\n<p>Uri\u00f3stegui Salgado record\u00f3 que, desde el inicio de su primera administraci\u00f3n, se han implementado acciones para mejorar las condiciones laborales, incluyendo este a\u00f1o la entrega de un bono especial de cuatro mil pesos, reflejo del compromiso y respeto hacia la base trabajadora.<\/p>\n<p>En representaci\u00f3n de las y los beneficiarios, expresaron su agradecimiento al alcalde: Liliana N\u00e1jera Castillo, secretaria general del Sindicato de Trabajadores y Empleados al Servicio del H. Ayuntamiento de Cuernavaca; Otilia Reyes Soto, secretaria general del Sindicato Aut\u00e9ntico de Trabajadores al Servicio del H. Ayuntamiento de Cuernavaca; Edgar Garc\u00eda Montesinos, secretario general del Sindicato Democr\u00e1tico de Trabajadores y Empleados al Servicio del H. Ayuntamiento de Cuernavaca y Organismos Descentralizados del Municipio de Cuernavaca; Guillermo S\u00e1nchez V\u00e9lez, secretario general del Sindicato de Trabajadores de los Centros de Abastecimiento, Mercados y Empleados del H. Ayuntamiento de Cuernavaca; y Eliseo Torres Duque, secretario general del Sindicato de Servidores P\u00fablicos Municipales y Organismos Descentralizados del H. Ayuntamiento de Cuernavaca.<\/p>\n<p>Todas y todos coincidieron en que, desde 2022, la base trabajadora ha recibido un respaldo constante que se traduce en mejores condiciones y beneficios reales que fortalecen la relaci\u00f3n entre el gobierno municipal y sus trabajadores.<\/p>\n<p>En el acto estuvieron presentes los regidores Juan Miguel Serrano Gastelum, Salvador Aguilar Rea y Hugo Bar\u00f3n Pulido; el secretario de Desarrollo Sustentable y Servicios P\u00fablicos (SDSySP), Guillermo L\u00f3pez Mej\u00eda, y el director de Recursos Humanos, Carlos Antelmo Torres Galindo.<\/p>\n\n\t\t<style type=\"text\/css\">\n\t\t\t#gallery-1 {\n\t\t\t\tmargin: auto;\n\t\t\t}\n\t\t\t#gallery-1 .gallery-item {\n\t\t\t\tfloat: left;\n\t\t\t\tmargin-top: 10px;\n\t\t\t\ttext-align: center;\n\t\t\t\twidth: 33%;\n\t\t\t}\n\t\t\t#gallery-1 img {\n\t\t\t\tborder: 2px solid #cfcfcf;\n\t\t\t}\n\t\t\t#gallery-1 .gallery-caption {\n\t\t\t\tmargin-left: 0;\n\t\t\t}\n\t\t\t\/* see gallery_shortcode() in wp-includes\/media.php *\/\n\t\t<\/style>\n\t\t<div id='gallery-1' class='gallery galleryid-52373 gallery-columns-3 gallery-size-thumbnail'><dl class='gallery-item'>\n\t\t\t<dt class='gallery-icon landscape'>\n\t\t\t\t<a href='https:\/\/cuernavaca.gob.mx\/?attachment_id=52374'><img width=\"150\" height=\"150\" src=\"https:\/\/cuernavaca.gob.mx\/wp-content\/uploads\/2025\/08\/IMG-20250815-WA0028-150x150.jpg\" class=\"attachment-thumbnail size-thumbnail\" alt=\"\" loading=\"lazy\" \/><\/a>\n\t\t\t<\/dt><\/dl><dl class='gallery-item'>\n\t\t\t<dt class='gallery-icon landscape'>\n\t\t\t\t<a href='https:\/\/cuernavaca.gob.mx\/?attachment_id=52375'><img width=\"150\" height=\"150\" src=\"https:\/\/cuernavaca.gob.mx\/wp-content\/uploads\/2025\/08\/IMG-20250815-WA0047-150x150.jpg\" class=\"attachment-thumbnail size-thumbnail\" alt=\"\" loading=\"lazy\" \/><\/a>\n\t\t\t<\/dt><\/dl><dl class='gallery-item'>\n\t\t\t<dt class='gallery-icon landscape'>\n\t\t\t\t<a href='https:\/\/cuernavaca.gob.mx\/?attachment_id=52376'><img width=\"150\" height=\"150\" src=\"https:\/\/cuernavaca.gob.mx\/wp-content\/uploads\/2025\/08\/IMG-20250815-WA0035-150x150.jpg\" class=\"attachment-thumbnail size-thumbnail\" alt=\"\" loading=\"lazy\" \/><\/a>\n\t\t\t<\/dt><\/dl><br style=\"clear: both\" \/><dl class='gallery-item'>\n\t\t\t<dt class='gallery-icon landscape'>\n\t\t\t\t<a href='https:\/\/cuernavaca.gob.mx\/?attachment_id=52377'><img width=\"150\" height=\"150\" src=\"https:\/\/cuernavaca.gob.mx\/wp-content\/uploads\/2025\/08\/IMG-20250815-WA0050-150x150.jpg\" class=\"attachment-thumbnail size-thumbnail\" alt=\"\" loading=\"lazy\" \/><\/a>\n\t\t\t<\/dt><\/dl><dl class='gallery-item'>\n\t\t\t<dt class='gallery-icon landscape'>\n\t\t\t\t<a href='https:\/\/cuernavaca.gob.mx\/?attachment_id=52378'><img width=\"150\" height=\"150\" src=\"https:\/\/cuernavaca.gob.mx\/wp-content\/uploads\/2025\/08\/IMG-20250815-WA0052-150x150.jpg\" class=\"attachment-thumbnail size-thumbnail\" alt=\"\" loading=\"lazy\" \/><\/a>\n\t\t\t<\/dt><\/dl><dl class='gallery-item'>\n\t\t\t<dt class='gallery-icon landscape'>\n\t\t\t\t<a href='https:\/\/cuernavaca.gob.mx\/?attachment_id=52379'><img width=\"150\" height=\"150\" src=\"https:\/\/cuernavaca.gob.mx\/wp-content\/uploads\/2025\/08\/IMG-20250815-WA0033-150x150.jpg\" class=\"attachment-thumbnail size-thumbnail\" alt=\"\" loading=\"lazy\" \/><\/a>\n\t\t\t<\/dt><\/dl><br style=\"clear: both\" \/><dl class='gallery-item'>\n\t\t\t<dt class='gallery-icon landscape'>\n\t\t\t\t<a href='https:\/\/cuernavaca.gob.mx\/?attachment_id=52380'><img width=\"150\" height=\"150\" src=\"https:\/\/cuernavaca.gob.mx\/wp-content\/uploads\/2025\/08\/IMG-20250815-WA0048-150x150.jpg\" class=\"attachment-thumbnail size-thumbnail\" alt=\"\" loading=\"lazy\" \/><\/a>\n\t\t\t<\/dt><\/dl><dl class='gallery-item'>\n\t\t\t<dt class='gallery-icon landscape'>\n\t\t\t\t<a href='https:\/\/cuernavaca.gob.mx\/?attachment_id=52381'><img width=\"150\" height=\"150\" src=\"https:\/\/cuernavaca.gob.mx\/wp-content\/uploads\/2025\/08\/IMG-20250815-WA0034-150x150.jpg\" class=\"attachment-thumbnail size-thumbnail\" alt=\"\" loading=\"lazy\" \/><\/a>\n\t\t\t<\/dt><\/dl><dl class='gallery-item'>\n\t\t\t<dt class='gallery-icon landscape'>\n\t\t\t\t<a href='https:\/\/cuernavaca.gob.mx\/?attachment_id=52382'><img width=\"150\" height=\"150\" src=\"https:\/\/cuernavaca.gob.mx\/wp-content\/uploads\/2025\/08\/IMG-20250815-WA0044-150x150.jpg\" class=\"attachment-thumbnail size-thumbnail\" alt=\"\" loading=\"lazy\" \/><\/a>\n\t\t\t<\/dt><\/dl><br style=\"clear: both\" \/><dl class='gallery-item'>\n\t\t\t<dt class='gallery-icon landscape'>\n\t\t\t\t<a href='https:\/\/cuernavaca.gob.mx\/?attachment_id=52383'><img width=\"150\" height=\"150\" src=\"https:\/\/cuernavaca.gob.mx\/wp-content\/uploads\/2025\/08\/IMG-20250815-WA0049-150x150.jpg\" class=\"attachment-thumbnail size-thumbnail\" alt=\"\" loading=\"lazy\" \/><\/a>\n\t\t\t<\/dt><\/dl>\n\t\t\t<br style='clear: both' \/>\n\t\t<\/div>\n\n","protected":false},"excerpt":{"rendered":"<p>BOLET\u00cdN 503 Cuernavaca, Morelos a 15 de agosto del 2025 \u2022 L\u00edderes sindicales reconocen la gesti\u00f3n de Uri\u00f3stegui Salgado, quien ha mejorado las condiciones laborales y este a\u00f1o destin\u00f3 m\u00e1s de un mill\u00f3n de pesos en apoyos directos a trabajadores y sus familias El presidente municipal de Cuernavaca, Jos\u00e9 Luis Uri\u00f3stegui Salgado, refrend\u00f3 su compromiso [&hellip;]<\/p>\n","protected":false},"author":1,"featured_media":52381,"comment_status":"closed","ping_status":"open","sticky":false,"template":"","format":"standard","meta":[],"categories":[3090,2624],"tags":[],"aioseo_notices":[],"_links":{"self":[{"href":"https:\/\/cuernavaca.gob.mx\/index.php?rest_route=\/wp\/v2\/posts\/52373"}],"collection":[{"href":"https:\/\/cuernavaca.gob.mx\/index.php?rest_route=\/wp\/v2\/posts"}],"about":[{"href":"https:\/\/cuernavaca.gob.mx\/index.php?rest_route=\/wp\/v2\/types\/post"}],"author":[{"embeddable":true,"href":"https:\/\/cuernavaca.gob.mx\/index.php?rest_route=\/wp\/v2\/users\/1"}],"replies":[{"embeddable":true,"href":"https:\/\/cuernavaca.gob.mx\/index.php?rest_route=%2Fwp%2Fv2%2Fcomments&post=52373"}],"version-history":[{"count":1,"href":"https:\/\/cuernavaca.gob.mx\/index.php?rest_route=\/wp\/v2\/posts\/52373\/revisions"}],"predecessor-version":[{"id":52384,"href":"https:\/\/cuernavaca.gob.mx\/index.php?rest_route=\/wp\/v2\/posts\/52373\/revisions\/52384"}],"wp:featuredmedia":[{"embeddable":true,"href":"https:\/\/cuernavaca.gob.mx\/index.php?rest_route=\/wp\/v2\/media\/52381"}],"wp:attachment":[{"href":"https:\/\/cuernavaca.gob.mx\/index.php?rest_route=%2Fwp%2Fv2%2Fmedia&parent=52373"}],"wp:term":[{"taxonomy":"category","embeddable":true,"href":"https:\/\/cuernavaca.gob.mx\/index.php?rest_route=%2Fwp%2Fv2%2Fcategories&post=52373"},{"taxonomy":"post_tag","embeddable":true,"href":"https:\/\/cuernavaca.gob.mx\/index.php?rest_route=%2Fwp%2Fv2%2Ftags&post=52373"}],"curies":[{"name":"wp","href":"https:\/\/api.w.org\/{rel}","templated":true}]}}