{"id":52389,"date":"2025-08-16T11:33:24","date_gmt":"2025-08-16T17:33:24","guid":{"rendered":"https:\/\/cuernavaca.gob.mx\/?p=52389"},"modified":"2025-08-17T11:39:58","modified_gmt":"2025-08-17T17:39:58","slug":"f68-16-08-25-concluye-con-exito-mi-verano-imc-generando-espacios-seguros-y-de-sana-convivencia","status":"publish","type":"post","link":"https:\/\/cuernavaca.gob.mx\/?p=52389","title":{"rendered":"F68 16\/08\/25 CONCLUYE CON \u00c9XITO \u201cMI VERANO IMC\u201d, GENERANDO ESPACIOS SEGUROS Y DE SANA CONVIVENCIA"},"content":{"rendered":"<p>Madres, padres, ni\u00f1as y ni\u00f1os participantes del curso &#8220;Mi Verano IMC\u201d expresaron su agradecimiento por las actividades realizadas, en las que, adem\u00e1s de adquirir conocimientos pr\u00e1cticos y art\u00edsticos, convivieron y se divirtieron en un ambiente seguro que pueden replicar en casa y en la escuela.<\/p>\n<p>Durante la clausura, la directora del Instituto de la Mujer de Cuernavaca (IMC), Lorena Elizabeth Castillo, destac\u00f3 el inter\u00e9s de madres y padres por fomentar el desarrollo integral de sus hijas e hijos durante el periodo vacacional. Ante la buena respuesta al programa, propuso que el IMC implemente un d\u00eda a la semana con actividades l\u00fadicas dirigidas a ni\u00f1as y ni\u00f1os, adem\u00e1s de fortalecer la edici\u00f3n del curso para el pr\u00f3ximo a\u00f1o.<\/p>\n<p>Lorena Castillo tambi\u00e9n reconoci\u00f3 el compromiso del equipo del IMC, particularmente de las \u00e1reas de Equidad de G\u00e9nero, Servicio Integral, Primer Contacto, Asesor\u00eda Psicol\u00f3gica, \u00c1rea Jur\u00eddica, Promoci\u00f3n y Difusi\u00f3n, por su valiosa colaboraci\u00f3n en la realizaci\u00f3n de \u201cMi Verano IMC\u201d, el cual gracias al trabajo conjunto con las familias participantes, se lograron consolidar espacios seguros que promueven los derechos humanos de ni\u00f1as, adolescentes y mujeres, as\u00ed como la igualdad y la sana convivencia.<\/p>\n\n\t\t<style type=\"text\/css\">\n\t\t\t#gallery-1 {\n\t\t\t\tmargin: auto;\n\t\t\t}\n\t\t\t#gallery-1 .gallery-item {\n\t\t\t\tfloat: left;\n\t\t\t\tmargin-top: 10px;\n\t\t\t\ttext-align: center;\n\t\t\t\twidth: 33%;\n\t\t\t}\n\t\t\t#gallery-1 img {\n\t\t\t\tborder: 2px solid #cfcfcf;\n\t\t\t}\n\t\t\t#gallery-1 .gallery-caption {\n\t\t\t\tmargin-left: 0;\n\t\t\t}\n\t\t\t\/* see gallery_shortcode() in wp-includes\/media.php *\/\n\t\t<\/style>\n\t\t<div id='gallery-1' class='gallery galleryid-52389 gallery-columns-3 gallery-size-thumbnail'><dl class='gallery-item'>\n\t\t\t<dt class='gallery-icon landscape'>\n\t\t\t\t<a href='https:\/\/cuernavaca.gob.mx\/?attachment_id=52390'><img width=\"150\" height=\"150\" src=\"https:\/\/cuernavaca.gob.mx\/wp-content\/uploads\/2025\/08\/CONCLUYE-CON-EXITO-MI-VERANO-IMC-GENERANDO-ESPACIOS-SEGUROS-Y-DE-SANA-CONVIVENCIA-1-150x150.jpeg\" class=\"attachment-thumbnail size-thumbnail\" alt=\"\" loading=\"lazy\" \/><\/a>\n\t\t\t<\/dt><\/dl><dl class='gallery-item'>\n\t\t\t<dt class='gallery-icon portrait'>\n\t\t\t\t<a href='https:\/\/cuernavaca.gob.mx\/?attachment_id=52391'><img width=\"150\" height=\"150\" src=\"https:\/\/cuernavaca.gob.mx\/wp-content\/uploads\/2025\/08\/CONCLUYE-CON-EXITO-MI-VERANO-IMC-GENERANDO-ESPACIOS-SEGUROS-Y-DE-SANA-CONVIVENCIA-2-150x150.jpeg\" class=\"attachment-thumbnail size-thumbnail\" alt=\"\" loading=\"lazy\" \/><\/a>\n\t\t\t<\/dt><\/dl><dl class='gallery-item'>\n\t\t\t<dt class='gallery-icon landscape'>\n\t\t\t\t<a href='https:\/\/cuernavaca.gob.mx\/?attachment_id=52392'><img width=\"150\" height=\"150\" src=\"https:\/\/cuernavaca.gob.mx\/wp-content\/uploads\/2025\/08\/CONCLUYE-CON-EXITO-MI-VERANO-IMC-GENERANDO-ESPACIOS-SEGUROS-Y-DE-SANA-CONVIVENCIA-3-150x150.jpeg\" class=\"attachment-thumbnail size-thumbnail\" alt=\"\" loading=\"lazy\" \/><\/a>\n\t\t\t<\/dt><\/dl><br style=\"clear: both\" \/><dl class='gallery-item'>\n\t\t\t<dt class='gallery-icon landscape'>\n\t\t\t\t<a href='https:\/\/cuernavaca.gob.mx\/?attachment_id=52393'><img width=\"150\" height=\"150\" src=\"https:\/\/cuernavaca.gob.mx\/wp-content\/uploads\/2025\/08\/CONCLUYE-CON-EXITO-MI-VERANO-IMC-GENERANDO-ESPACIOS-SEGUROS-Y-DE-SANA-CONVIVENCIA-4-150x150.jpeg\" class=\"attachment-thumbnail size-thumbnail\" alt=\"\" loading=\"lazy\" \/><\/a>\n\t\t\t<\/dt><\/dl><dl class='gallery-item'>\n\t\t\t<dt class='gallery-icon landscape'>\n\t\t\t\t<a href='https:\/\/cuernavaca.gob.mx\/?attachment_id=52394'><img width=\"150\" height=\"150\" src=\"https:\/\/cuernavaca.gob.mx\/wp-content\/uploads\/2025\/08\/CONCLUYE-CON-EXITO-MI-VERANO-IMC-GENERANDO-ESPACIOS-SEGUROS-Y-DE-SANA-CONVIVENCIA-5-150x150.jpeg\" class=\"attachment-thumbnail size-thumbnail\" alt=\"\" loading=\"lazy\" \/><\/a>\n\t\t\t<\/dt><\/dl><dl class='gallery-item'>\n\t\t\t<dt class='gallery-icon portrait'>\n\t\t\t\t<a href='https:\/\/cuernavaca.gob.mx\/?attachment_id=52395'><img width=\"150\" height=\"150\" src=\"https:\/\/cuernavaca.gob.mx\/wp-content\/uploads\/2025\/08\/CONCLUYE-CON-EXITO-MI-VERANO-IMC-GENERANDO-ESPACIOS-SEGUROS-Y-DE-SANA-CONVIVENCIA-6-150x150.jpeg\" class=\"attachment-thumbnail size-thumbnail\" alt=\"\" loading=\"lazy\" \/><\/a>\n\t\t\t<\/dt><\/dl><br style=\"clear: both\" \/>\n\t\t<\/div>\n\n<p>&nbsp;<\/p>\n","protected":false},"excerpt":{"rendered":"<p>Madres, padres, ni\u00f1as y ni\u00f1os participantes del curso &#8220;Mi Verano IMC\u201d expresaron su agradecimiento por las actividades realizadas, en las que, adem\u00e1s de adquirir conocimientos pr\u00e1cticos y art\u00edsticos, convivieron y se divirtieron en un ambiente seguro que pueden replicar en casa y en la escuela. Durante la clausura, la directora del Instituto de la Mujer [&hellip;]<\/p>\n","protected":false},"author":1,"featured_media":52394,"comment_status":"closed","ping_status":"open","sticky":false,"template":"","format":"standard","meta":[],"categories":[280],"tags":[587,121,3213,2337,120,206,2747,127],"aioseo_notices":[],"_links":{"self":[{"href":"https:\/\/cuernavaca.gob.mx\/index.php?rest_route=\/wp\/v2\/posts\/52389"}],"collection":[{"href":"https:\/\/cuernavaca.gob.mx\/index.php?rest_route=\/wp\/v2\/posts"}],"about":[{"href":"https:\/\/cuernavaca.gob.mx\/index.php?rest_route=\/wp\/v2\/types\/post"}],"author":[{"embeddable":true,"href":"https:\/\/cuernavaca.gob.mx\/index.php?rest_route=\/wp\/v2\/users\/1"}],"replies":[{"embeddable":true,"href":"https:\/\/cuernavaca.gob.mx\/index.php?rest_route=%2Fwp%2Fv2%2Fcomments&post=52389"}],"version-history":[{"count":1,"href":"https:\/\/cuernavaca.gob.mx\/index.php?rest_route=\/wp\/v2\/posts\/52389\/revisions"}],"predecessor-version":[{"id":52396,"href":"https:\/\/cuernavaca.gob.mx\/index.php?rest_route=\/wp\/v2\/posts\/52389\/revisions\/52396"}],"wp:featuredmedia":[{"embeddable":true,"href":"https:\/\/cuernavaca.gob.mx\/index.php?rest_route=\/wp\/v2\/media\/52394"}],"wp:attachment":[{"href":"https:\/\/cuernavaca.gob.mx\/index.php?rest_route=%2Fwp%2Fv2%2Fmedia&parent=52389"}],"wp:term":[{"taxonomy":"category","embeddable":true,"href":"https:\/\/cuernavaca.gob.mx\/index.php?rest_route=%2Fwp%2Fv2%2Fcategories&post=52389"},{"taxonomy":"post_tag","embeddable":true,"href":"https:\/\/cuernavaca.gob.mx\/index.php?rest_route=%2Fwp%2Fv2%2Ftags&post=52389"}],"curies":[{"name":"wp","href":"https:\/\/api.w.org\/{rel}","templated":true}]}}