{"id":52406,"date":"2025-08-17T11:00:09","date_gmt":"2025-08-17T17:00:09","guid":{"rendered":"https:\/\/cuernavaca.gob.mx\/?p=52406"},"modified":"2025-08-17T11:56:57","modified_gmt":"2025-08-17T17:56:57","slug":"b506-17-08-25-cuernavaca-fortalece-acciones-que-detonan-el-desarrollo-economico-local","status":"publish","type":"post","link":"https:\/\/cuernavaca.gob.mx\/?p=52406","title":{"rendered":"B506 17\/08\/25 CUERNAVACA FORTALECE ACCIONES QUE DETONAN EL DESARROLLO ECON\u00d3MICO LOCAL\u00a0"},"content":{"rendered":"<div><strong>\u2022 La Direcci\u00f3n General de Comercio, Industria y Servicios present\u00f3 un plan integral que da continuidad al impulso econ\u00f3mico iniciado en la primera administraci\u00f3n municipal de Jos\u00e9 Luis Uri\u00f3stegui Salgado \u00a0<\/strong><\/div>\n<div><\/div>\n<div>En cumplimiento a las instrucciones del presidente municipal de Cuernavaca, Jos\u00e9 Luis Uri\u00f3stegui Salgado, la Direcci\u00f3n General de Comercio, Industria y Servicios adscrita a la Secretar\u00eda de Desarrollo Econ\u00f3mico y Turismo (SDEyT), puso en marcha una nueva etapa de trabajo enfocada en generar mayores oportunidades de empleo, autoempleo, inversi\u00f3n y crecimiento para quienes viven en la capital morelense.<\/div>\n<div><\/div>\n<div>Este plan busca articular esfuerzos entre los sectores productivos, acad\u00e9micos y cient\u00edficos del municipio, ofreciendo herramientas reales que faciliten el desarrollo de negocios, proyectos productivos e iniciativas ciudadanas con alto impacto social y econ\u00f3mico.<\/div>\n<div><\/div>\n<div>La titular del \u00e1rea, Priscila Pilatowsky Go\u00f1i, subray\u00f3 que Cuernavaca tiene un enorme potencial que no ha sido del todo aprovechado. En Morelos existen m\u00e1s de 42 centros de investigaci\u00f3n estatales y nacionales, adem\u00e1s de cerca de dos mil 500 investigadoras e investigadores, la mayor\u00eda concentrados en la capital, lo que convierte a la ciudad en un semillero de talento e innovaci\u00f3n.<\/div>\n<div><\/div>\n<div>\u201cNuestra intenci\u00f3n es que ese conocimiento no se vaya, que se quede, que florezca en Cuernavaca, que sus inventos, desarrollos y patentes puedan convertirse en empresas locales que generen empleo y beneficios reales para las familias\u201d, se\u00f1al\u00f3.<\/div>\n<div><\/div>\n<div>Una de las estrategias clave ser\u00e1 la creaci\u00f3n de una incubadora de empresas cient\u00edficas y tecnol\u00f3gicas, que permita a investigadoras, investigadores, emprendedoras, emprendedores, as\u00ed como a egresadas y egresados universitarios desarrollar sus ideas y transformarlas en soluciones de mercado.<\/div>\n<div><\/div>\n<div>Pilatowsky Go\u00f1i resalt\u00f3 que el plan tambi\u00e9n contempla el fortalecimiento del autoempleo, a trav\u00e9s de capacitaciones, asesor\u00edas legales y fiscales, y la conexi\u00f3n con empresas, c\u00e1maras y redes de apoyo, para que m\u00e1s personas tengan las herramientas necesarias para emprender por cuenta propia.<\/div>\n<div><\/div>\n<div>Adem\u00e1s, se mantendr\u00e1n y reforzar\u00e1n los apoyos al sector agropecuario, con una visi\u00f3n de modernizaci\u00f3n y proyecci\u00f3n nacional e internacional. Asimismo, se impulsar\u00e1n acciones y programas que favorezcan la autonom\u00eda econ\u00f3mica de las mujeres y contribuyan al fortalecimiento de las pol\u00edticas p\u00fablicas desarrolladas por la administraci\u00f3n municipal.<\/div>\n<div><\/div>\n<div>La direcci\u00f3n general, integrada por seis \u00e1reas clave como Fomento Empresarial y al Empleo, Fomento Agropecuario, Mercados, Mejora Regulatoria, Licencias de Funcionamiento y el Mercado Adolfo L\u00f3pez Mateos, trabaja de forma transversal para garantizar que las acciones lleguen a m\u00e1s personas y generen impactos tangibles.<\/div>\n<div><\/div>\n<div>Con este nuevo modelo, el Ayuntamiento de Cuernavaca reafirma su compromiso con una ciudad que pone a las personas al centro del desarrollo, construyendo oportunidades desde el talento local y la participaci\u00f3n ciudadana.<\/div>\n<div><\/div>\n<div>\n\n\t\t<style type=\"text\/css\">\n\t\t\t#gallery-1 {\n\t\t\t\tmargin: auto;\n\t\t\t}\n\t\t\t#gallery-1 .gallery-item {\n\t\t\t\tfloat: left;\n\t\t\t\tmargin-top: 10px;\n\t\t\t\ttext-align: center;\n\t\t\t\twidth: 33%;\n\t\t\t}\n\t\t\t#gallery-1 img {\n\t\t\t\tborder: 2px solid #cfcfcf;\n\t\t\t}\n\t\t\t#gallery-1 .gallery-caption {\n\t\t\t\tmargin-left: 0;\n\t\t\t}\n\t\t\t\/* see gallery_shortcode() in wp-includes\/media.php *\/\n\t\t<\/style>\n\t\t<div id='gallery-1' class='gallery galleryid-52406 gallery-columns-3 gallery-size-thumbnail'><dl class='gallery-item'>\n\t\t\t<dt class='gallery-icon landscape'>\n\t\t\t\t<a href='https:\/\/cuernavaca.gob.mx\/?attachment_id=52407'><img width=\"150\" height=\"150\" src=\"https:\/\/cuernavaca.gob.mx\/wp-content\/uploads\/2025\/08\/CUERNAVACA-FORTALECE-ACCIONES-QUE-DETONAN-EL-DESARROLLO-ECONOMICO-LOCAL--150x150.jpeg\" class=\"attachment-thumbnail size-thumbnail\" alt=\"\" loading=\"lazy\" \/><\/a>\n\t\t\t<\/dt><\/dl>\n\t\t\t<br style='clear: both' \/>\n\t\t<\/div>\n\n<\/div>\n<div><\/div>\n<div><\/div>\n","protected":false},"excerpt":{"rendered":"<p>\u2022 La Direcci\u00f3n General de Comercio, Industria y Servicios present\u00f3 un plan integral que da continuidad al impulso econ\u00f3mico iniciado en la primera administraci\u00f3n municipal de Jos\u00e9 Luis Uri\u00f3stegui Salgado \u00a0 En cumplimiento a las instrucciones del presidente municipal de Cuernavaca, Jos\u00e9 Luis Uri\u00f3stegui Salgado, la Direcci\u00f3n General de Comercio, Industria y Servicios adscrita a [&hellip;]<\/p>\n","protected":false},"author":1,"featured_media":52407,"comment_status":"closed","ping_status":"open","sticky":false,"template":"","format":"standard","meta":[],"categories":[2294],"tags":[121,4208,539,120,127],"aioseo_notices":[],"_links":{"self":[{"href":"https:\/\/cuernavaca.gob.mx\/index.php?rest_route=\/wp\/v2\/posts\/52406"}],"collection":[{"href":"https:\/\/cuernavaca.gob.mx\/index.php?rest_route=\/wp\/v2\/posts"}],"about":[{"href":"https:\/\/cuernavaca.gob.mx\/index.php?rest_route=\/wp\/v2\/types\/post"}],"author":[{"embeddable":true,"href":"https:\/\/cuernavaca.gob.mx\/index.php?rest_route=\/wp\/v2\/users\/1"}],"replies":[{"embeddable":true,"href":"https:\/\/cuernavaca.gob.mx\/index.php?rest_route=%2Fwp%2Fv2%2Fcomments&post=52406"}],"version-history":[{"count":1,"href":"https:\/\/cuernavaca.gob.mx\/index.php?rest_route=\/wp\/v2\/posts\/52406\/revisions"}],"predecessor-version":[{"id":52408,"href":"https:\/\/cuernavaca.gob.mx\/index.php?rest_route=\/wp\/v2\/posts\/52406\/revisions\/52408"}],"wp:featuredmedia":[{"embeddable":true,"href":"https:\/\/cuernavaca.gob.mx\/index.php?rest_route=\/wp\/v2\/media\/52407"}],"wp:attachment":[{"href":"https:\/\/cuernavaca.gob.mx\/index.php?rest_route=%2Fwp%2Fv2%2Fmedia&parent=52406"}],"wp:term":[{"taxonomy":"category","embeddable":true,"href":"https:\/\/cuernavaca.gob.mx\/index.php?rest_route=%2Fwp%2Fv2%2Fcategories&post=52406"},{"taxonomy":"post_tag","embeddable":true,"href":"https:\/\/cuernavaca.gob.mx\/index.php?rest_route=%2Fwp%2Fv2%2Ftags&post=52406"}],"curies":[{"name":"wp","href":"https:\/\/api.w.org\/{rel}","templated":true}]}}