{"id":52671,"date":"2025-08-28T09:00:20","date_gmt":"2025-08-28T15:00:20","guid":{"rendered":"https:\/\/cuernavaca.gob.mx\/?p=52671"},"modified":"2025-08-28T13:21:30","modified_gmt":"2025-08-28T19:21:30","slug":"b542-28-08-25-secoms-realiza-marcha-exploratoria-de-seguridad-en-la-colonia-amatitan-para-fortalecer-la-organizacion-vecinal-y-la-cultura-de-paz","status":"publish","type":"post","link":"https:\/\/cuernavaca.gob.mx\/?p=52671","title":{"rendered":"B542 28\/08\/25 SECOMS REALIZA MARCHA EXPLORATORIA DE SEGURIDAD EN LA COLONIA AMATIT\u00c1N PARA FORTALECER LA ORGANIZACI\u00d3N VECINAL Y LA CULTURA DE PAZ"},"content":{"rendered":"<p>En seguimiento a las acciones de fortalecimiento comunitario y prevenci\u00f3n del delito, el Secretariado Ejecutivo del Consejo de Seguridad P\u00fablica (SECOMS), encabezado por Christian Carmona Bar\u00f3n, en coordinaci\u00f3n con el Comit\u00e9 de Convivencia Vecinal (Comvive) y la Red Mujeres Constructoras de Paz (Mucpaz) de la colonia Amatit\u00e1n, llev\u00f3 a cabo una marcha exploratoria de seguridad con participaci\u00f3n de autoridades y habitantes de la zona.<\/p>\n<p>Durante el recorrido, se identificaron diversos factores de riesgo relacionados con temas de seguridad y servicios p\u00fablicos. Estos hallazgos permitir\u00e1n establecer l\u00edneas de acci\u00f3n conjunta para mejorar la percepci\u00f3n de seguridad y fomentar entornos de convivencia arm\u00f3nica.<\/p>\n<p>Adem\u00e1s, se brind\u00f3 asesor\u00eda directa a vecinas y vecinos para la instalaci\u00f3n y vinculaci\u00f3n de c\u00e1maras de videovigilancia al C4, promoviendo el uso de tecnolog\u00eda como herramienta de prevenci\u00f3n del delito.<\/p>\n<p>A la jornada asistieron la regidora Ella Ortiz, Carlos Alberto Martinez Lopez, director de Participaci\u00f3n Ciudadana en Seguridad del SECOMS, as\u00ed como representantes de diversas instancias municipales, entre ellas: la Secretar\u00eda de Desarrollo Sustentable y Servicios P\u00fablicos, el Sistema de Agua Potable y Alcantarillado de Cuernavaca (SAPAC), la Secretar\u00eda de Protecci\u00f3n y Auxilio Ciudadano (SEPRAC), la Direcci\u00f3n de Obras P\u00fablicas, la Coordinaci\u00f3n de Protecci\u00f3n Civil y el Instituto de la Mujer de Cuernavaca.<\/p>\n<p>Esta actividad forma parte del proceso de actualizaci\u00f3n del Comit\u00e9 de Convivencia Vecinal y de la incorporaci\u00f3n formal de la colonia Amatit\u00e1n a la Red Mucpaz, consolidando as\u00ed una estructura comunitaria activa en la construcci\u00f3n de paz.<\/p>\n<p>Con estas acciones, el SECOMS reafirma su compromiso con la ciudadan\u00eda para fortalecer la seguridad desde un enfoque preventivo, colaborativo y con perspectiva de g\u00e9nero.<\/p>\n\n\t\t<style type=\"text\/css\">\n\t\t\t#gallery-1 {\n\t\t\t\tmargin: auto;\n\t\t\t}\n\t\t\t#gallery-1 .gallery-item {\n\t\t\t\tfloat: left;\n\t\t\t\tmargin-top: 10px;\n\t\t\t\ttext-align: center;\n\t\t\t\twidth: 33%;\n\t\t\t}\n\t\t\t#gallery-1 img {\n\t\t\t\tborder: 2px solid #cfcfcf;\n\t\t\t}\n\t\t\t#gallery-1 .gallery-caption {\n\t\t\t\tmargin-left: 0;\n\t\t\t}\n\t\t\t\/* see gallery_shortcode() in wp-includes\/media.php *\/\n\t\t<\/style>\n\t\t<div id='gallery-1' class='gallery galleryid-52671 gallery-columns-3 gallery-size-thumbnail'><dl class='gallery-item'>\n\t\t\t<dt class='gallery-icon landscape'>\n\t\t\t\t<a href='https:\/\/cuernavaca.gob.mx\/?attachment_id=52672'><img width=\"150\" height=\"150\" src=\"https:\/\/cuernavaca.gob.mx\/wp-content\/uploads\/2025\/08\/SECOMS-REALIZA-MARCHA-EXPLORATORIA-DE-SEGURIDAD-EN-LA-COLONIA-AMATITA\u0301N-PARA-FORTALECER-LA-ORGANIZACIO\u0301N-VECINAL-Y-LA-CULTURA-DE-PAZ-1-150x150.jpg\" class=\"attachment-thumbnail size-thumbnail\" alt=\"\" loading=\"lazy\" \/><\/a>\n\t\t\t<\/dt><\/dl><dl class='gallery-item'>\n\t\t\t<dt class='gallery-icon landscape'>\n\t\t\t\t<a href='https:\/\/cuernavaca.gob.mx\/?attachment_id=52673'><img width=\"150\" height=\"150\" src=\"https:\/\/cuernavaca.gob.mx\/wp-content\/uploads\/2025\/08\/SECOMS-REALIZA-MARCHA-EXPLORATORIA-DE-SEGURIDAD-EN-LA-COLONIA-AMATITA\u0301N-PARA-FORTALECER-LA-ORGANIZACIO\u0301N-VECINAL-Y-LA-CULTURA-DE-PAZ-2-150x150.jpg\" class=\"attachment-thumbnail size-thumbnail\" alt=\"\" loading=\"lazy\" \/><\/a>\n\t\t\t<\/dt><\/dl><dl class='gallery-item'>\n\t\t\t<dt class='gallery-icon landscape'>\n\t\t\t\t<a href='https:\/\/cuernavaca.gob.mx\/?attachment_id=52674'><img width=\"150\" height=\"150\" src=\"https:\/\/cuernavaca.gob.mx\/wp-content\/uploads\/2025\/08\/SECOMS-REALIZA-MARCHA-EXPLORATORIA-DE-SEGURIDAD-EN-LA-COLONIA-AMATITA\u0301N-PARA-FORTALECER-LA-ORGANIZACIO\u0301N-VECINAL-Y-LA-CULTURA-DE-PAZ-3-150x150.jpg\" class=\"attachment-thumbnail size-thumbnail\" alt=\"\" loading=\"lazy\" \/><\/a>\n\t\t\t<\/dt><\/dl><br style=\"clear: both\" \/>\n\t\t<\/div>\n\n","protected":false},"excerpt":{"rendered":"<p>En seguimiento a las acciones de fortalecimiento comunitario y prevenci\u00f3n del delito, el Secretariado Ejecutivo del Consejo de Seguridad P\u00fablica (SECOMS), encabezado por Christian Carmona Bar\u00f3n, en coordinaci\u00f3n con el Comit\u00e9 de Convivencia Vecinal (Comvive) y la Red Mujeres Constructoras de Paz (Mucpaz) de la colonia Amatit\u00e1n, llev\u00f3 a cabo una marcha exploratoria de seguridad [&hellip;]<\/p>\n","protected":false},"author":1,"featured_media":52674,"comment_status":"closed","ping_status":"open","sticky":false,"template":"","format":"standard","meta":[],"categories":[17],"tags":[121,4214,127,403,414,125],"aioseo_notices":[],"_links":{"self":[{"href":"https:\/\/cuernavaca.gob.mx\/index.php?rest_route=\/wp\/v2\/posts\/52671"}],"collection":[{"href":"https:\/\/cuernavaca.gob.mx\/index.php?rest_route=\/wp\/v2\/posts"}],"about":[{"href":"https:\/\/cuernavaca.gob.mx\/index.php?rest_route=\/wp\/v2\/types\/post"}],"author":[{"embeddable":true,"href":"https:\/\/cuernavaca.gob.mx\/index.php?rest_route=\/wp\/v2\/users\/1"}],"replies":[{"embeddable":true,"href":"https:\/\/cuernavaca.gob.mx\/index.php?rest_route=%2Fwp%2Fv2%2Fcomments&post=52671"}],"version-history":[{"count":1,"href":"https:\/\/cuernavaca.gob.mx\/index.php?rest_route=\/wp\/v2\/posts\/52671\/revisions"}],"predecessor-version":[{"id":52675,"href":"https:\/\/cuernavaca.gob.mx\/index.php?rest_route=\/wp\/v2\/posts\/52671\/revisions\/52675"}],"wp:featuredmedia":[{"embeddable":true,"href":"https:\/\/cuernavaca.gob.mx\/index.php?rest_route=\/wp\/v2\/media\/52674"}],"wp:attachment":[{"href":"https:\/\/cuernavaca.gob.mx\/index.php?rest_route=%2Fwp%2Fv2%2Fmedia&parent=52671"}],"wp:term":[{"taxonomy":"category","embeddable":true,"href":"https:\/\/cuernavaca.gob.mx\/index.php?rest_route=%2Fwp%2Fv2%2Fcategories&post=52671"},{"taxonomy":"post_tag","embeddable":true,"href":"https:\/\/cuernavaca.gob.mx\/index.php?rest_route=%2Fwp%2Fv2%2Ftags&post=52671"}],"curies":[{"name":"wp","href":"https:\/\/api.w.org\/{rel}","templated":true}]}}