{"id":52676,"date":"2025-08-28T10:00:19","date_gmt":"2025-08-28T16:00:19","guid":{"rendered":"https:\/\/cuernavaca.gob.mx\/?p=52676"},"modified":"2025-08-28T13:31:16","modified_gmt":"2025-08-28T19:31:16","slug":"f72-28-08-25-cuernavaca-no-deja-sola-a-familias-afectadas-por-lluvias-entrega-de-apoyos-continua","status":"publish","type":"post","link":"https:\/\/cuernavaca.gob.mx\/?p=52676","title":{"rendered":"F72 28\/08\/25 CUERNAVACA NO DEJA SOLA A FAMILIAS AFECTADAS POR LLUVIAS: ENTREGA DE APOYOS CONTIN\u00daA"},"content":{"rendered":"<p>Siguiendo las indicaciones del presidente municipal Jos\u00e9 Luis Uri\u00f3stegui Salgado, el Ayuntamiento de Cuernavaca continu\u00f3 este mi\u00e9rcoles 27 de agosto con la entrega de diversos apoyos a familias de las colonias Loma Bonita, Lomas de Cort\u00e9s, Prados de Cuernavaca y Texcaltepec, quienes resultaron afectadas por las lluvias registradas la semana pasada.<\/p>\n<p>Entre los apoyos entregados se incluyeron camas, colchones, juegos de s\u00e1banas, cobijas, estufas, refrigeradores, frigobares, lavadoras, salas, comedores, almohadas, roperos peque\u00f1os, tinacos y tanques de gas, conforme a las necesidades espec\u00edficas de cada familia.<\/p>\n<p>El Ayuntamiento capitalino reiter\u00f3 su compromiso de acompa\u00f1ar a la poblaci\u00f3n damnificada, asegurando que la entrega de apoyos continuar\u00e1 hasta cubrir a todas las familias censadas que sufrieron afectaciones, como parte de las acciones emergentes emprendidas.<\/p>\n<p><img loading=\"lazy\" class=\"alignnone size-medium wp-image-52677\" src=\"https:\/\/cuernavaca.gob.mx\/wp-content\/uploads\/2025\/08\/CUERNAVACA-NO-DEJA-SOLA-A-FAMILIAS-AFECTADAS-POR-LLUVIAS-1-300x200.jpg\" alt=\"\" width=\"300\" height=\"200\" srcset=\"https:\/\/cuernavaca.gob.mx\/wp-content\/uploads\/2025\/08\/CUERNAVACA-NO-DEJA-SOLA-A-FAMILIAS-AFECTADAS-POR-LLUVIAS-1-300x200.jpg 300w, https:\/\/cuernavaca.gob.mx\/wp-content\/uploads\/2025\/08\/CUERNAVACA-NO-DEJA-SOLA-A-FAMILIAS-AFECTADAS-POR-LLUVIAS-1-1024x683.jpg 1024w, https:\/\/cuernavaca.gob.mx\/wp-content\/uploads\/2025\/08\/CUERNAVACA-NO-DEJA-SOLA-A-FAMILIAS-AFECTADAS-POR-LLUVIAS-1-768x512.jpg 768w, https:\/\/cuernavaca.gob.mx\/wp-content\/uploads\/2025\/08\/CUERNAVACA-NO-DEJA-SOLA-A-FAMILIAS-AFECTADAS-POR-LLUVIAS-1-1536x1024.jpg 1536w, https:\/\/cuernavaca.gob.mx\/wp-content\/uploads\/2025\/08\/CUERNAVACA-NO-DEJA-SOLA-A-FAMILIAS-AFECTADAS-POR-LLUVIAS-1-600x400.jpg 600w, https:\/\/cuernavaca.gob.mx\/wp-content\/uploads\/2025\/08\/CUERNAVACA-NO-DEJA-SOLA-A-FAMILIAS-AFECTADAS-POR-LLUVIAS-1-560x373.jpg 560w, https:\/\/cuernavaca.gob.mx\/wp-content\/uploads\/2025\/08\/CUERNAVACA-NO-DEJA-SOLA-A-FAMILIAS-AFECTADAS-POR-LLUVIAS-1.jpg 1599w\" sizes=\"(max-width: 300px) 100vw, 300px\" \/> <img loading=\"lazy\" class=\"alignnone size-medium wp-image-52678\" src=\"https:\/\/cuernavaca.gob.mx\/wp-content\/uploads\/2025\/08\/CUERNAVACA-NO-DEJA-SOLA-A-FAMILIAS-AFECTADAS-POR-LLUVIAS-2-300x200.jpg\" alt=\"\" width=\"300\" height=\"200\" srcset=\"https:\/\/cuernavaca.gob.mx\/wp-content\/uploads\/2025\/08\/CUERNAVACA-NO-DEJA-SOLA-A-FAMILIAS-AFECTADAS-POR-LLUVIAS-2-300x200.jpg 300w, https:\/\/cuernavaca.gob.mx\/wp-content\/uploads\/2025\/08\/CUERNAVACA-NO-DEJA-SOLA-A-FAMILIAS-AFECTADAS-POR-LLUVIAS-2-1024x683.jpg 1024w, https:\/\/cuernavaca.gob.mx\/wp-content\/uploads\/2025\/08\/CUERNAVACA-NO-DEJA-SOLA-A-FAMILIAS-AFECTADAS-POR-LLUVIAS-2-768x512.jpg 768w, https:\/\/cuernavaca.gob.mx\/wp-content\/uploads\/2025\/08\/CUERNAVACA-NO-DEJA-SOLA-A-FAMILIAS-AFECTADAS-POR-LLUVIAS-2-1536x1024.jpg 1536w, https:\/\/cuernavaca.gob.mx\/wp-content\/uploads\/2025\/08\/CUERNAVACA-NO-DEJA-SOLA-A-FAMILIAS-AFECTADAS-POR-LLUVIAS-2-600x400.jpg 600w, https:\/\/cuernavaca.gob.mx\/wp-content\/uploads\/2025\/08\/CUERNAVACA-NO-DEJA-SOLA-A-FAMILIAS-AFECTADAS-POR-LLUVIAS-2-560x373.jpg 560w, https:\/\/cuernavaca.gob.mx\/wp-content\/uploads\/2025\/08\/CUERNAVACA-NO-DEJA-SOLA-A-FAMILIAS-AFECTADAS-POR-LLUVIAS-2.jpg 1599w\" sizes=\"(max-width: 300px) 100vw, 300px\" \/> <img loading=\"lazy\" class=\"alignnone size-medium wp-image-52679\" src=\"https:\/\/cuernavaca.gob.mx\/wp-content\/uploads\/2025\/08\/CUERNAVACA-NO-DEJA-SOLA-A-FAMILIAS-AFECTADAS-POR-LLUVIAS-3-300x200.jpg\" alt=\"\" width=\"300\" height=\"200\" srcset=\"https:\/\/cuernavaca.gob.mx\/wp-content\/uploads\/2025\/08\/CUERNAVACA-NO-DEJA-SOLA-A-FAMILIAS-AFECTADAS-POR-LLUVIAS-3-300x200.jpg 300w, https:\/\/cuernavaca.gob.mx\/wp-content\/uploads\/2025\/08\/CUERNAVACA-NO-DEJA-SOLA-A-FAMILIAS-AFECTADAS-POR-LLUVIAS-3-1024x683.jpg 1024w, https:\/\/cuernavaca.gob.mx\/wp-content\/uploads\/2025\/08\/CUERNAVACA-NO-DEJA-SOLA-A-FAMILIAS-AFECTADAS-POR-LLUVIAS-3-768x512.jpg 768w, https:\/\/cuernavaca.gob.mx\/wp-content\/uploads\/2025\/08\/CUERNAVACA-NO-DEJA-SOLA-A-FAMILIAS-AFECTADAS-POR-LLUVIAS-3-1536x1024.jpg 1536w, https:\/\/cuernavaca.gob.mx\/wp-content\/uploads\/2025\/08\/CUERNAVACA-NO-DEJA-SOLA-A-FAMILIAS-AFECTADAS-POR-LLUVIAS-3-600x400.jpg 600w, https:\/\/cuernavaca.gob.mx\/wp-content\/uploads\/2025\/08\/CUERNAVACA-NO-DEJA-SOLA-A-FAMILIAS-AFECTADAS-POR-LLUVIAS-3-560x373.jpg 560w, https:\/\/cuernavaca.gob.mx\/wp-content\/uploads\/2025\/08\/CUERNAVACA-NO-DEJA-SOLA-A-FAMILIAS-AFECTADAS-POR-LLUVIAS-3.jpg 1599w\" sizes=\"(max-width: 300px) 100vw, 300px\" \/> <img loading=\"lazy\" class=\"alignnone size-medium wp-image-52680\" src=\"https:\/\/cuernavaca.gob.mx\/wp-content\/uploads\/2025\/08\/CUERNAVACA-NO-DEJA-SOLA-A-FAMILIAS-AFECTADAS-POR-LLUVIAS-4-300x200.jpg\" alt=\"\" width=\"300\" height=\"200\" srcset=\"https:\/\/cuernavaca.gob.mx\/wp-content\/uploads\/2025\/08\/CUERNAVACA-NO-DEJA-SOLA-A-FAMILIAS-AFECTADAS-POR-LLUVIAS-4-300x200.jpg 300w, https:\/\/cuernavaca.gob.mx\/wp-content\/uploads\/2025\/08\/CUERNAVACA-NO-DEJA-SOLA-A-FAMILIAS-AFECTADAS-POR-LLUVIAS-4-1024x683.jpg 1024w, https:\/\/cuernavaca.gob.mx\/wp-content\/uploads\/2025\/08\/CUERNAVACA-NO-DEJA-SOLA-A-FAMILIAS-AFECTADAS-POR-LLUVIAS-4-768x512.jpg 768w, https:\/\/cuernavaca.gob.mx\/wp-content\/uploads\/2025\/08\/CUERNAVACA-NO-DEJA-SOLA-A-FAMILIAS-AFECTADAS-POR-LLUVIAS-4-1536x1024.jpg 1536w, https:\/\/cuernavaca.gob.mx\/wp-content\/uploads\/2025\/08\/CUERNAVACA-NO-DEJA-SOLA-A-FAMILIAS-AFECTADAS-POR-LLUVIAS-4-600x400.jpg 600w, https:\/\/cuernavaca.gob.mx\/wp-content\/uploads\/2025\/08\/CUERNAVACA-NO-DEJA-SOLA-A-FAMILIAS-AFECTADAS-POR-LLUVIAS-4-560x373.jpg 560w, https:\/\/cuernavaca.gob.mx\/wp-content\/uploads\/2025\/08\/CUERNAVACA-NO-DEJA-SOLA-A-FAMILIAS-AFECTADAS-POR-LLUVIAS-4.jpg 1599w\" sizes=\"(max-width: 300px) 100vw, 300px\" \/> <img loading=\"lazy\" class=\"alignnone size-medium wp-image-52681\" src=\"https:\/\/cuernavaca.gob.mx\/wp-content\/uploads\/2025\/08\/CUERNAVACA-NO-DEJA-SOLA-A-FAMILIAS-AFECTADAS-POR-LLUVIAS-5-300x200.jpg\" alt=\"\" width=\"300\" height=\"200\" srcset=\"https:\/\/cuernavaca.gob.mx\/wp-content\/uploads\/2025\/08\/CUERNAVACA-NO-DEJA-SOLA-A-FAMILIAS-AFECTADAS-POR-LLUVIAS-5-300x200.jpg 300w, https:\/\/cuernavaca.gob.mx\/wp-content\/uploads\/2025\/08\/CUERNAVACA-NO-DEJA-SOLA-A-FAMILIAS-AFECTADAS-POR-LLUVIAS-5-1024x683.jpg 1024w, https:\/\/cuernavaca.gob.mx\/wp-content\/uploads\/2025\/08\/CUERNAVACA-NO-DEJA-SOLA-A-FAMILIAS-AFECTADAS-POR-LLUVIAS-5-768x512.jpg 768w, https:\/\/cuernavaca.gob.mx\/wp-content\/uploads\/2025\/08\/CUERNAVACA-NO-DEJA-SOLA-A-FAMILIAS-AFECTADAS-POR-LLUVIAS-5-1536x1024.jpg 1536w, https:\/\/cuernavaca.gob.mx\/wp-content\/uploads\/2025\/08\/CUERNAVACA-NO-DEJA-SOLA-A-FAMILIAS-AFECTADAS-POR-LLUVIAS-5-600x400.jpg 600w, https:\/\/cuernavaca.gob.mx\/wp-content\/uploads\/2025\/08\/CUERNAVACA-NO-DEJA-SOLA-A-FAMILIAS-AFECTADAS-POR-LLUVIAS-5-560x373.jpg 560w, https:\/\/cuernavaca.gob.mx\/wp-content\/uploads\/2025\/08\/CUERNAVACA-NO-DEJA-SOLA-A-FAMILIAS-AFECTADAS-POR-LLUVIAS-5.jpg 1599w\" sizes=\"(max-width: 300px) 100vw, 300px\" \/><\/p>\n","protected":false},"excerpt":{"rendered":"<p>Siguiendo las indicaciones del presidente municipal Jos\u00e9 Luis Uri\u00f3stegui Salgado, el Ayuntamiento de Cuernavaca continu\u00f3 este mi\u00e9rcoles 27 de agosto con la entrega de diversos apoyos a familias de las colonias Loma Bonita, Lomas de Cort\u00e9s, Prados de Cuernavaca y Texcaltepec, quienes resultaron afectadas por las lluvias registradas la semana pasada. Entre los apoyos entregados [&hellip;]<\/p>\n","protected":false},"author":1,"featured_media":52679,"comment_status":"closed","ping_status":"open","sticky":false,"template":"","format":"standard","meta":[],"categories":[862],"tags":[965,601,121,120,206,127],"aioseo_notices":[],"_links":{"self":[{"href":"https:\/\/cuernavaca.gob.mx\/index.php?rest_route=\/wp\/v2\/posts\/52676"}],"collection":[{"href":"https:\/\/cuernavaca.gob.mx\/index.php?rest_route=\/wp\/v2\/posts"}],"about":[{"href":"https:\/\/cuernavaca.gob.mx\/index.php?rest_route=\/wp\/v2\/types\/post"}],"author":[{"embeddable":true,"href":"https:\/\/cuernavaca.gob.mx\/index.php?rest_route=\/wp\/v2\/users\/1"}],"replies":[{"embeddable":true,"href":"https:\/\/cuernavaca.gob.mx\/index.php?rest_route=%2Fwp%2Fv2%2Fcomments&post=52676"}],"version-history":[{"count":1,"href":"https:\/\/cuernavaca.gob.mx\/index.php?rest_route=\/wp\/v2\/posts\/52676\/revisions"}],"predecessor-version":[{"id":52682,"href":"https:\/\/cuernavaca.gob.mx\/index.php?rest_route=\/wp\/v2\/posts\/52676\/revisions\/52682"}],"wp:featuredmedia":[{"embeddable":true,"href":"https:\/\/cuernavaca.gob.mx\/index.php?rest_route=\/wp\/v2\/media\/52679"}],"wp:attachment":[{"href":"https:\/\/cuernavaca.gob.mx\/index.php?rest_route=%2Fwp%2Fv2%2Fmedia&parent=52676"}],"wp:term":[{"taxonomy":"category","embeddable":true,"href":"https:\/\/cuernavaca.gob.mx\/index.php?rest_route=%2Fwp%2Fv2%2Fcategories&post=52676"},{"taxonomy":"post_tag","embeddable":true,"href":"https:\/\/cuernavaca.gob.mx\/index.php?rest_route=%2Fwp%2Fv2%2Ftags&post=52676"}],"curies":[{"name":"wp","href":"https:\/\/api.w.org\/{rel}","templated":true}]}}