{"id":52684,"date":"2025-08-28T11:00:45","date_gmt":"2025-08-28T17:00:45","guid":{"rendered":"https:\/\/cuernavaca.gob.mx\/?p=52684"},"modified":"2025-08-28T14:00:53","modified_gmt":"2025-08-28T20:00:53","slug":"b543-28-08-45-chipitlan-un-siglo-de-historia-memoria-y-esperanza-reflejado-en-un-mural-comunitario","status":"publish","type":"post","link":"https:\/\/cuernavaca.gob.mx\/?p=52684","title":{"rendered":"B543 28\/08\/45 CHIPITL\u00c1N: UN SIGLO DE HISTORIA, MEMORIA Y ESPERANZA REFLEJADO EN UN MURAL COMUNITARIO"},"content":{"rendered":"<p><strong>\u2022 El Ayuntamiento de Cuernavaca reconocer\u00e1 oficialmente el legado del Ejido de Chipitl\u00e1n con una placa conmemorativa<\/strong><\/p>\n<p>Cuernavaca se nutre de la fuerza y la tradici\u00f3n de sus 12 poblados originarios, guardianes de la memoria y la identidad de la ciudad. Este 10 de septiembre, el Ejido de Chipitl\u00e1n conmemora 100 a\u00f1os de fundaci\u00f3n, un siglo de lucha, trabajo comunitario y arraigo que hoy quedan inmortalizados en un mural lleno de vida, historia y esperanza.<\/p>\n<p>La Casa Ejidal de Chipitl\u00e1n se transform\u00f3 en el lienzo donde el pintor Carlos Gens plasm\u00f3 el pasado, presente y futuro de esta comunidad. La obra recoge desde los or\u00edgenes ejidales, las labores agr\u00edcolas y mineras que marcaron su historia, hasta la proyecci\u00f3n de un futuro donde persiste la uni\u00f3n y la identidad colectiva.<\/p>\n<p>Este mural, atestiguado por el alcalde de Cuernavaca, Jos\u00e9 Luis Uri\u00f3stegui Salgado, naci\u00f3 a partir de una convocatoria del Departamento de Identidad Gr\u00e1fica Comunitaria de la Secretar\u00eda de Educaci\u00f3n P\u00fablica (SEP), cuyo objetivo era llevar murales representativos a las escuelas del pa\u00eds. Por cuestiones de tiempo, el proyecto no pudo concretarse en aulas, pero gracias al inter\u00e9s del artista y de la comunidad, se materializ\u00f3 en la Casa Ejidal, convirti\u00e9ndose en el s\u00edmbolo de este centenario.<\/p>\n<p>La creaci\u00f3n del mural fue posible gracias a un ejercicio de participaci\u00f3n comunitaria, en el que las y los ejidatarios compartieron recuerdos, vivencias y aspiraciones, dando forma a una pieza art\u00edstica que es, al mismo tiempo, testimonio cultural, memoria viva y proyecci\u00f3n de futuro para Chipitl\u00e1n y para toda Cuernavaca.<\/p>\n<p>El Ayuntamiento de Cuernavaca ha reiterado su compromiso de reconocer y fortalecer la identidad de los pueblos y ejidos de la capital. En este sentido, el Cabildo capitalino aprob\u00f3 la entrega de una placa conmemorativa al Ejido de Chipitl\u00e1n, que ser\u00e1 entregada de manera oficial como un homenaje a su legado y a su contribuci\u00f3n en la historia de la ciudad.<\/p>\n<p>Con este centenario, Chipitl\u00e1n celebra no solo 100 a\u00f1os de historia ejidal, sino tambi\u00e9n la fuerza de su gente, recordando que la cultura, la memoria y la identidad comunitaria son los pilares que sostienen el presente y dan esperanza al futuro de Cuernavaca.<\/p>\n<p>&nbsp;<\/p>\n\n\t\t<style type=\"text\/css\">\n\t\t\t#gallery-1 {\n\t\t\t\tmargin: auto;\n\t\t\t}\n\t\t\t#gallery-1 .gallery-item {\n\t\t\t\tfloat: left;\n\t\t\t\tmargin-top: 10px;\n\t\t\t\ttext-align: center;\n\t\t\t\twidth: 33%;\n\t\t\t}\n\t\t\t#gallery-1 img {\n\t\t\t\tborder: 2px solid #cfcfcf;\n\t\t\t}\n\t\t\t#gallery-1 .gallery-caption {\n\t\t\t\tmargin-left: 0;\n\t\t\t}\n\t\t\t\/* see gallery_shortcode() in wp-includes\/media.php *\/\n\t\t<\/style>\n\t\t<div id='gallery-1' class='gallery galleryid-52684 gallery-columns-3 gallery-size-thumbnail'><dl class='gallery-item'>\n\t\t\t<dt class='gallery-icon landscape'>\n\t\t\t\t<a href='https:\/\/cuernavaca.gob.mx\/?attachment_id=52685'><img width=\"150\" height=\"150\" src=\"https:\/\/cuernavaca.gob.mx\/wp-content\/uploads\/2025\/08\/CHIPITLA\u0301NUN-SIGLO-DE-HISTORIA-MEMORIA-Y-ESPERANZA-REFLEJADO-EN-UN-MURAL-COMUNITARIO-2-150x150.jpg\" class=\"attachment-thumbnail size-thumbnail\" alt=\"\" loading=\"lazy\" \/><\/a>\n\t\t\t<\/dt><\/dl><dl class='gallery-item'>\n\t\t\t<dt class='gallery-icon landscape'>\n\t\t\t\t<a href='https:\/\/cuernavaca.gob.mx\/?attachment_id=52686'><img width=\"150\" height=\"150\" src=\"https:\/\/cuernavaca.gob.mx\/wp-content\/uploads\/2025\/08\/CHIPITLA\u0301NUN-SIGLO-DE-HISTORIA-MEMORIA-Y-ESPERANZA-REFLEJADO-EN-UN-MURAL-COMUNITARIO-3-150x150.jpg\" class=\"attachment-thumbnail size-thumbnail\" alt=\"\" loading=\"lazy\" \/><\/a>\n\t\t\t<\/dt><\/dl><dl class='gallery-item'>\n\t\t\t<dt class='gallery-icon landscape'>\n\t\t\t\t<a href='https:\/\/cuernavaca.gob.mx\/?attachment_id=52687'><img width=\"150\" height=\"150\" src=\"https:\/\/cuernavaca.gob.mx\/wp-content\/uploads\/2025\/08\/CHIPITLA\u0301NUN-SIGLO-DE-HISTORIA-MEMORIA-Y-ESPERANZA-REFLEJADO-EN-UN-MURAL-COMUNITARIO-4-150x150.jpg\" class=\"attachment-thumbnail size-thumbnail\" alt=\"\" loading=\"lazy\" \/><\/a>\n\t\t\t<\/dt><\/dl><br style=\"clear: both\" \/><dl class='gallery-item'>\n\t\t\t<dt class='gallery-icon landscape'>\n\t\t\t\t<a href='https:\/\/cuernavaca.gob.mx\/?attachment_id=52688'><img width=\"150\" height=\"150\" src=\"https:\/\/cuernavaca.gob.mx\/wp-content\/uploads\/2025\/08\/CHIPITLA\u0301NUN-SIGLO-DE-HISTORIA-MEMORIA-Y-ESPERANZA-REFLEJADO-EN-UN-MURAL-COMUNITARIO-150x150.jpg\" class=\"attachment-thumbnail size-thumbnail\" alt=\"\" loading=\"lazy\" \/><\/a>\n\t\t\t<\/dt><\/dl>\n\t\t\t<br style='clear: both' \/>\n\t\t<\/div>\n\n","protected":false},"excerpt":{"rendered":"<p>\u2022 El Ayuntamiento de Cuernavaca reconocer\u00e1 oficialmente el legado del Ejido de Chipitl\u00e1n con una placa conmemorativa Cuernavaca se nutre de la fuerza y la tradici\u00f3n de sus 12 poblados originarios, guardianes de la memoria y la identidad de la ciudad. Este 10 de septiembre, el Ejido de Chipitl\u00e1n conmemora 100 a\u00f1os de fundaci\u00f3n, un [&hellip;]<\/p>\n","protected":false},"author":1,"featured_media":52687,"comment_status":"closed","ping_status":"open","sticky":false,"template":"","format":"standard","meta":[],"categories":[2292],"tags":[4147,1300,443,121,190,1071,120,206,2934,127],"aioseo_notices":[],"_links":{"self":[{"href":"https:\/\/cuernavaca.gob.mx\/index.php?rest_route=\/wp\/v2\/posts\/52684"}],"collection":[{"href":"https:\/\/cuernavaca.gob.mx\/index.php?rest_route=\/wp\/v2\/posts"}],"about":[{"href":"https:\/\/cuernavaca.gob.mx\/index.php?rest_route=\/wp\/v2\/types\/post"}],"author":[{"embeddable":true,"href":"https:\/\/cuernavaca.gob.mx\/index.php?rest_route=\/wp\/v2\/users\/1"}],"replies":[{"embeddable":true,"href":"https:\/\/cuernavaca.gob.mx\/index.php?rest_route=%2Fwp%2Fv2%2Fcomments&post=52684"}],"version-history":[{"count":1,"href":"https:\/\/cuernavaca.gob.mx\/index.php?rest_route=\/wp\/v2\/posts\/52684\/revisions"}],"predecessor-version":[{"id":52689,"href":"https:\/\/cuernavaca.gob.mx\/index.php?rest_route=\/wp\/v2\/posts\/52684\/revisions\/52689"}],"wp:featuredmedia":[{"embeddable":true,"href":"https:\/\/cuernavaca.gob.mx\/index.php?rest_route=\/wp\/v2\/media\/52687"}],"wp:attachment":[{"href":"https:\/\/cuernavaca.gob.mx\/index.php?rest_route=%2Fwp%2Fv2%2Fmedia&parent=52684"}],"wp:term":[{"taxonomy":"category","embeddable":true,"href":"https:\/\/cuernavaca.gob.mx\/index.php?rest_route=%2Fwp%2Fv2%2Fcategories&post=52684"},{"taxonomy":"post_tag","embeddable":true,"href":"https:\/\/cuernavaca.gob.mx\/index.php?rest_route=%2Fwp%2Fv2%2Ftags&post=52684"}],"curies":[{"name":"wp","href":"https:\/\/api.w.org\/{rel}","templated":true}]}}