{"id":52690,"date":"2025-08-28T15:00:09","date_gmt":"2025-08-28T21:00:09","guid":{"rendered":"https:\/\/cuernavaca.gob.mx\/?p=52690"},"modified":"2025-08-28T15:40:34","modified_gmt":"2025-08-28T21:40:34","slug":"b544-28-08-25-ayuntamiento-de-cuernavaca-atiende-afectaciones-en-calle-pedro-de-alvarado","status":"publish","type":"post","link":"https:\/\/cuernavaca.gob.mx\/?p=52690","title":{"rendered":"B544 28\/08\/25 AYUNTAMIENTO DE CUERNAVACA ATIENDE AFECTACIONES EN CALLE PEDRO DE ALVARADO"},"content":{"rendered":"<p><strong>\u2022 La afectaci\u00f3n registrada no est\u00e1 relacionada con la obra de rehabilitaci\u00f3n realizada en 2024, sino con una fuga reciente en la red de agua<\/strong><\/p>\n<p>Derivado de las intensas lluvias registradas en los \u00faltimos d\u00edas, el Ayuntamiento de Cuernavaca, a trav\u00e9s del Sistema de Agua Potable y Alcantarillado de Cuernavaca (SAPAC) en coordinaci\u00f3n con la Secretar\u00eda de Desarrollo Urbano y Obras P\u00fablicas (SDUyOP), lleva a cabo la reparaci\u00f3n de la calle Pedro de Alvarado en la colonia Lomas de Cort\u00e9s, donde se detect\u00f3 una fuga en una l\u00ednea de cuatro pulgadas que pasa por debajo de la vialidad.<\/p>\n<p>Durante un recorrido de supervisi\u00f3n encabezado por el presidente municipal, Jos\u00e9 Luis Uri\u00f3stegui Salgado, el director general de SAPAC, Arnoldo Heredia Ramos, inform\u00f3 que la afectaci\u00f3n no tiene relaci\u00f3n con la obra integral de rehabilitaci\u00f3n efectuada a finales del a\u00f1o pasado, sino con el deterioro reciente de la base de la carpeta asf\u00e1ltica debido a la fuga.<\/p>\n<p>Durante un recorrido de supervisi\u00f3n encabezado por el presidente municipal Jos\u00e9 Luis Uri\u00f3stegui Salgado, el director general de SAPAC, Arnoldo Heredia Ramos, inform\u00f3 que la afectaci\u00f3n no est\u00e1 relacionada con la obra integral de rehabilitaci\u00f3n efectuada a finales del a\u00f1o pasado, sino con el deterioro reciente de la base de la carpeta asf\u00e1ltica, causado por una fuga de agua.<\/p>\n<p>&#8220;La l\u00ednea de agua no presentaba fallas al momento de ejecutarse la obra en 2024. El da\u00f1o actual es una problem\u00e1tica nueva que estamos atendiendo de manera inmediata\u201d, precis\u00f3.<\/p>\n<p>Para garantizar la durabilidad de la vialidad y evitar futuras fugas, se propondr\u00e1 sustituir la tuber\u00eda existente por tuber\u00eda de polietileno de alta densidad RD- 23, de tres pulgadas de di\u00e1metro, lo que brindar\u00e1 mayor hermeticidad, resistencia y longevidad, toda vez que la tuber\u00eda tiene una vida \u00fatil de 40 hasta 60 a\u00f1os.<\/p>\n<p>Por su parte, el secretario de Desarrollo Urbano y Obras P\u00fablicas, Demetrio Chavira de la Torre, coincidi\u00f3 en que al concluir la obra en 2024, la l\u00ednea de agua potable se encontraba en buen estado, de acuerdo con los reportes de SAPAC. Indic\u00f3 que el organismo operador ya est\u00e1 trabajando en el proyecto para que, una vez aprobado, su dependencia ejecute la sustituci\u00f3n de la red de agua potable y los tramos da\u00f1ados de la vialidad.<\/p>\n<p>Finalmente, record\u00f3 que durante las dos administraciones de Jos\u00e9 Luis Uri\u00f3stegui Salgado se han ejecutado m\u00e1s de 300 obras en la capital, lo que ha permitido a Cuernavaca avanzar en la renovaci\u00f3n no solo en t\u00e9rminos de pavimentaci\u00f3n, sino tambi\u00e9n en infraestructura h\u00eddrica, abordando rezagos hist\u00f3ricos en la ciudad.<\/p>\n\n\t\t<style type=\"text\/css\">\n\t\t\t#gallery-1 {\n\t\t\t\tmargin: auto;\n\t\t\t}\n\t\t\t#gallery-1 .gallery-item {\n\t\t\t\tfloat: left;\n\t\t\t\tmargin-top: 10px;\n\t\t\t\ttext-align: center;\n\t\t\t\twidth: 33%;\n\t\t\t}\n\t\t\t#gallery-1 img {\n\t\t\t\tborder: 2px solid #cfcfcf;\n\t\t\t}\n\t\t\t#gallery-1 .gallery-caption {\n\t\t\t\tmargin-left: 0;\n\t\t\t}\n\t\t\t\/* see gallery_shortcode() in wp-includes\/media.php *\/\n\t\t<\/style>\n\t\t<div id='gallery-1' class='gallery galleryid-52690 gallery-columns-3 gallery-size-thumbnail'><dl class='gallery-item'>\n\t\t\t<dt class='gallery-icon landscape'>\n\t\t\t\t<a href='https:\/\/cuernavaca.gob.mx\/?attachment_id=52691'><img width=\"150\" height=\"150\" src=\"https:\/\/cuernavaca.gob.mx\/wp-content\/uploads\/2025\/08\/AYUNTAMIENTO-DE-CUERNAVACA-ATIENDE-AFECTACIONES-EN-CALLE-PEDRO-DE-ALVARADO-1-150x150.jpg\" class=\"attachment-thumbnail size-thumbnail\" alt=\"\" loading=\"lazy\" \/><\/a>\n\t\t\t<\/dt><\/dl><dl class='gallery-item'>\n\t\t\t<dt class='gallery-icon landscape'>\n\t\t\t\t<a href='https:\/\/cuernavaca.gob.mx\/?attachment_id=52692'><img width=\"150\" height=\"150\" src=\"https:\/\/cuernavaca.gob.mx\/wp-content\/uploads\/2025\/08\/AYUNTAMIENTO-DE-CUERNAVACA-ATIENDE-AFECTACIONES-EN-CALLE-PEDRO-DE-ALVARADO-2-150x150.jpg\" class=\"attachment-thumbnail size-thumbnail\" alt=\"\" loading=\"lazy\" \/><\/a>\n\t\t\t<\/dt><\/dl><dl class='gallery-item'>\n\t\t\t<dt class='gallery-icon landscape'>\n\t\t\t\t<a href='https:\/\/cuernavaca.gob.mx\/?attachment_id=52693'><img width=\"150\" height=\"150\" src=\"https:\/\/cuernavaca.gob.mx\/wp-content\/uploads\/2025\/08\/AYUNTAMIENTO-DE-CUERNAVACA-ATIENDE-AFECTACIONES-EN-CALLE-PEDRO-DE-ALVARADO-3-150x150.jpg\" class=\"attachment-thumbnail size-thumbnail\" alt=\"\" loading=\"lazy\" \/><\/a>\n\t\t\t<\/dt><\/dl><br style=\"clear: both\" \/><dl class='gallery-item'>\n\t\t\t<dt class='gallery-icon landscape'>\n\t\t\t\t<a href='https:\/\/cuernavaca.gob.mx\/?attachment_id=52694'><img width=\"150\" height=\"150\" src=\"https:\/\/cuernavaca.gob.mx\/wp-content\/uploads\/2025\/08\/AYUNTAMIENTO-DE-CUERNAVACA-ATIENDE-AFECTACIONES-EN-CALLE-PEDRO-DE-ALVARADO-4-150x150.jpg\" class=\"attachment-thumbnail size-thumbnail\" alt=\"\" loading=\"lazy\" \/><\/a>\n\t\t\t<\/dt><\/dl>\n\t\t\t<br style='clear: both' \/>\n\t\t<\/div>\n\n<p>&nbsp;<\/p>\n<p>&nbsp;<\/p>\n","protected":false},"excerpt":{"rendered":"<p>\u2022 La afectaci\u00f3n registrada no est\u00e1 relacionada con la obra de rehabilitaci\u00f3n realizada en 2024, sino con una fuga reciente en la red de agua Derivado de las intensas lluvias registradas en los \u00faltimos d\u00edas, el Ayuntamiento de Cuernavaca, a trav\u00e9s del Sistema de Agua Potable y Alcantarillado de Cuernavaca (SAPAC) en coordinaci\u00f3n con la [&hellip;]<\/p>\n","protected":false},"author":1,"featured_media":52692,"comment_status":"closed","ping_status":"open","sticky":false,"template":"","format":"standard","meta":[],"categories":[18],"tags":[121,120,1044,206,356,232,127],"aioseo_notices":[],"_links":{"self":[{"href":"https:\/\/cuernavaca.gob.mx\/index.php?rest_route=\/wp\/v2\/posts\/52690"}],"collection":[{"href":"https:\/\/cuernavaca.gob.mx\/index.php?rest_route=\/wp\/v2\/posts"}],"about":[{"href":"https:\/\/cuernavaca.gob.mx\/index.php?rest_route=\/wp\/v2\/types\/post"}],"author":[{"embeddable":true,"href":"https:\/\/cuernavaca.gob.mx\/index.php?rest_route=\/wp\/v2\/users\/1"}],"replies":[{"embeddable":true,"href":"https:\/\/cuernavaca.gob.mx\/index.php?rest_route=%2Fwp%2Fv2%2Fcomments&post=52690"}],"version-history":[{"count":1,"href":"https:\/\/cuernavaca.gob.mx\/index.php?rest_route=\/wp\/v2\/posts\/52690\/revisions"}],"predecessor-version":[{"id":52695,"href":"https:\/\/cuernavaca.gob.mx\/index.php?rest_route=\/wp\/v2\/posts\/52690\/revisions\/52695"}],"wp:featuredmedia":[{"embeddable":true,"href":"https:\/\/cuernavaca.gob.mx\/index.php?rest_route=\/wp\/v2\/media\/52692"}],"wp:attachment":[{"href":"https:\/\/cuernavaca.gob.mx\/index.php?rest_route=%2Fwp%2Fv2%2Fmedia&parent=52690"}],"wp:term":[{"taxonomy":"category","embeddable":true,"href":"https:\/\/cuernavaca.gob.mx\/index.php?rest_route=%2Fwp%2Fv2%2Fcategories&post=52690"},{"taxonomy":"post_tag","embeddable":true,"href":"https:\/\/cuernavaca.gob.mx\/index.php?rest_route=%2Fwp%2Fv2%2Ftags&post=52690"}],"curies":[{"name":"wp","href":"https:\/\/api.w.org\/{rel}","templated":true}]}}