{"id":52696,"date":"2025-08-28T15:30:19","date_gmt":"2025-08-28T21:30:19","guid":{"rendered":"https:\/\/cuernavaca.gob.mx\/?p=52696"},"modified":"2025-08-28T15:55:38","modified_gmt":"2025-08-28T21:55:38","slug":"b545-28-08-25-alto-nivel-profesional-academico-y-de-compromiso-con-las-mujeres-de-cuernavaca-en-el-subcomite-de-igualdad-de-cuernavaca","status":"publish","type":"post","link":"https:\/\/cuernavaca.gob.mx\/?p=52696","title":{"rendered":"B545 28\/08\/25 ALTO NIVEL PROFESIONAL, ACAD\u00c9MICO Y DE COMPROMISO CON LAS MUJERES DE CUERNAVACA, EN EL SUBCOMIT\u00c9 DE IGUALDAD DE CUERNAVACA"},"content":{"rendered":"<p><strong>\u2022 Para el alcalde Jos\u00e9 Luis Uri\u00f3stegui es importante contar con las aportaciones de personas destacadas a nivel local, nacional e internacional en atenci\u00f3n profesional a la igualdad y perspectiva de g\u00e9nero<\/strong><\/p>\n<p>La conformaci\u00f3n del Subcomit\u00e9 Sectorial de Igualdad y Perspectiva de G\u00e9nero, cumple con la directriz marcada por el presidente municipal, Jos\u00e9 Luis Uri\u00f3stegui Salgado, ya que para su administraci\u00f3n es de vital importancia el contar con las aportaciones de personas muy destacadas a nivel local, nacional e internacional en atenci\u00f3n profesional a la igualdad y perspectiva de g\u00e9nero.<\/p>\n<p>Lo anterior por el impacto que se obtiene en las pol\u00edticas p\u00fablicas a favor de ni\u00f1as, adolescentes y mujeres de Cuernavaca, por lo que, con notable valor espec\u00edfico basado en la trayectoria de sus integrantes, su alto nivel acad\u00e9mico y de trabajo social, qued\u00f3 integrado el Subcomit\u00e9 Sectorial de Igualdad y Perspectiva de G\u00e9nero de Cuernavaca.<\/p>\n<p>En dicho Subcomit\u00e9 participan integrantes del Cabildo, como la regidora, Elia Ortiz Garc\u00eda, presidenta de la Comisi\u00f3n de Equidad, e integrantes del gabinete, como Tania Berenice Ulloa Zamora, contralora municipal; Marco Antonio Olvera Benedicto, director del Instituto Municipal de Planeaci\u00f3n (IMPLAN) y Luis Enrique Mart\u00ednez Catal\u00e1n, coordinador general del COPLADEMUN.<\/p>\n<p>Cabe destacar la participaci\u00f3n en este organismo colegiado de Dafne Ocampo Escutia, subprocuradora de Derechos Acad\u00e9micos de la Universidad Aut\u00f3noma del Estado de Morelos (UAEM), y del sector acad\u00e9mico, representado por Edna Judith Arillo Santill\u00e1n, investigadora en Ciencias M\u00e9dicas del Instituto Nacional de Salud P\u00fablica (INSP). Ambos perfiles tienen una trayectoria de trabajo constante con j\u00f3venes mujeres en el \u00e1mbito estudiantil y acad\u00e9mico.<\/p>\n<p>Mientras que el reci\u00e9n integrado Subcomit\u00e9 Sectorial de Igualdad y Perspectiva de G\u00e9nero, es coordinado por la Lorena Elizabeth Castillo, directora del Instituto de la Mujer de Cuernavaca (IMC), cuyo desarrollo profesional y acad\u00e9mico incluye el ser integrante del Sistema Nacional de Investigadores (SNI) y con amplio trabajo con mujeres desde el enfoque de la salud y pol\u00edticas p\u00fablicas.<\/p>\n<p>Con este alto nivel profesional, acad\u00e9mico y de compromiso con las mujeres de Cuernavaca, las acciones que ser\u00e1n propuestas por este Subcomit\u00e9 quedar\u00e1n enmarcadas en el \u00e1mbito de competencia del Comit\u00e9 de Planeaci\u00f3n para el Desarrollo del Municipio de Cuernavaca (COPLADEMUN) 2025 \u2013 2027, ya que el Subcomit\u00e9 de Igualdad y Perspectiva de G\u00e9nero propiciar\u00e1 la articulaci\u00f3n y coordinaci\u00f3n de dicho organismo en materia de equidad y respeto a los derechos humanos de las mujeres.<\/p>\n\n\t\t<style type=\"text\/css\">\n\t\t\t#gallery-1 {\n\t\t\t\tmargin: auto;\n\t\t\t}\n\t\t\t#gallery-1 .gallery-item {\n\t\t\t\tfloat: left;\n\t\t\t\tmargin-top: 10px;\n\t\t\t\ttext-align: center;\n\t\t\t\twidth: 33%;\n\t\t\t}\n\t\t\t#gallery-1 img {\n\t\t\t\tborder: 2px solid #cfcfcf;\n\t\t\t}\n\t\t\t#gallery-1 .gallery-caption {\n\t\t\t\tmargin-left: 0;\n\t\t\t}\n\t\t\t\/* see gallery_shortcode() in wp-includes\/media.php *\/\n\t\t<\/style>\n\t\t<div id='gallery-1' class='gallery galleryid-52696 gallery-columns-3 gallery-size-thumbnail'><dl class='gallery-item'>\n\t\t\t<dt class='gallery-icon landscape'>\n\t\t\t\t<a href='https:\/\/cuernavaca.gob.mx\/?attachment_id=52697'><img width=\"150\" height=\"150\" src=\"https:\/\/cuernavaca.gob.mx\/wp-content\/uploads\/2025\/08\/ALTO-NIVEL-PROFESIONAL-ACADE\u0301MICO-Y-DE-COMPROMISO-CON-LAS-MUJERES-DE-CUERNAVACA-EN-EL-SUBCOMITE\u0301-DE-IGUALDAD-DE-CUERNAVACA-1-150x150.jpg\" class=\"attachment-thumbnail size-thumbnail\" alt=\"\" loading=\"lazy\" \/><\/a>\n\t\t\t<\/dt><\/dl><dl class='gallery-item'>\n\t\t\t<dt class='gallery-icon portrait'>\n\t\t\t\t<a href='https:\/\/cuernavaca.gob.mx\/?attachment_id=52698'><img width=\"150\" height=\"150\" src=\"https:\/\/cuernavaca.gob.mx\/wp-content\/uploads\/2025\/08\/ALTO-NIVEL-PROFESIONAL-ACADE\u0301MICO-Y-DE-COMPROMISO-CON-LAS-MUJERES-DE-CUERNAVACA-EN-EL-SUBCOMITE\u0301-DE-IGUALDAD-DE-CUERNAVACA-2-150x150.jpg\" class=\"attachment-thumbnail size-thumbnail\" alt=\"\" loading=\"lazy\" \/><\/a>\n\t\t\t<\/dt><\/dl><dl class='gallery-item'>\n\t\t\t<dt class='gallery-icon landscape'>\n\t\t\t\t<a href='https:\/\/cuernavaca.gob.mx\/?attachment_id=52699'><img width=\"150\" height=\"150\" src=\"https:\/\/cuernavaca.gob.mx\/wp-content\/uploads\/2025\/08\/ALTO-NIVEL-PROFESIONAL-ACADE\u0301MICO-Y-DE-COMPROMISO-CON-LAS-MUJERES-DE-CUERNAVACA-EN-EL-SUBCOMITE\u0301-DE-IGUALDAD-DE-CUERNAVACA-3-150x150.jpg\" class=\"attachment-thumbnail size-thumbnail\" alt=\"\" loading=\"lazy\" \/><\/a>\n\t\t\t<\/dt><\/dl><br style=\"clear: both\" \/>\n\t\t<\/div>\n\n","protected":false},"excerpt":{"rendered":"<p>\u2022 Para el alcalde Jos\u00e9 Luis Uri\u00f3stegui es importante contar con las aportaciones de personas destacadas a nivel local, nacional e internacional en atenci\u00f3n profesional a la igualdad y perspectiva de g\u00e9nero La conformaci\u00f3n del Subcomit\u00e9 Sectorial de Igualdad y Perspectiva de G\u00e9nero, cumple con la directriz marcada por el presidente municipal, Jos\u00e9 Luis Uri\u00f3stegui [&hellip;]<\/p>\n","protected":false},"author":1,"featured_media":52698,"comment_status":"closed","ping_status":"open","sticky":false,"template":"","format":"standard","meta":[],"categories":[1],"tags":[121,120,206],"aioseo_notices":[],"_links":{"self":[{"href":"https:\/\/cuernavaca.gob.mx\/index.php?rest_route=\/wp\/v2\/posts\/52696"}],"collection":[{"href":"https:\/\/cuernavaca.gob.mx\/index.php?rest_route=\/wp\/v2\/posts"}],"about":[{"href":"https:\/\/cuernavaca.gob.mx\/index.php?rest_route=\/wp\/v2\/types\/post"}],"author":[{"embeddable":true,"href":"https:\/\/cuernavaca.gob.mx\/index.php?rest_route=\/wp\/v2\/users\/1"}],"replies":[{"embeddable":true,"href":"https:\/\/cuernavaca.gob.mx\/index.php?rest_route=%2Fwp%2Fv2%2Fcomments&post=52696"}],"version-history":[{"count":1,"href":"https:\/\/cuernavaca.gob.mx\/index.php?rest_route=\/wp\/v2\/posts\/52696\/revisions"}],"predecessor-version":[{"id":52700,"href":"https:\/\/cuernavaca.gob.mx\/index.php?rest_route=\/wp\/v2\/posts\/52696\/revisions\/52700"}],"wp:featuredmedia":[{"embeddable":true,"href":"https:\/\/cuernavaca.gob.mx\/index.php?rest_route=\/wp\/v2\/media\/52698"}],"wp:attachment":[{"href":"https:\/\/cuernavaca.gob.mx\/index.php?rest_route=%2Fwp%2Fv2%2Fmedia&parent=52696"}],"wp:term":[{"taxonomy":"category","embeddable":true,"href":"https:\/\/cuernavaca.gob.mx\/index.php?rest_route=%2Fwp%2Fv2%2Fcategories&post=52696"},{"taxonomy":"post_tag","embeddable":true,"href":"https:\/\/cuernavaca.gob.mx\/index.php?rest_route=%2Fwp%2Fv2%2Ftags&post=52696"}],"curies":[{"name":"wp","href":"https:\/\/api.w.org\/{rel}","templated":true}]}}