{"id":52875,"date":"2025-09-04T13:32:33","date_gmt":"2025-09-04T19:32:33","guid":{"rendered":"https:\/\/cuernavaca.gob.mx\/?p=52875"},"modified":"2025-09-04T13:32:33","modified_gmt":"2025-09-04T19:32:33","slug":"b563-04-09-25-ayuntamiento-de-cuernavaca-atiende-afectaciones-por-lluvias-en-calle-san-fernando-de-la-colonia-santa-martha","status":"publish","type":"post","link":"https:\/\/cuernavaca.gob.mx\/?p=52875","title":{"rendered":"B563 04\/09\/25 AYUNTAMIENTO DE CUERNAVACA ATIENDE AFECTACIONES POR LLUVIAS EN CALLE SAN FERNANDO DE LA COLONIA SANTA MARTHA"},"content":{"rendered":"<p><strong>\u2022 El levantamiento del asfalto obedece al mal estado general de la vialidad que ha sido atendida por etapas desde la primera administraci\u00f3n del alcalde Jos\u00e9 Luis Uri\u00f3stegui Salgado<\/strong><\/p>\n<p>El Ayuntamiento de Cuernavaca, a trav\u00e9s de la Secretar\u00eda de Desarrollo Urbano y Obras P\u00fablicas (SDUyOP), informa que este jueves iniciaron trabajos de reparaci\u00f3n temporal en el tramo afectado de la calle San Fernando, en la colonia Santa Martha, donde el asfalto se levant\u00f3 a consecuencia de las intensas lluvias registradas la noche del mi\u00e9rcoles.<\/p>\n<p>Aunque este tramo no form\u00f3 parte de la obra original de rehabilitaci\u00f3n incluida en el Programa Anual de Obra P\u00fablica 2025, la SDUyOP intervendr\u00e1 la zona afectada tambi\u00e9n con concreto hidr\u00e1ulico, atendiendo de manera prioritaria esta situaci\u00f3n para garantizar la seguridad de vecinas y vecinos.<\/p>\n<p>El titular de la dependencia, Demetrio Chavira de la Torre, explic\u00f3 que el levantamiento del asfalto de esta calle se debe al deterioro general de la vialidad, no es solo el pavimento, sino las redes de drenaje, que llevaban d\u00e9cadas sin recibir mantenimiento. Por ello, desde la primera administraci\u00f3n del alcalde Jos\u00e9 Luis Uri\u00f3stegui Salgado, la atenci\u00f3n integral de esta infraestructura ha sido una prioridad, abarcando no solo la repavimentaci\u00f3n, sino tambi\u00e9n la sustituci\u00f3n de las redes de drenaje y agua potable, banquetas y guarniciones.<\/p>\n<p>En esta intervenci\u00f3n, personal de la SDUyOP retirar\u00e1 el pavimento da\u00f1ado para mantener la vialidad en condiciones funcionales, mientras se ejecutan las obras definitivas que contemplan la demolici\u00f3n total del tramo afectado y la aplicaci\u00f3n de concreto hidr\u00e1ulico, como ya se hizo en la primera etapa concluida este a\u00f1o, lo cual garantiza mayor durabilidad y resistencia.<\/p>\n\n\t\t<style type=\"text\/css\">\n\t\t\t#gallery-1 {\n\t\t\t\tmargin: auto;\n\t\t\t}\n\t\t\t#gallery-1 .gallery-item {\n\t\t\t\tfloat: left;\n\t\t\t\tmargin-top: 10px;\n\t\t\t\ttext-align: center;\n\t\t\t\twidth: 33%;\n\t\t\t}\n\t\t\t#gallery-1 img {\n\t\t\t\tborder: 2px solid #cfcfcf;\n\t\t\t}\n\t\t\t#gallery-1 .gallery-caption {\n\t\t\t\tmargin-left: 0;\n\t\t\t}\n\t\t\t\/* see gallery_shortcode() in wp-includes\/media.php *\/\n\t\t<\/style>\n\t\t<div id='gallery-1' class='gallery galleryid-52875 gallery-columns-3 gallery-size-thumbnail'><dl class='gallery-item'>\n\t\t\t<dt class='gallery-icon landscape'>\n\t\t\t\t<a href='https:\/\/cuernavaca.gob.mx\/?attachment_id=52876'><img width=\"150\" height=\"150\" src=\"https:\/\/cuernavaca.gob.mx\/wp-content\/uploads\/2025\/09\/AYUNTAMIENTO-DE-CUERNAVACA-ATIENDE-AFECTACIONES-POR-LLUVIAS-EN-CALLE-SAN-FERNANDO-DE-LA-COLONIA-SANTA-MARTHA-1-150x150.jpg\" class=\"attachment-thumbnail size-thumbnail\" alt=\"\" loading=\"lazy\" \/><\/a>\n\t\t\t<\/dt><\/dl><dl class='gallery-item'>\n\t\t\t<dt class='gallery-icon landscape'>\n\t\t\t\t<a href='https:\/\/cuernavaca.gob.mx\/?attachment_id=52877'><img width=\"150\" height=\"150\" src=\"https:\/\/cuernavaca.gob.mx\/wp-content\/uploads\/2025\/09\/AYUNTAMIENTO-DE-CUERNAVACA-ATIENDE-AFECTACIONES-POR-LLUVIAS-EN-CALLE-SAN-FERNANDO-DE-LA-COLONIA-SANTA-MARTHA-2-150x150.jpg\" class=\"attachment-thumbnail size-thumbnail\" alt=\"\" loading=\"lazy\" \/><\/a>\n\t\t\t<\/dt><\/dl>\n\t\t\t<br style='clear: both' \/>\n\t\t<\/div>\n\n","protected":false},"excerpt":{"rendered":"<p>\u2022 El levantamiento del asfalto obedece al mal estado general de la vialidad que ha sido atendida por etapas desde la primera administraci\u00f3n del alcalde Jos\u00e9 Luis Uri\u00f3stegui Salgado El Ayuntamiento de Cuernavaca, a trav\u00e9s de la Secretar\u00eda de Desarrollo Urbano y Obras P\u00fablicas (SDUyOP), informa que este jueves iniciaron trabajos de reparaci\u00f3n temporal en [&hellip;]<\/p>\n","protected":false},"author":1,"featured_media":52876,"comment_status":"closed","ping_status":"open","sticky":false,"template":"","format":"standard","meta":[],"categories":[18],"tags":[121,3878,356,127,433],"aioseo_notices":[],"_links":{"self":[{"href":"https:\/\/cuernavaca.gob.mx\/index.php?rest_route=\/wp\/v2\/posts\/52875"}],"collection":[{"href":"https:\/\/cuernavaca.gob.mx\/index.php?rest_route=\/wp\/v2\/posts"}],"about":[{"href":"https:\/\/cuernavaca.gob.mx\/index.php?rest_route=\/wp\/v2\/types\/post"}],"author":[{"embeddable":true,"href":"https:\/\/cuernavaca.gob.mx\/index.php?rest_route=\/wp\/v2\/users\/1"}],"replies":[{"embeddable":true,"href":"https:\/\/cuernavaca.gob.mx\/index.php?rest_route=%2Fwp%2Fv2%2Fcomments&post=52875"}],"version-history":[{"count":2,"href":"https:\/\/cuernavaca.gob.mx\/index.php?rest_route=\/wp\/v2\/posts\/52875\/revisions"}],"predecessor-version":[{"id":52879,"href":"https:\/\/cuernavaca.gob.mx\/index.php?rest_route=\/wp\/v2\/posts\/52875\/revisions\/52879"}],"wp:featuredmedia":[{"embeddable":true,"href":"https:\/\/cuernavaca.gob.mx\/index.php?rest_route=\/wp\/v2\/media\/52876"}],"wp:attachment":[{"href":"https:\/\/cuernavaca.gob.mx\/index.php?rest_route=%2Fwp%2Fv2%2Fmedia&parent=52875"}],"wp:term":[{"taxonomy":"category","embeddable":true,"href":"https:\/\/cuernavaca.gob.mx\/index.php?rest_route=%2Fwp%2Fv2%2Fcategories&post=52875"},{"taxonomy":"post_tag","embeddable":true,"href":"https:\/\/cuernavaca.gob.mx\/index.php?rest_route=%2Fwp%2Fv2%2Ftags&post=52875"}],"curies":[{"name":"wp","href":"https:\/\/api.w.org\/{rel}","templated":true}]}}