{"id":52881,"date":"2025-09-05T08:00:32","date_gmt":"2025-09-05T14:00:32","guid":{"rendered":"https:\/\/cuernavaca.gob.mx\/?p=52881"},"modified":"2025-09-07T21:47:58","modified_gmt":"2025-09-08T03:47:58","slug":"b564-05-09-25-el-ayuntamiento-de-cuernavaca-reitera-su-compromiso-con-la-proteccion-del-medio-ambiente-y-la-transparencia-en-la-gestion-urbana","status":"publish","type":"post","link":"https:\/\/cuernavaca.gob.mx\/?p=52881","title":{"rendered":"B564 05\/09\/25 EL AYUNTAMIENTO DE CUERNAVACA REITERA SU COMPROMISO CON LA PROTECCI\u00d3N DEL MEDIO AMBIENTE Y LA TRANSPARENCIA EN LA GESTI\u00d3N URBANA"},"content":{"rendered":"<p>El Ayuntamiento de Cuernavaca, a trav\u00e9s de la Secretar\u00eda de Desarrollo Sustentable y Servicios P\u00fablicos (SDSySP), informa a la ciudadan\u00eda que, tras una revisi\u00f3n exhaustiva de los procedimientos administrativos y t\u00e9cnicos, no existe autorizaci\u00f3n vigente para el retiro de \u00e1rboles en la avenida Juan Pablo II esquina con calle R\u00edo Nazas #300, en la colonia Vista Hermosa.<\/p>\n<p>El titular de la SDSySP, Guillermo L\u00f3pez Mej\u00eda, explic\u00f3 que el predio en cuesti\u00f3n contaba con una licencia ambiental en modalidad de construcci\u00f3n (demolici\u00f3n), otorgada conforme a los lineamientos establecidos. Dicha licencia inclu\u00eda el permiso de banqueo (trasplante de \u00e1rboles) requerido para proteger la vegetaci\u00f3n durante las labores de demolici\u00f3n.<\/p>\n<p>Sin embargo, precis\u00f3 que, aunque la licencia ambiental contin\u00faa vigente, los permisos de banqueo fueron revocados el pasado 08 de agosto de 2025, en com\u00fan acuerdo con el promovente condicionado a que las maniobras de demolici\u00f3n pod\u00edan realizarse \u00fanicamente por la calle R\u00edo Nazas, evitando el uso del \u00e1rea de derecho de v\u00eda donde se encuentran los \u00e1rboles y extremando precauciones para su protecci\u00f3n.<\/p>\n<p>Por su lado, el director general de Desarrollo Sustentable, Jos\u00e9 Alfredo Rodr\u00edguez San Cipri\u00e1n, indic\u00f3 que se recomend\u00f3 la colocaci\u00f3n de tapiales para proteger la integridad de los \u00e1rboles durante los trabajos de demolici\u00f3n. No obstante, se detect\u00f3 que posteriormente algunos sectores de la ciudadan\u00eda procedieron a cubrir los bancos de los \u00e1rboles sin el manejo adecuado, lo cual podr\u00eda comprometer su salud y desarrollo.<\/p>\n<p>Ante las versiones no oficiales que han circulado, la SDSySP hace un llamado a la poblaci\u00f3n a evitar la difusi\u00f3n de rumores infundados y a confiar en las acciones transparentes y t\u00e9cnicas que se implementan para garantizar el bienestar ambiental y urbano de Cuernavaca.<\/p>\n<p>El Gobierno Municipal reafirma su compromiso con la protecci\u00f3n del medio ambiente y la gesti\u00f3n responsable de los recursos naturales, as\u00ed como su disposici\u00f3n permanente para escuchar, informar y atender las inquietudes de la ciudadan\u00eda, promoviendo una participaci\u00f3n activa en la conservaci\u00f3n y mejora del entorno com\u00fan.<\/p>\n\n\t\t<style type=\"text\/css\">\n\t\t\t#gallery-1 {\n\t\t\t\tmargin: auto;\n\t\t\t}\n\t\t\t#gallery-1 .gallery-item {\n\t\t\t\tfloat: left;\n\t\t\t\tmargin-top: 10px;\n\t\t\t\ttext-align: center;\n\t\t\t\twidth: 33%;\n\t\t\t}\n\t\t\t#gallery-1 img {\n\t\t\t\tborder: 2px solid #cfcfcf;\n\t\t\t}\n\t\t\t#gallery-1 .gallery-caption {\n\t\t\t\tmargin-left: 0;\n\t\t\t}\n\t\t\t\/* see gallery_shortcode() in wp-includes\/media.php *\/\n\t\t<\/style>\n\t\t<div id='gallery-1' class='gallery galleryid-52881 gallery-columns-3 gallery-size-thumbnail'><dl class='gallery-item'>\n\t\t\t<dt class='gallery-icon landscape'>\n\t\t\t\t<a href='https:\/\/cuernavaca.gob.mx\/?attachment_id=52882'><img width=\"150\" height=\"150\" src=\"https:\/\/cuernavaca.gob.mx\/wp-content\/uploads\/2025\/09\/EL-AYUNTAMIENTO-DE-CUERNAVACA-REITERA-SU-COMPROMISO-CON-LA-PROTECCION-DEL-MEDIO-AMBIENTE-Y-LA-TRANSPARENCIA-EN-LA-GESTION-URBANA-1-150x150.jpeg\" class=\"attachment-thumbnail size-thumbnail\" alt=\"\" loading=\"lazy\" \/><\/a>\n\t\t\t<\/dt><\/dl><dl class='gallery-item'>\n\t\t\t<dt class='gallery-icon landscape'>\n\t\t\t\t<a href='https:\/\/cuernavaca.gob.mx\/?attachment_id=52883'><img width=\"150\" height=\"150\" src=\"https:\/\/cuernavaca.gob.mx\/wp-content\/uploads\/2025\/09\/EL-AYUNTAMIENTO-DE-CUERNAVACA-REITERA-SU-COMPROMISO-CON-LA-PROTECCION-DEL-MEDIO-AMBIENTE-Y-LA-TRANSPARENCIA-EN-LA-GESTION-URBANA-2-150x150.jpeg\" class=\"attachment-thumbnail size-thumbnail\" alt=\"\" loading=\"lazy\" \/><\/a>\n\t\t\t<\/dt><\/dl><dl class='gallery-item'>\n\t\t\t<dt class='gallery-icon landscape'>\n\t\t\t\t<a href='https:\/\/cuernavaca.gob.mx\/?attachment_id=52884'><img width=\"150\" height=\"150\" src=\"https:\/\/cuernavaca.gob.mx\/wp-content\/uploads\/2025\/09\/EL-AYUNTAMIENTO-DE-CUERNAVACA-REITERA-SU-COMPROMISO-CON-LA-PROTECCION-DEL-MEDIO-AMBIENTE-Y-LA-TRANSPARENCIA-EN-LA-GESTION-URBANA-3-150x150.jpeg\" class=\"attachment-thumbnail size-thumbnail\" alt=\"\" loading=\"lazy\" \/><\/a>\n\t\t\t<\/dt><\/dl><br style=\"clear: both\" \/>\n\t\t<\/div>\n\n","protected":false},"excerpt":{"rendered":"<p>El Ayuntamiento de Cuernavaca, a trav\u00e9s de la Secretar\u00eda de Desarrollo Sustentable y Servicios P\u00fablicos (SDSySP), informa a la ciudadan\u00eda que, tras una revisi\u00f3n exhaustiva de los procedimientos administrativos y t\u00e9cnicos, no existe autorizaci\u00f3n vigente para el retiro de \u00e1rboles en la avenida Juan Pablo II esquina con calle R\u00edo Nazas #300, en la colonia [&hellip;]<\/p>\n","protected":false},"author":1,"featured_media":52884,"comment_status":"closed","ping_status":"open","sticky":false,"template":"","format":"standard","meta":[],"categories":[2271],"tags":[121,652,120,422,127],"aioseo_notices":[],"_links":{"self":[{"href":"https:\/\/cuernavaca.gob.mx\/index.php?rest_route=\/wp\/v2\/posts\/52881"}],"collection":[{"href":"https:\/\/cuernavaca.gob.mx\/index.php?rest_route=\/wp\/v2\/posts"}],"about":[{"href":"https:\/\/cuernavaca.gob.mx\/index.php?rest_route=\/wp\/v2\/types\/post"}],"author":[{"embeddable":true,"href":"https:\/\/cuernavaca.gob.mx\/index.php?rest_route=\/wp\/v2\/users\/1"}],"replies":[{"embeddable":true,"href":"https:\/\/cuernavaca.gob.mx\/index.php?rest_route=%2Fwp%2Fv2%2Fcomments&post=52881"}],"version-history":[{"count":1,"href":"https:\/\/cuernavaca.gob.mx\/index.php?rest_route=\/wp\/v2\/posts\/52881\/revisions"}],"predecessor-version":[{"id":52885,"href":"https:\/\/cuernavaca.gob.mx\/index.php?rest_route=\/wp\/v2\/posts\/52881\/revisions\/52885"}],"wp:featuredmedia":[{"embeddable":true,"href":"https:\/\/cuernavaca.gob.mx\/index.php?rest_route=\/wp\/v2\/media\/52884"}],"wp:attachment":[{"href":"https:\/\/cuernavaca.gob.mx\/index.php?rest_route=%2Fwp%2Fv2%2Fmedia&parent=52881"}],"wp:term":[{"taxonomy":"category","embeddable":true,"href":"https:\/\/cuernavaca.gob.mx\/index.php?rest_route=%2Fwp%2Fv2%2Fcategories&post=52881"},{"taxonomy":"post_tag","embeddable":true,"href":"https:\/\/cuernavaca.gob.mx\/index.php?rest_route=%2Fwp%2Fv2%2Ftags&post=52881"}],"curies":[{"name":"wp","href":"https:\/\/api.w.org\/{rel}","templated":true}]}}