{"id":52886,"date":"2025-09-05T09:00:17","date_gmt":"2025-09-05T15:00:17","guid":{"rendered":"https:\/\/cuernavaca.gob.mx\/?p=52886"},"modified":"2025-09-07T21:51:26","modified_gmt":"2025-09-08T03:51:26","slug":"f77-05-09-25-vecinas-y-vecinos-celebran-rehabilitacion-de-la-avenida-estado-de-puebla-en-cuernavaca","status":"publish","type":"post","link":"https:\/\/cuernavaca.gob.mx\/?p=52886","title":{"rendered":"F77 05\/09\/25 VECINAS Y VECINOS CELEBRAN REHABILITACI\u00d3N DE LA AVENIDA ESTADO DE PUEBLA EN CUERNAVACA"},"content":{"rendered":"<p>El presidente municipal de Cuernavaca, Jos\u00e9 Luis Uri\u00f3stegui Salgado, realiz\u00f3 un recorrido a pie por la colonia L\u00e1zaro C\u00e1rdenas del R\u00edo, donde dialog\u00f3 directamente con vecinas y vecinos beneficiados con la rehabilitaci\u00f3n integral de la avenida Estado de Puebla, obra prioritaria que busca mejorar la movilidad, la seguridad vial y la calidad de los servicios p\u00fablicos en esta importante vialidad.<\/p>\n<p>La intervenci\u00f3n, a cargo de la Secretar\u00eda de Desarrollo Urbano y Obras P\u00fablicas (SDUyOP), cont\u00f3 con una inversi\u00f3n de cinco millones 999 mil 818.50 pesos e incluy\u00f3 la renovaci\u00f3n del pavimento, adem\u00e1s de la modernizaci\u00f3n de las redes de agua potable y drenaje sanitario. Habitantes como Miriam Rodr\u00edguez, de la colonia Loma Bonita, celebraron los cambios, se\u00f1alando que hay un &#8220;antes y un despu\u00e9s\u201d en esta vialidad que pas\u00f3 de ser intransitable a ofrecer mejores condiciones de accesibilidad y servicio como el agua potable.<\/p>\n<p>En el recorrido, el alcalde estuvo acompa\u00f1ado por la regidora Paz Hern\u00e1ndez Pardo, el regidor Alfredo Gonz\u00e1lez S\u00e1nchez, los diputados locales Gerardo Abarca Pe\u00f1a y Daniel Mart\u00ednez Terrazas, as\u00ed como el diputado federal Adri\u00e1n Mart\u00ednez Terrazas, quienes constataron el avance y la calidad de la obra.<\/p>\n\n\t\t<style type=\"text\/css\">\n\t\t\t#gallery-1 {\n\t\t\t\tmargin: auto;\n\t\t\t}\n\t\t\t#gallery-1 .gallery-item {\n\t\t\t\tfloat: left;\n\t\t\t\tmargin-top: 10px;\n\t\t\t\ttext-align: center;\n\t\t\t\twidth: 33%;\n\t\t\t}\n\t\t\t#gallery-1 img {\n\t\t\t\tborder: 2px solid #cfcfcf;\n\t\t\t}\n\t\t\t#gallery-1 .gallery-caption {\n\t\t\t\tmargin-left: 0;\n\t\t\t}\n\t\t\t\/* see gallery_shortcode() in wp-includes\/media.php *\/\n\t\t<\/style>\n\t\t<div id='gallery-1' class='gallery galleryid-52886 gallery-columns-3 gallery-size-thumbnail'><dl class='gallery-item'>\n\t\t\t<dt class='gallery-icon landscape'>\n\t\t\t\t<a href='https:\/\/cuernavaca.gob.mx\/?attachment_id=52887'><img width=\"150\" height=\"150\" src=\"https:\/\/cuernavaca.gob.mx\/wp-content\/uploads\/2025\/09\/VECINAS-Y-VECINOS-CELEBRAN-REHABILITACION-DE-LA-AVENIDA-ESTADO-DE-PUEBLA-EN-CUERNAVACA-1-150x150.jpg\" class=\"attachment-thumbnail size-thumbnail\" alt=\"\" loading=\"lazy\" \/><\/a>\n\t\t\t<\/dt><\/dl><dl class='gallery-item'>\n\t\t\t<dt class='gallery-icon landscape'>\n\t\t\t\t<a href='https:\/\/cuernavaca.gob.mx\/?attachment_id=52888'><img width=\"150\" height=\"150\" src=\"https:\/\/cuernavaca.gob.mx\/wp-content\/uploads\/2025\/09\/VECINAS-Y-VECINOS-CELEBRAN-REHABILITACION-DE-LA-AVENIDA-ESTADO-DE-PUEBLA-EN-CUERNAVACA-2-150x150.jpg\" class=\"attachment-thumbnail size-thumbnail\" alt=\"\" loading=\"lazy\" \/><\/a>\n\t\t\t<\/dt><\/dl><dl class='gallery-item'>\n\t\t\t<dt class='gallery-icon landscape'>\n\t\t\t\t<a href='https:\/\/cuernavaca.gob.mx\/?attachment_id=52889'><img width=\"150\" height=\"150\" src=\"https:\/\/cuernavaca.gob.mx\/wp-content\/uploads\/2025\/09\/VECINAS-Y-VECINOS-CELEBRAN-REHABILITACION-DE-LA-AVENIDA-ESTADO-DE-PUEBLA-EN-CUERNAVACA-3-150x150.jpg\" class=\"attachment-thumbnail size-thumbnail\" alt=\"\" loading=\"lazy\" \/><\/a>\n\t\t\t<\/dt><\/dl><br style=\"clear: both\" \/><dl class='gallery-item'>\n\t\t\t<dt class='gallery-icon landscape'>\n\t\t\t\t<a href='https:\/\/cuernavaca.gob.mx\/?attachment_id=52890'><img width=\"150\" height=\"150\" src=\"https:\/\/cuernavaca.gob.mx\/wp-content\/uploads\/2025\/09\/VECINAS-Y-VECINOS-CELEBRAN-REHABILITACION-DE-LA-AVENIDA-ESTADO-DE-PUEBLA-EN-CUERNAVACA-4-150x150.jpg\" class=\"attachment-thumbnail size-thumbnail\" alt=\"\" loading=\"lazy\" \/><\/a>\n\t\t\t<\/dt><\/dl>\n\t\t\t<br style='clear: both' \/>\n\t\t<\/div>\n\n<p>&nbsp;<\/p>\n","protected":false},"excerpt":{"rendered":"<p>El presidente municipal de Cuernavaca, Jos\u00e9 Luis Uri\u00f3stegui Salgado, realiz\u00f3 un recorrido a pie por la colonia L\u00e1zaro C\u00e1rdenas del R\u00edo, donde dialog\u00f3 directamente con vecinas y vecinos beneficiados con la rehabilitaci\u00f3n integral de la avenida Estado de Puebla, obra prioritaria que busca mejorar la movilidad, la seguridad vial y la calidad de los servicios [&hellip;]<\/p>\n","protected":false},"author":1,"featured_media":52889,"comment_status":"closed","ping_status":"open","sticky":false,"template":"","format":"standard","meta":[],"categories":[18],"tags":[361,916,357,121,515,3433,232],"aioseo_notices":[],"_links":{"self":[{"href":"https:\/\/cuernavaca.gob.mx\/index.php?rest_route=\/wp\/v2\/posts\/52886"}],"collection":[{"href":"https:\/\/cuernavaca.gob.mx\/index.php?rest_route=\/wp\/v2\/posts"}],"about":[{"href":"https:\/\/cuernavaca.gob.mx\/index.php?rest_route=\/wp\/v2\/types\/post"}],"author":[{"embeddable":true,"href":"https:\/\/cuernavaca.gob.mx\/index.php?rest_route=\/wp\/v2\/users\/1"}],"replies":[{"embeddable":true,"href":"https:\/\/cuernavaca.gob.mx\/index.php?rest_route=%2Fwp%2Fv2%2Fcomments&post=52886"}],"version-history":[{"count":1,"href":"https:\/\/cuernavaca.gob.mx\/index.php?rest_route=\/wp\/v2\/posts\/52886\/revisions"}],"predecessor-version":[{"id":52891,"href":"https:\/\/cuernavaca.gob.mx\/index.php?rest_route=\/wp\/v2\/posts\/52886\/revisions\/52891"}],"wp:featuredmedia":[{"embeddable":true,"href":"https:\/\/cuernavaca.gob.mx\/index.php?rest_route=\/wp\/v2\/media\/52889"}],"wp:attachment":[{"href":"https:\/\/cuernavaca.gob.mx\/index.php?rest_route=%2Fwp%2Fv2%2Fmedia&parent=52886"}],"wp:term":[{"taxonomy":"category","embeddable":true,"href":"https:\/\/cuernavaca.gob.mx\/index.php?rest_route=%2Fwp%2Fv2%2Fcategories&post=52886"},{"taxonomy":"post_tag","embeddable":true,"href":"https:\/\/cuernavaca.gob.mx\/index.php?rest_route=%2Fwp%2Fv2%2Ftags&post=52886"}],"curies":[{"name":"wp","href":"https:\/\/api.w.org\/{rel}","templated":true}]}}