{"id":52892,"date":"2025-09-05T11:00:28","date_gmt":"2025-09-05T17:00:28","guid":{"rendered":"https:\/\/cuernavaca.gob.mx\/?p=52892"},"modified":"2025-09-07T21:54:11","modified_gmt":"2025-09-08T03:54:11","slug":"b565-05-09-25","status":"publish","type":"post","link":"https:\/\/cuernavaca.gob.mx\/?p=52892","title":{"rendered":"B565 05\/09\/25"},"content":{"rendered":"<p>Como parte de su compromiso con el desarrollo econ\u00f3mico y la promoci\u00f3n de los productos locales, el Ayuntamiento de Cuernavaca, encabezado por el presidente municipal Jos\u00e9 Luis Uri\u00f3stegui Salgado, contin\u00faa impulsando a los productores de distintos sectores productivos, entre ellos el caf\u00e9, aguacate, miel, hongos, nopal, pan artesanal, hortalizas, ganaderos, ornamentales de la regi\u00f3n.<\/p>\n<p>En este contexto, el Secretario de Desarrollo Econ\u00f3mico y Turismo (SDEyT), Marcos Manuel Su\u00e1rez Gerard, particip\u00f3 en la Expo Caf\u00e9 2025 en la Ciudad de M\u00e9xico, el evento m\u00e1s relevante de la industria cafetera en M\u00e9xico y Am\u00e9rica Latina. Esta importante feria re\u00fane a productores, tostadores, distribuidores, fabricantes de equipos y otros actores clave del sector, brindando una plataforma para impulsar el consumo de caf\u00e9 de calidad y fortalecer la cadena de valor del caf\u00e9, desde su origen hasta la taza.<\/p>\n<p>Durante su visita a la Expo Caf\u00e9, Marcos Manuel Su\u00e1rez mostr\u00f3 su apoyo a los productores locales de caf\u00e9, destacando la importancia de estos eventos como oportunidades para posicionar el caf\u00e9 de Cuernavaca en mercados nacionales e internacionales. En este contexto, el Secretario particip\u00f3 en entrevistas, degustaciones de caf\u00e9 y destilados que se ofrecieron en el pabell\u00f3n del World Trade Center (WTC), donde se destac\u00f3 la calidad del caf\u00e9 morelense.<\/p>\n<p>Este esfuerzo por posicionar a Cuernavaca como una ciudad cafetalera se complementa con la reciente realizaci\u00f3n del evento \u201cEl arte del caf\u00e9\u201d, organizado por la Direcci\u00f3n de Fomento Agropecuario de la SDEyT. En dicho evento, se present\u00f3 el proceso completo de producci\u00f3n del caf\u00e9, desde el cultivo hasta la cata, destacando la calidad y dedicaci\u00f3n con que se cultiva en Cuernavaca.<\/p>\n<p>Cabe recordar que, que ese d\u00eda, el alcalde Jos\u00e9 Luis Uri\u00f3stegui resalt\u00f3 que Cuernavaca tiene una tradici\u00f3n cafetera de m\u00e1s de un siglo, y que hoy los cafetaleros buscan no solo rescatarla, sino proyectarla como una alternativa productiva y cultural.<\/p>\n<p>Con el respaldo del gobierno municipal, se contin\u00faa impulsando el desarrollo de la caficultura en la zona norte de Cuernavaca, donde las condiciones clim\u00e1ticas favorecen el cultivo de caf\u00e9, y se est\u00e1 trabajando para posicionar este producto de calidad como un motor de desarrollo econ\u00f3mico y cultural para la ciudad.<\/p>\n\n\t\t<style type=\"text\/css\">\n\t\t\t#gallery-1 {\n\t\t\t\tmargin: auto;\n\t\t\t}\n\t\t\t#gallery-1 .gallery-item {\n\t\t\t\tfloat: left;\n\t\t\t\tmargin-top: 10px;\n\t\t\t\ttext-align: center;\n\t\t\t\twidth: 33%;\n\t\t\t}\n\t\t\t#gallery-1 img {\n\t\t\t\tborder: 2px solid #cfcfcf;\n\t\t\t}\n\t\t\t#gallery-1 .gallery-caption {\n\t\t\t\tmargin-left: 0;\n\t\t\t}\n\t\t\t\/* see gallery_shortcode() in wp-includes\/media.php *\/\n\t\t<\/style>\n\t\t<div id='gallery-1' class='gallery galleryid-52892 gallery-columns-3 gallery-size-thumbnail'><dl class='gallery-item'>\n\t\t\t<dt class='gallery-icon landscape'>\n\t\t\t\t<a href='https:\/\/cuernavaca.gob.mx\/?attachment_id=52893'><img width=\"150\" height=\"150\" src=\"https:\/\/cuernavaca.gob.mx\/wp-content\/uploads\/2025\/09\/AYUNTAMIENTO-DE-CUERNAVACA-ACOMPANA-A-PRODUCTORES-LOCALES-EN-LA-EXPO-CAFE-DE-CIUDAD-DE-MEXICO-1-150x150.jpeg\" class=\"attachment-thumbnail size-thumbnail\" alt=\"\" loading=\"lazy\" \/><\/a>\n\t\t\t<\/dt><\/dl><dl class='gallery-item'>\n\t\t\t<dt class='gallery-icon landscape'>\n\t\t\t\t<a href='https:\/\/cuernavaca.gob.mx\/?attachment_id=52894'><img width=\"150\" height=\"150\" src=\"https:\/\/cuernavaca.gob.mx\/wp-content\/uploads\/2025\/09\/AYUNTAMIENTO-DE-CUERNAVACA-ACOMPANA-A-PRODUCTORES-LOCALES-EN-LA-EXPO-CAFE-DE-CIUDAD-DE-MEXICO-2-150x150.jpeg\" class=\"attachment-thumbnail size-thumbnail\" alt=\"\" loading=\"lazy\" \/><\/a>\n\t\t\t<\/dt><\/dl><dl class='gallery-item'>\n\t\t\t<dt class='gallery-icon portrait'>\n\t\t\t\t<a href='https:\/\/cuernavaca.gob.mx\/?attachment_id=52895'><img width=\"150\" height=\"150\" src=\"https:\/\/cuernavaca.gob.mx\/wp-content\/uploads\/2025\/09\/AYUNTAMIENTO-DE-CUERNAVACA-ACOMPANA-A-PRODUCTORES-LOCALES-EN-LA-EXPO-CAFE-DE-CIUDAD-DE-MEXICO-3-150x150.jpeg\" class=\"attachment-thumbnail size-thumbnail\" alt=\"\" loading=\"lazy\" \/><\/a>\n\t\t\t<\/dt><\/dl><br style=\"clear: both\" \/><dl class='gallery-item'>\n\t\t\t<dt class='gallery-icon portrait'>\n\t\t\t\t<a href='https:\/\/cuernavaca.gob.mx\/?attachment_id=52896'><img width=\"150\" height=\"150\" src=\"https:\/\/cuernavaca.gob.mx\/wp-content\/uploads\/2025\/09\/AYUNTAMIENTO-DE-CUERNAVACA-ACOMPANA-A-PRODUCTORES-LOCALES-EN-LA-EXPO-CAFE-DE-CIUDAD-DE-MEXICO-4-150x150.jpeg\" class=\"attachment-thumbnail size-thumbnail\" alt=\"\" loading=\"lazy\" \/><\/a>\n\t\t\t<\/dt><\/dl><dl class='gallery-item'>\n\t\t\t<dt class='gallery-icon portrait'>\n\t\t\t\t<a href='https:\/\/cuernavaca.gob.mx\/?attachment_id=52897'><img width=\"150\" height=\"150\" src=\"https:\/\/cuernavaca.gob.mx\/wp-content\/uploads\/2025\/09\/AYUNTAMIENTO-DE-CUERNAVACA-ACOMPANA-A-PRODUCTORES-LOCALES-EN-LA-EXPO-CAFE-DE-CIUDAD-DE-MEXICO-5-150x150.jpeg\" class=\"attachment-thumbnail size-thumbnail\" alt=\"\" loading=\"lazy\" \/><\/a>\n\t\t\t<\/dt><\/dl><dl class='gallery-item'>\n\t\t\t<dt class='gallery-icon landscape'>\n\t\t\t\t<a href='https:\/\/cuernavaca.gob.mx\/?attachment_id=52898'><img width=\"150\" height=\"150\" src=\"https:\/\/cuernavaca.gob.mx\/wp-content\/uploads\/2025\/09\/AYUNTAMIENTO-DE-CUERNAVACA-ACOMPANA-A-PRODUCTORES-LOCALES-EN-LA-EXPO-CAFE-DE-CIUDAD-DE-MEXICO-6-150x150.jpeg\" class=\"attachment-thumbnail size-thumbnail\" alt=\"\" loading=\"lazy\" \/><\/a>\n\t\t\t<\/dt><\/dl><br style=\"clear: both\" \/>\n\t\t<\/div>\n\n","protected":false},"excerpt":{"rendered":"<p>Como parte de su compromiso con el desarrollo econ\u00f3mico y la promoci\u00f3n de los productos locales, el Ayuntamiento de Cuernavaca, encabezado por el presidente municipal Jos\u00e9 Luis Uri\u00f3stegui Salgado, contin\u00faa impulsando a los productores de distintos sectores productivos, entre ellos el caf\u00e9, aguacate, miel, hongos, nopal, pan artesanal, hortalizas, ganaderos, ornamentales de la regi\u00f3n. En [&hellip;]<\/p>\n","protected":false},"author":1,"featured_media":52898,"comment_status":"closed","ping_status":"open","sticky":false,"template":"","format":"standard","meta":[],"categories":[2294],"tags":[121,120,206,127],"aioseo_notices":[],"_links":{"self":[{"href":"https:\/\/cuernavaca.gob.mx\/index.php?rest_route=\/wp\/v2\/posts\/52892"}],"collection":[{"href":"https:\/\/cuernavaca.gob.mx\/index.php?rest_route=\/wp\/v2\/posts"}],"about":[{"href":"https:\/\/cuernavaca.gob.mx\/index.php?rest_route=\/wp\/v2\/types\/post"}],"author":[{"embeddable":true,"href":"https:\/\/cuernavaca.gob.mx\/index.php?rest_route=\/wp\/v2\/users\/1"}],"replies":[{"embeddable":true,"href":"https:\/\/cuernavaca.gob.mx\/index.php?rest_route=%2Fwp%2Fv2%2Fcomments&post=52892"}],"version-history":[{"count":1,"href":"https:\/\/cuernavaca.gob.mx\/index.php?rest_route=\/wp\/v2\/posts\/52892\/revisions"}],"predecessor-version":[{"id":52899,"href":"https:\/\/cuernavaca.gob.mx\/index.php?rest_route=\/wp\/v2\/posts\/52892\/revisions\/52899"}],"wp:featuredmedia":[{"embeddable":true,"href":"https:\/\/cuernavaca.gob.mx\/index.php?rest_route=\/wp\/v2\/media\/52898"}],"wp:attachment":[{"href":"https:\/\/cuernavaca.gob.mx\/index.php?rest_route=%2Fwp%2Fv2%2Fmedia&parent=52892"}],"wp:term":[{"taxonomy":"category","embeddable":true,"href":"https:\/\/cuernavaca.gob.mx\/index.php?rest_route=%2Fwp%2Fv2%2Fcategories&post=52892"},{"taxonomy":"post_tag","embeddable":true,"href":"https:\/\/cuernavaca.gob.mx\/index.php?rest_route=%2Fwp%2Fv2%2Ftags&post=52892"}],"curies":[{"name":"wp","href":"https:\/\/api.w.org\/{rel}","templated":true}]}}