{"id":52931,"date":"2025-09-08T09:30:16","date_gmt":"2025-09-08T15:30:16","guid":{"rendered":"https:\/\/cuernavaca.gob.mx\/?p=52931"},"modified":"2025-09-08T12:01:34","modified_gmt":"2025-09-08T18:01:34","slug":"b569-08-09-25-promueve-jose-luis-uriostegui-unidad-y-civismo-en-plaza-de-armas-de-cuernavaca","status":"publish","type":"post","link":"https:\/\/cuernavaca.gob.mx\/?p=52931","title":{"rendered":"B569 08\/09\/25 PROMUEVE JOS\u00c9 LUIS URI\u00d3STEGUI UNIDAD Y CIVISMO EN PLAZA DE ARMAS DE CUERNAVACA"},"content":{"rendered":"<p><strong>* El alcalde de Cuernavaca encabez\u00f3 por primera vez la ceremonia de honores a la bandera en Plaza de Armas de Cuernavaca, destacando la importancia de los valores c\u00edvicos e invitando a la poblaci\u00f3n a sumarse a las actividades del Mes Patrio<\/strong><\/p>\n<p>Derivado de la coordinaci\u00f3n con los tres \u00f3rdenes de gobierno, este lunes el presidente municipal de Cuernavaca, Jos\u00e9 Luis Uri\u00f3stegui Salgado, encabez\u00f3 la ceremonia de honores a la bandera en Plaza de Armas &#8220;General Emiliano Zapata Salazar\u201d, marcando un hecho relevante en la vida c\u00edvica de la capital morelense.<\/p>\n<p>Acompa\u00f1ado por su esposa, Luz Mar\u00eda Zagal Guzm\u00e1n, presidenta del Sistema Municipal DIF Cuernavaca, as\u00ed como por integrantes del Cabildo, Gabinete municipal y representantes estatales y federales, el alcalde enton\u00f3 el Himno Nacional Mexicano al pie del monumento ecuestre al General Emiliano Zapata.<\/p>\n<p>En este marco, Uri\u00f3stegui Salgado plasm\u00f3 un mensaje en el Libro de Visitantes Distinguidos de las Ceremonias C\u00edvicas del Mes Patrio de la Administraci\u00f3n 2024- 2030, donde resalt\u00f3 que estos actos c\u00edvicos contribuyen a fortalecer los valores de unidad y a reconstruir el tejido social en Cuernavaca y Morelos.<\/p>\n<p>Finalmente, el edil invit\u00f3 a la poblaci\u00f3n a sumarse y participar en las diversas actividades programadas en el marco del Grito de Independencia en la ciudad, que buscan promover la identidad nacional y la integraci\u00f3n comunitaria.<\/p>\n\n\t\t<style type=\"text\/css\">\n\t\t\t#gallery-1 {\n\t\t\t\tmargin: auto;\n\t\t\t}\n\t\t\t#gallery-1 .gallery-item {\n\t\t\t\tfloat: left;\n\t\t\t\tmargin-top: 10px;\n\t\t\t\ttext-align: center;\n\t\t\t\twidth: 33%;\n\t\t\t}\n\t\t\t#gallery-1 img {\n\t\t\t\tborder: 2px solid #cfcfcf;\n\t\t\t}\n\t\t\t#gallery-1 .gallery-caption {\n\t\t\t\tmargin-left: 0;\n\t\t\t}\n\t\t\t\/* see gallery_shortcode() in wp-includes\/media.php *\/\n\t\t<\/style>\n\t\t<div id='gallery-1' class='gallery galleryid-52931 gallery-columns-3 gallery-size-thumbnail'><dl class='gallery-item'>\n\t\t\t<dt class='gallery-icon landscape'>\n\t\t\t\t<a href='https:\/\/cuernavaca.gob.mx\/?attachment_id=52932'><img width=\"150\" height=\"150\" src=\"https:\/\/cuernavaca.gob.mx\/wp-content\/uploads\/2025\/09\/PROMUEVE-JOSE\u0301-LUIS-URIO\u0301STEGUI-UNIDAD-Y-CIVISMO-EN-PLAZA-DE-ARMAS-DE-CUERNAVACA-1-150x150.jpg\" class=\"attachment-thumbnail size-thumbnail\" alt=\"\" loading=\"lazy\" \/><\/a>\n\t\t\t<\/dt><\/dl><dl class='gallery-item'>\n\t\t\t<dt class='gallery-icon landscape'>\n\t\t\t\t<a href='https:\/\/cuernavaca.gob.mx\/?attachment_id=52933'><img width=\"150\" height=\"150\" src=\"https:\/\/cuernavaca.gob.mx\/wp-content\/uploads\/2025\/09\/PROMUEVE-JOSE\u0301-LUIS-URIO\u0301STEGUI-UNIDAD-Y-CIVISMO-EN-PLAZA-DE-ARMAS-DE-CUERNAVACA-2-150x150.jpg\" class=\"attachment-thumbnail size-thumbnail\" alt=\"\" loading=\"lazy\" \/><\/a>\n\t\t\t<\/dt><\/dl><dl class='gallery-item'>\n\t\t\t<dt class='gallery-icon landscape'>\n\t\t\t\t<a href='https:\/\/cuernavaca.gob.mx\/?attachment_id=52934'><img width=\"150\" height=\"150\" src=\"https:\/\/cuernavaca.gob.mx\/wp-content\/uploads\/2025\/09\/PROMUEVE-JOSE\u0301-LUIS-URIO\u0301STEGUI-UNIDAD-Y-CIVISMO-EN-PLAZA-DE-ARMAS-DE-CUERNAVACA-3-150x150.jpg\" class=\"attachment-thumbnail size-thumbnail\" alt=\"\" loading=\"lazy\" \/><\/a>\n\t\t\t<\/dt><\/dl><br style=\"clear: both\" \/><dl class='gallery-item'>\n\t\t\t<dt class='gallery-icon landscape'>\n\t\t\t\t<a href='https:\/\/cuernavaca.gob.mx\/?attachment_id=52935'><img width=\"150\" height=\"150\" src=\"https:\/\/cuernavaca.gob.mx\/wp-content\/uploads\/2025\/09\/PROMUEVE-JOSE\u0301-LUIS-URIO\u0301STEGUI-UNIDAD-Y-CIVISMO-EN-PLAZA-DE-ARMAS-DE-CUERNAVACA-4-150x150.jpg\" class=\"attachment-thumbnail size-thumbnail\" alt=\"\" loading=\"lazy\" \/><\/a>\n\t\t\t<\/dt><\/dl><dl class='gallery-item'>\n\t\t\t<dt class='gallery-icon landscape'>\n\t\t\t\t<a href='https:\/\/cuernavaca.gob.mx\/?attachment_id=52937'><img width=\"150\" height=\"150\" src=\"https:\/\/cuernavaca.gob.mx\/wp-content\/uploads\/2025\/09\/PROMUEVE-JOSE\u0301-LUIS-URIO\u0301STEGUI-UNIDAD-Y-CIVISMO-EN-PLAZA-DE-ARMAS-DE-CUERNAVACA-6-150x150.jpg\" class=\"attachment-thumbnail size-thumbnail\" alt=\"\" loading=\"lazy\" \/><\/a>\n\t\t\t<\/dt><\/dl><dl class='gallery-item'>\n\t\t\t<dt class='gallery-icon landscape'>\n\t\t\t\t<a href='https:\/\/cuernavaca.gob.mx\/?attachment_id=52938'><img width=\"150\" height=\"150\" src=\"https:\/\/cuernavaca.gob.mx\/wp-content\/uploads\/2025\/09\/PROMUEVE-JOSE\u0301-LUIS-URIO\u0301STEGUI-UNIDAD-Y-CIVISMO-EN-PLAZA-DE-ARMAS-DE-CUERNAVACA-7-150x150.jpg\" class=\"attachment-thumbnail size-thumbnail\" alt=\"\" loading=\"lazy\" \/><\/a>\n\t\t\t<\/dt><\/dl><br style=\"clear: both\" \/><dl class='gallery-item'>\n\t\t\t<dt class='gallery-icon landscape'>\n\t\t\t\t<a href='https:\/\/cuernavaca.gob.mx\/?attachment_id=52939'><img width=\"150\" height=\"150\" src=\"https:\/\/cuernavaca.gob.mx\/wp-content\/uploads\/2025\/09\/PROMUEVE-JOSE\u0301-LUIS-URIO\u0301STEGUI-UNIDAD-Y-CIVISMO-EN-PLAZA-DE-ARMAS-DE-CUERNAVACA-8-150x150.jpg\" class=\"attachment-thumbnail size-thumbnail\" alt=\"\" loading=\"lazy\" \/><\/a>\n\t\t\t<\/dt><\/dl>\n\t\t\t<br style='clear: both' \/>\n\t\t<\/div>\n\n","protected":false},"excerpt":{"rendered":"<p>* El alcalde de Cuernavaca encabez\u00f3 por primera vez la ceremonia de honores a la bandera en Plaza de Armas de Cuernavaca, destacando la importancia de los valores c\u00edvicos e invitando a la poblaci\u00f3n a sumarse a las actividades del Mes Patrio Derivado de la coordinaci\u00f3n con los tres \u00f3rdenes de gobierno, este lunes el [&hellip;]<\/p>\n","protected":false},"author":1,"featured_media":52935,"comment_status":"closed","ping_status":"open","sticky":false,"template":"","format":"standard","meta":[],"categories":[20],"tags":[121,120,4225,2267,206,127],"aioseo_notices":[],"_links":{"self":[{"href":"https:\/\/cuernavaca.gob.mx\/index.php?rest_route=\/wp\/v2\/posts\/52931"}],"collection":[{"href":"https:\/\/cuernavaca.gob.mx\/index.php?rest_route=\/wp\/v2\/posts"}],"about":[{"href":"https:\/\/cuernavaca.gob.mx\/index.php?rest_route=\/wp\/v2\/types\/post"}],"author":[{"embeddable":true,"href":"https:\/\/cuernavaca.gob.mx\/index.php?rest_route=\/wp\/v2\/users\/1"}],"replies":[{"embeddable":true,"href":"https:\/\/cuernavaca.gob.mx\/index.php?rest_route=%2Fwp%2Fv2%2Fcomments&post=52931"}],"version-history":[{"count":1,"href":"https:\/\/cuernavaca.gob.mx\/index.php?rest_route=\/wp\/v2\/posts\/52931\/revisions"}],"predecessor-version":[{"id":52940,"href":"https:\/\/cuernavaca.gob.mx\/index.php?rest_route=\/wp\/v2\/posts\/52931\/revisions\/52940"}],"wp:featuredmedia":[{"embeddable":true,"href":"https:\/\/cuernavaca.gob.mx\/index.php?rest_route=\/wp\/v2\/media\/52935"}],"wp:attachment":[{"href":"https:\/\/cuernavaca.gob.mx\/index.php?rest_route=%2Fwp%2Fv2%2Fmedia&parent=52931"}],"wp:term":[{"taxonomy":"category","embeddable":true,"href":"https:\/\/cuernavaca.gob.mx\/index.php?rest_route=%2Fwp%2Fv2%2Fcategories&post=52931"},{"taxonomy":"post_tag","embeddable":true,"href":"https:\/\/cuernavaca.gob.mx\/index.php?rest_route=%2Fwp%2Fv2%2Ftags&post=52931"}],"curies":[{"name":"wp","href":"https:\/\/api.w.org\/{rel}","templated":true}]}}