{"id":52941,"date":"2025-09-08T12:00:50","date_gmt":"2025-09-08T18:00:50","guid":{"rendered":"https:\/\/cuernavaca.gob.mx\/?p=52941"},"modified":"2025-09-08T12:49:53","modified_gmt":"2025-09-08T18:49:53","slug":"b570-08-09-25-cuernavaca-refuerza-su-compromiso-con-la-proteccion-de-ninas-ninos-y-adolescentes","status":"publish","type":"post","link":"https:\/\/cuernavaca.gob.mx\/?p=52941","title":{"rendered":"B570 08\/09\/25 CUERNAVACA REFUERZA SU COMPROMISO CON LA PROTECCI\u00d3N DE NI\u00d1AS, NI\u00d1OS Y ADOLESCENTES"},"content":{"rendered":"<p><strong>\u2022 El Ayuntamiento de Cuernavaca firmar\u00e1 un convenio con el TUJPA para capacitar al personal municipal en la protecci\u00f3n de los derechos de ni\u00f1as, ni\u00f1os y adolescentes, fortaleciendo la atenci\u00f3n y prevenci\u00f3n de riegos<\/strong><\/p>\n<p>El Ayuntamiento de Cuernavaca, encabezado por el alcalde Jos\u00e9 Luis Uri\u00f3stegui Salgado, contin\u00faa fortaleciendo su compromiso con la ni\u00f1ez y adolescencia del municipio mediante la firma de un convenio de colaboraci\u00f3n con el Tribunal Unitario de Justicia Penal para Adolescentes del Estado de Morelos (TUJPA).<\/p>\n<p>El convenio contempla capacitaciones al personal municipal mediante cursos, talleres, seminarios, diplomados e incluso especialidades y posgrados impartidos por el TUJPA. Estos programas buscan informar sobre el funcionamiento del Sistema Integral de Justicia Penal para Adolescentes en Morelos y fortalecer las habilidades del personal que tiene contacto directo con ni\u00f1as, ni\u00f1os y adolescentes.<\/p>\n<p>En sesi\u00f3n ordinaria del Sistema Nacional de Protecci\u00f3n Integral de Ni\u00f1as, Ni\u00f1os y Adolescentes (SIPINNA), el presidente municipal Jos\u00e9 Luis Uri\u00f3stegui Salgado, celebr\u00f3 la firma del convenio al se\u00f1alar que permitir\u00e1 prevenir conductas de riesgo, as\u00ed como fortalecer las capacidades de las y los servidores p\u00fablicos municipales para atender y canalizar adecuadamente a ni\u00f1as, ni\u00f1os y adolescentes, garantizando as\u00ed la protecci\u00f3n de sus derechos.<\/p>\n<p>Por su lado, el consejero jur\u00eddico del TUJPA, Jos\u00e9 Luis Jaimes Olmos, explic\u00f3 que el convenio permitir\u00e1 establecer estrategias, planes y programas de prevenci\u00f3n primaria, promoviendo que ni\u00f1as, ni\u00f1os y adolescentes conozcan sus derechos y deberes, y fomentando una crianza positiva que apoye su desarrollo integral.<\/p>\n<p>La secretaria ejecutiva del SIPINNA, Claudia Popoca Gonz\u00e1lez, resalt\u00f3 que la coordinaci\u00f3n entre el municipio y el TUJPA permite garantizar que cada acci\u00f3n emprendida est\u00e9 enfocada en proteger y promover el bienestar de ni\u00f1as, ni\u00f1os y adolescentes, asegurando una atenci\u00f3n m\u00e1s especializada y con enfoque de derechos.<\/p>\n<p>Con esta colaboraci\u00f3n, el Gobierno Municipal reafirma su liderazgo y compromiso en la protecci\u00f3n, formaci\u00f3n y desarrollo de la ni\u00f1ez y adolescencia, posicionando a Cuernavaca como un municipio que prioriza la atenci\u00f3n integral de sus ni\u00f1as, ni\u00f1os y adolescentes.<\/p>\n\n\t\t<style type=\"text\/css\">\n\t\t\t#gallery-1 {\n\t\t\t\tmargin: auto;\n\t\t\t}\n\t\t\t#gallery-1 .gallery-item {\n\t\t\t\tfloat: left;\n\t\t\t\tmargin-top: 10px;\n\t\t\t\ttext-align: center;\n\t\t\t\twidth: 33%;\n\t\t\t}\n\t\t\t#gallery-1 img {\n\t\t\t\tborder: 2px solid #cfcfcf;\n\t\t\t}\n\t\t\t#gallery-1 .gallery-caption {\n\t\t\t\tmargin-left: 0;\n\t\t\t}\n\t\t\t\/* see gallery_shortcode() in wp-includes\/media.php *\/\n\t\t<\/style>\n\t\t<div id='gallery-1' class='gallery galleryid-52941 gallery-columns-3 gallery-size-thumbnail'><dl class='gallery-item'>\n\t\t\t<dt class='gallery-icon landscape'>\n\t\t\t\t<a href='https:\/\/cuernavaca.gob.mx\/?attachment_id=52942'><img width=\"150\" height=\"150\" src=\"https:\/\/cuernavaca.gob.mx\/wp-content\/uploads\/2025\/09\/CUERNAVACA-REFUERZA-SU-COMPROMISO-CON-LA-PROTECCIO\u0301N-DE-NIN\u0303AS-NIN\u0303OS-Y-ADOLESCENTES-1-150x150.jpg\" class=\"attachment-thumbnail size-thumbnail\" alt=\"\" loading=\"lazy\" \/><\/a>\n\t\t\t<\/dt><\/dl><dl class='gallery-item'>\n\t\t\t<dt class='gallery-icon landscape'>\n\t\t\t\t<a href='https:\/\/cuernavaca.gob.mx\/?attachment_id=52943'><img width=\"150\" height=\"150\" src=\"https:\/\/cuernavaca.gob.mx\/wp-content\/uploads\/2025\/09\/CUERNAVACA-REFUERZA-SU-COMPROMISO-CON-LA-PROTECCIO\u0301N-DE-NIN\u0303AS-NIN\u0303OS-Y-ADOLESCENTES-2-150x150.jpg\" class=\"attachment-thumbnail size-thumbnail\" alt=\"\" loading=\"lazy\" \/><\/a>\n\t\t\t<\/dt><\/dl><dl class='gallery-item'>\n\t\t\t<dt class='gallery-icon landscape'>\n\t\t\t\t<a href='https:\/\/cuernavaca.gob.mx\/?attachment_id=52944'><img width=\"150\" height=\"150\" src=\"https:\/\/cuernavaca.gob.mx\/wp-content\/uploads\/2025\/09\/CUERNAVACA-REFUERZA-SU-COMPROMISO-CON-LA-PROTECCIO\u0301N-DE-NIN\u0303AS-NIN\u0303OS-Y-ADOLESCENTES-3-150x150.jpg\" class=\"attachment-thumbnail size-thumbnail\" alt=\"\" loading=\"lazy\" \/><\/a>\n\t\t\t<\/dt><\/dl><br style=\"clear: both\" \/><dl class='gallery-item'>\n\t\t\t<dt class='gallery-icon landscape'>\n\t\t\t\t<a href='https:\/\/cuernavaca.gob.mx\/?attachment_id=52945'><img width=\"150\" height=\"150\" src=\"https:\/\/cuernavaca.gob.mx\/wp-content\/uploads\/2025\/09\/CUERNAVACA-REFUERZA-SU-COMPROMISO-CON-LA-PROTECCIO\u0301N-DE-NIN\u0303AS-NIN\u0303OS-Y-ADOLESCENTES-4-150x150.jpg\" class=\"attachment-thumbnail size-thumbnail\" alt=\"\" loading=\"lazy\" \/><\/a>\n\t\t\t<\/dt><\/dl>\n\t\t\t<br style='clear: both' \/>\n\t\t<\/div>\n\n","protected":false},"excerpt":{"rendered":"<p>\u2022 El Ayuntamiento de Cuernavaca firmar\u00e1 un convenio con el TUJPA para capacitar al personal municipal en la protecci\u00f3n de los derechos de ni\u00f1as, ni\u00f1os y adolescentes, fortaleciendo la atenci\u00f3n y prevenci\u00f3n de riegos El Ayuntamiento de Cuernavaca, encabezado por el alcalde Jos\u00e9 Luis Uri\u00f3stegui Salgado, contin\u00faa fortaleciendo su compromiso con la ni\u00f1ez y adolescencia [&hellip;]<\/p>\n","protected":false},"author":1,"featured_media":52945,"comment_status":"closed","ping_status":"open","sticky":false,"template":"","format":"standard","meta":[],"categories":[20],"tags":[121,1405,684,120,206,2747,127],"aioseo_notices":[],"_links":{"self":[{"href":"https:\/\/cuernavaca.gob.mx\/index.php?rest_route=\/wp\/v2\/posts\/52941"}],"collection":[{"href":"https:\/\/cuernavaca.gob.mx\/index.php?rest_route=\/wp\/v2\/posts"}],"about":[{"href":"https:\/\/cuernavaca.gob.mx\/index.php?rest_route=\/wp\/v2\/types\/post"}],"author":[{"embeddable":true,"href":"https:\/\/cuernavaca.gob.mx\/index.php?rest_route=\/wp\/v2\/users\/1"}],"replies":[{"embeddable":true,"href":"https:\/\/cuernavaca.gob.mx\/index.php?rest_route=%2Fwp%2Fv2%2Fcomments&post=52941"}],"version-history":[{"count":1,"href":"https:\/\/cuernavaca.gob.mx\/index.php?rest_route=\/wp\/v2\/posts\/52941\/revisions"}],"predecessor-version":[{"id":52946,"href":"https:\/\/cuernavaca.gob.mx\/index.php?rest_route=\/wp\/v2\/posts\/52941\/revisions\/52946"}],"wp:featuredmedia":[{"embeddable":true,"href":"https:\/\/cuernavaca.gob.mx\/index.php?rest_route=\/wp\/v2\/media\/52945"}],"wp:attachment":[{"href":"https:\/\/cuernavaca.gob.mx\/index.php?rest_route=%2Fwp%2Fv2%2Fmedia&parent=52941"}],"wp:term":[{"taxonomy":"category","embeddable":true,"href":"https:\/\/cuernavaca.gob.mx\/index.php?rest_route=%2Fwp%2Fv2%2Fcategories&post=52941"},{"taxonomy":"post_tag","embeddable":true,"href":"https:\/\/cuernavaca.gob.mx\/index.php?rest_route=%2Fwp%2Fv2%2Ftags&post=52941"}],"curies":[{"name":"wp","href":"https:\/\/api.w.org\/{rel}","templated":true}]}}