{"id":52954,"date":"2025-09-09T09:00:02","date_gmt":"2025-09-09T15:00:02","guid":{"rendered":"https:\/\/cuernavaca.gob.mx\/?p=52954"},"modified":"2025-09-09T11:10:20","modified_gmt":"2025-09-09T17:10:20","slug":"b572-09-09-25-continuan-los-trabajos-de-rehabilitacion-de-rejillas-pluviales-en-cuernavaca-cierran-carril-en-la-glorieta-de-la-luna","status":"publish","type":"post","link":"https:\/\/cuernavaca.gob.mx\/?p=52954","title":{"rendered":"B572 09\/09\/25 CONTIN\u00daAN LOS TRABAJOS DE REHABILITACI\u00d3N DE REJILLAS PLUVIALES EN CUERNAVACA; CIERRAN CARRIL EN LA GLORIETA DE LA LUNA"},"content":{"rendered":"<p>\u2022 La rejilla pluvial ubicada en la Calle Taxco ha sido reparada con \u00e9xito, permitiendo que la circulaci\u00f3n vehicular retome su curso habitual<\/p>\n<p>La Secretar\u00eda de Desarrollo Sustentable y Servicios P\u00fablicos (SDSySP) informa a la ciudadan\u00eda sobre el estado actual de los trabajos de rehabilitaci\u00f3n de rejillas pluviales en diversas vialidades de la ciudad.<\/p>\n<p>La rejilla pluvial ubicada en la Calle Taxco ha sido reparada con \u00e9xito, lo que ha permitido que la circulaci\u00f3n vehicular retome su curso habitual. Esta intervenci\u00f3n forma parte de las acciones del gobierno de Jos\u00e9 Luis Uri\u00f3stegui Salgado para mejorar la infraestructura urbana y garantizar la seguridad vial.<\/p>\n<p>A partir de hoy, lunes 8 de septiembre, se han iniciado los trabajos de sustituci\u00f3n de la rejilla pluvial en la Glorieta de la Luna, una de las vialidades principales m\u00e1s importantes de la ciudad. Como resultado, uno de los carriles con direcci\u00f3n al norte permanecer\u00e1 cerrado durante al menos toda esta semana, lo que podr\u00eda ocasionar carga vehicular en la zona.<\/p>\n<p>Se le pide a la ciudadan\u00eda tener paciencia ante esta situaci\u00f3n que lo \u00fanico que pretende es la mejora continua del Municipio. Asimismo, se solicita estar pendiente a la se\u00f1alizaci\u00f3n temporal instalada en la zona y considerar rutas alternas para evitar congestionamientos en la zona.<\/p>\n<p>Se solicita a la ciudadan\u00eda tener paciencia ante esta situaci\u00f3n, que tiene como \u00fanico prop\u00f3sito la mejora continua del municipio. Asimismo, se pide estar atenta a la se\u00f1alizaci\u00f3n temporal instalada en la zona y considerar rutas alternas para evitar congestionamientos.<\/p>\n<p>El municipio de Cuernavaca sigue comprometido con la mejora de la infraestructura urbana y con garantizar la seguridad vial en nuestra ciudad.<\/p>\n\n\t\t<style type=\"text\/css\">\n\t\t\t#gallery-1 {\n\t\t\t\tmargin: auto;\n\t\t\t}\n\t\t\t#gallery-1 .gallery-item {\n\t\t\t\tfloat: left;\n\t\t\t\tmargin-top: 10px;\n\t\t\t\ttext-align: center;\n\t\t\t\twidth: 33%;\n\t\t\t}\n\t\t\t#gallery-1 img {\n\t\t\t\tborder: 2px solid #cfcfcf;\n\t\t\t}\n\t\t\t#gallery-1 .gallery-caption {\n\t\t\t\tmargin-left: 0;\n\t\t\t}\n\t\t\t\/* see gallery_shortcode() in wp-includes\/media.php *\/\n\t\t<\/style>\n\t\t<div id='gallery-1' class='gallery galleryid-52954 gallery-columns-3 gallery-size-thumbnail'><dl class='gallery-item'>\n\t\t\t<dt class='gallery-icon portrait'>\n\t\t\t\t<a href='https:\/\/cuernavaca.gob.mx\/?attachment_id=52955'><img width=\"150\" height=\"150\" src=\"https:\/\/cuernavaca.gob.mx\/wp-content\/uploads\/2025\/09\/CONTINU\u0301AN-LOS-TRABAJOS-DE-REHABILITACIO\u0301N-DE-REJILLAS-PLUVIALES-EN-CUERNAVACA-CIERRAN-CARRIL-EN-LA-GLORIETA-DE-LA-LUNA-1-150x150.jpg\" class=\"attachment-thumbnail size-thumbnail\" alt=\"\" loading=\"lazy\" \/><\/a>\n\t\t\t<\/dt><\/dl><dl class='gallery-item'>\n\t\t\t<dt class='gallery-icon portrait'>\n\t\t\t\t<a href='https:\/\/cuernavaca.gob.mx\/?attachment_id=52956'><img width=\"150\" height=\"150\" src=\"https:\/\/cuernavaca.gob.mx\/wp-content\/uploads\/2025\/09\/CONTINU\u0301AN-LOS-TRABAJOS-DE-REHABILITACIO\u0301N-DE-REJILLAS-PLUVIALES-EN-CUERNAVACA-CIERRAN-CARRIL-EN-LA-GLORIETA-DE-LA-LUNA-2-150x150.jpg\" class=\"attachment-thumbnail size-thumbnail\" alt=\"\" loading=\"lazy\" \/><\/a>\n\t\t\t<\/dt><\/dl>\n\t\t\t<br style='clear: both' \/>\n\t\t<\/div>\n\n","protected":false},"excerpt":{"rendered":"<p>\u2022 La rejilla pluvial ubicada en la Calle Taxco ha sido reparada con \u00e9xito, permitiendo que la circulaci\u00f3n vehicular retome su curso habitual La Secretar\u00eda de Desarrollo Sustentable y Servicios P\u00fablicos (SDSySP) informa a la ciudadan\u00eda sobre el estado actual de los trabajos de rehabilitaci\u00f3n de rejillas pluviales en diversas vialidades de la ciudad. La [&hellip;]<\/p>\n","protected":false},"author":1,"featured_media":52955,"comment_status":"closed","ping_status":"open","sticky":false,"template":"","format":"standard","meta":[],"categories":[2271],"tags":[121,120,206,3529],"aioseo_notices":[],"_links":{"self":[{"href":"https:\/\/cuernavaca.gob.mx\/index.php?rest_route=\/wp\/v2\/posts\/52954"}],"collection":[{"href":"https:\/\/cuernavaca.gob.mx\/index.php?rest_route=\/wp\/v2\/posts"}],"about":[{"href":"https:\/\/cuernavaca.gob.mx\/index.php?rest_route=\/wp\/v2\/types\/post"}],"author":[{"embeddable":true,"href":"https:\/\/cuernavaca.gob.mx\/index.php?rest_route=\/wp\/v2\/users\/1"}],"replies":[{"embeddable":true,"href":"https:\/\/cuernavaca.gob.mx\/index.php?rest_route=%2Fwp%2Fv2%2Fcomments&post=52954"}],"version-history":[{"count":1,"href":"https:\/\/cuernavaca.gob.mx\/index.php?rest_route=\/wp\/v2\/posts\/52954\/revisions"}],"predecessor-version":[{"id":52957,"href":"https:\/\/cuernavaca.gob.mx\/index.php?rest_route=\/wp\/v2\/posts\/52954\/revisions\/52957"}],"wp:featuredmedia":[{"embeddable":true,"href":"https:\/\/cuernavaca.gob.mx\/index.php?rest_route=\/wp\/v2\/media\/52955"}],"wp:attachment":[{"href":"https:\/\/cuernavaca.gob.mx\/index.php?rest_route=%2Fwp%2Fv2%2Fmedia&parent=52954"}],"wp:term":[{"taxonomy":"category","embeddable":true,"href":"https:\/\/cuernavaca.gob.mx\/index.php?rest_route=%2Fwp%2Fv2%2Fcategories&post=52954"},{"taxonomy":"post_tag","embeddable":true,"href":"https:\/\/cuernavaca.gob.mx\/index.php?rest_route=%2Fwp%2Fv2%2Ftags&post=52954"}],"curies":[{"name":"wp","href":"https:\/\/api.w.org\/{rel}","templated":true}]}}