{"id":52958,"date":"2025-09-09T15:29:10","date_gmt":"2025-09-09T21:29:10","guid":{"rendered":"https:\/\/cuernavaca.gob.mx\/?p=52958"},"modified":"2025-09-09T15:29:10","modified_gmt":"2025-09-09T21:29:10","slug":"b573-09-09-25-cuernavaca-impulsa-el-talento-y-liderazgo-juvenil-con-la-entrega-de-la-medalla-al-merito-juvenil-cuauhnahuac-2025","status":"publish","type":"post","link":"https:\/\/cuernavaca.gob.mx\/?p=52958","title":{"rendered":"B573 09\/09\/25 CUERNAVACA IMPULSA EL TALENTO Y LIDERAZGO JUVENIL CON LA ENTREGA DE LA MEDALLA AL M\u00c9RITO JUVENIL \u201cCUAUHN\u00c1HUAC\u201d 2025"},"content":{"rendered":"<p><strong>\u2022 Diez j\u00f3venes fueron reconocidos por su liderazgo y aportaciones en distintos \u00e1mbitos de la comunidad<\/strong><\/p>\n<p><strong>\u2022 El alcalde Jos\u00e9 Luis Uri\u00f3stegui Salgado refrend\u00f3 el compromiso de su administraci\u00f3n por seguir impulsando programas y apoyos que fortalezcan el talento y los sue\u00f1os de la juventud<\/strong><\/p>\n<p>El Ayuntamiento de Cuernavaca, a trav\u00e9s del Instituto de la Juventud adscrito a la Secretar\u00eda de Desarrollo Humano y Participaci\u00f3n Social (SDHyPS), reconoci\u00f3 este martes a 10 j\u00f3venes que han demostrado liderazgo, talento y compromiso con la sociedad en distintas disciplinas, mediante la entrega de la Medalla al M\u00e9rito Juvenil \u201cCuauhn\u00e1huac\u201d 2025, encabezada por el presidente municipal Jos\u00e9 Luis Uri\u00f3stegui Salgado en el Museo de la Ciudad de Cuernavaca (MuCiC).<\/p>\n<p>Creada durante la primera administraci\u00f3n de Uri\u00f3stegui Salgado, esta distinci\u00f3n tiene como objetivo visibilizar las contribuciones de la juventud en la construcci\u00f3n de una ciudad m\u00e1s innovadora, inclusiva, solidaria, art\u00edstica, comunitaria y deportiva, reconociendo a quienes con sus iniciativas marcan el rumbo de las nuevas generaciones en diversos \u00e1mbitos.<\/p>\n<p>En su mensaje, Jos\u00e9 Luis Uri\u00f3stegui se\u00f1al\u00f3 que la juventud representa la fuerza transformadora de Cuernavaca, por lo que su administraci\u00f3n continuar\u00e1 impulsando programas que fortalezcan sus proyectos y sue\u00f1os. Destac\u00f3 que actualmente el municipio otorga apoyos econ\u00f3micos a artistas y deportistas, consistentes en becas de cinco mil pesos para competencias nacionales y 10 mil pesos para internacionales en el caso de art\u00edsticas; mientras que, en el caso de deportivas, se entregan becas de 10 mil pesos para competencias nacionales y 20 mil pesos para internacionales.<\/p>\n<p>\u201cQueremos que Cuernavaca siga teniendo, a trav\u00e9s de su gente, lo mejor de la ciudad, y que sigamos construyendo con ustedes muchas cosas para beneficio de su generaci\u00f3n y de las generaciones que vienen despu\u00e9s\u201d, expres\u00f3.<\/p>\n<p>En el evento estuvieron presentes las regidoras Paz Hern\u00e1ndez Pardo, Elia Garc\u00eda Ortiz y Erika Lastra Jaimes; la diputada local Andrea Gordillo Vega; la titular de la SDHyPS, Sandra Pinz\u00f3n S\u00e1nchez; y el director del Instituto de la Juventud de Cuernavaca, Arturo S\u00e1nchez Mart\u00ednez, quienes acompa\u00f1aron al edil en la entrega de preseas.<\/p>\n<p>Las y los j\u00f3venes galardonados con la Medalla al M\u00e9rito Juvenil \u201cCuauhn\u00e1huac\u201d 2025 fueron: en la categor\u00eda de Medio Ambiente, Juan Manuel Salazar Rebollar; en Ciencia y Tecnolog\u00eda, Lorena Yamileth Bal\u00f3n Rosas; en Humanidades, Samanta P\u00e9rez Alvear; en Cultura y Arte, Fabiane Campos P\u00e9rez; en Deporte, Leomar Alejandro Maranan Garc\u00eda y Miguel \u00c1ngel Rodr\u00edguez Ruiz; en Desarrollo Comunitario, Ximena Emmaidy L\u00f3pez Acosta; en Innovaci\u00f3n, Carla Geraldine Pardo R\u00edos; en Emprendimiento, M\u00f3nica Guadalupe Rodr\u00edguez Garc\u00eda; y en Inclusi\u00f3n, Miguel \u00c1ngel Miranda Aguino.<\/p>\n<p>Por su parte, Arturo S\u00e1nchez Mart\u00ednez, director del Instituto de la Juventud, agradeci\u00f3 el respaldo del alcalde, quien reconoce que invertir en la juventud no es un gasto, sino la mejor inversi\u00f3n para garantizar desarrollo, innovaci\u00f3n y bienestar social en Cuernavaca.<\/p>\n<p>Las y los j\u00f3venes premiados manifestaron su gratitud por este reconocimiento, se\u00f1alando el acompa\u00f1amiento de sus familias, docentes y compa\u00f1eros que han sido parte fundamental en su formaci\u00f3n y logros.<\/p>\n<p>La administraci\u00f3n municipal refrend\u00f3 su compromiso de seguir generando pol\u00edticas p\u00fablicas, programas y espacios que les permitan potenciar su talento y consolidar a Cuernavaca como un referente de participaci\u00f3n y liderazgo juvenil.<\/p>\n\n\t\t<style type=\"text\/css\">\n\t\t\t#gallery-1 {\n\t\t\t\tmargin: auto;\n\t\t\t}\n\t\t\t#gallery-1 .gallery-item {\n\t\t\t\tfloat: left;\n\t\t\t\tmargin-top: 10px;\n\t\t\t\ttext-align: center;\n\t\t\t\twidth: 33%;\n\t\t\t}\n\t\t\t#gallery-1 img {\n\t\t\t\tborder: 2px solid #cfcfcf;\n\t\t\t}\n\t\t\t#gallery-1 .gallery-caption {\n\t\t\t\tmargin-left: 0;\n\t\t\t}\n\t\t\t\/* see gallery_shortcode() in wp-includes\/media.php *\/\n\t\t<\/style>\n\t\t<div id='gallery-1' class='gallery galleryid-52958 gallery-columns-3 gallery-size-thumbnail'><dl class='gallery-item'>\n\t\t\t<dt class='gallery-icon landscape'>\n\t\t\t\t<a href='https:\/\/cuernavaca.gob.mx\/?attachment_id=52959'><img width=\"150\" height=\"150\" src=\"https:\/\/cuernavaca.gob.mx\/wp-content\/uploads\/2025\/09\/CUERNAVACA-IMPULSA-EL-TALENTO-Y-LIDERAZGO-JUVENIL-CON-LA-ENTREGA-DE-LA-MEDALLA-AL-ME\u0301RITO-JUVENIL-CUAUHNA\u0301HUAC-2025-1-150x150.jpg\" class=\"attachment-thumbnail size-thumbnail\" alt=\"\" loading=\"lazy\" \/><\/a>\n\t\t\t<\/dt><\/dl><dl class='gallery-item'>\n\t\t\t<dt class='gallery-icon landscape'>\n\t\t\t\t<a href='https:\/\/cuernavaca.gob.mx\/?attachment_id=52960'><img width=\"150\" height=\"150\" src=\"https:\/\/cuernavaca.gob.mx\/wp-content\/uploads\/2025\/09\/CUERNAVACA-IMPULSA-EL-TALENTO-Y-LIDERAZGO-JUVENIL-CON-LA-ENTREGA-DE-LA-MEDALLA-AL-ME\u0301RITO-JUVENIL-CUAUHNA\u0301HUAC-2025-2-150x150.jpg\" class=\"attachment-thumbnail size-thumbnail\" alt=\"\" loading=\"lazy\" \/><\/a>\n\t\t\t<\/dt><\/dl><dl class='gallery-item'>\n\t\t\t<dt class='gallery-icon landscape'>\n\t\t\t\t<a href='https:\/\/cuernavaca.gob.mx\/?attachment_id=52961'><img width=\"150\" height=\"150\" src=\"https:\/\/cuernavaca.gob.mx\/wp-content\/uploads\/2025\/09\/CUERNAVACA-IMPULSA-EL-TALENTO-Y-LIDERAZGO-JUVENIL-CON-LA-ENTREGA-DE-LA-MEDALLA-AL-ME\u0301RITO-JUVENIL-CUAUHNA\u0301HUAC-2025-3-150x150.jpg\" class=\"attachment-thumbnail size-thumbnail\" alt=\"\" loading=\"lazy\" \/><\/a>\n\t\t\t<\/dt><\/dl><br style=\"clear: both\" \/><dl class='gallery-item'>\n\t\t\t<dt class='gallery-icon landscape'>\n\t\t\t\t<a href='https:\/\/cuernavaca.gob.mx\/?attachment_id=52962'><img width=\"150\" height=\"150\" src=\"https:\/\/cuernavaca.gob.mx\/wp-content\/uploads\/2025\/09\/CUERNAVACA-IMPULSA-EL-TALENTO-Y-LIDERAZGO-JUVENIL-CON-LA-ENTREGA-DE-LA-MEDALLA-AL-ME\u0301RITO-JUVENIL-CUAUHNA\u0301HUAC-2025-4-150x150.jpg\" class=\"attachment-thumbnail size-thumbnail\" alt=\"\" loading=\"lazy\" \/><\/a>\n\t\t\t<\/dt><\/dl><dl class='gallery-item'>\n\t\t\t<dt class='gallery-icon landscape'>\n\t\t\t\t<a href='https:\/\/cuernavaca.gob.mx\/?attachment_id=52963'><img width=\"150\" height=\"150\" src=\"https:\/\/cuernavaca.gob.mx\/wp-content\/uploads\/2025\/09\/CUERNAVACA-IMPULSA-EL-TALENTO-Y-LIDERAZGO-JUVENIL-CON-LA-ENTREGA-DE-LA-MEDALLA-AL-ME\u0301RITO-JUVENIL-CUAUHNA\u0301HUAC-2025-5-150x150.jpg\" class=\"attachment-thumbnail size-thumbnail\" alt=\"\" loading=\"lazy\" \/><\/a>\n\t\t\t<\/dt><\/dl><dl class='gallery-item'>\n\t\t\t<dt class='gallery-icon landscape'>\n\t\t\t\t<a href='https:\/\/cuernavaca.gob.mx\/?attachment_id=52964'><img width=\"150\" height=\"150\" src=\"https:\/\/cuernavaca.gob.mx\/wp-content\/uploads\/2025\/09\/CUERNAVACA-IMPULSA-EL-TALENTO-Y-LIDERAZGO-JUVENIL-CON-LA-ENTREGA-DE-LA-MEDALLA-AL-ME\u0301RITO-JUVENIL-CUAUHNA\u0301HUAC-2025-6-150x150.jpg\" class=\"attachment-thumbnail size-thumbnail\" alt=\"\" loading=\"lazy\" \/><\/a>\n\t\t\t<\/dt><\/dl><br style=\"clear: both\" \/>\n\t\t<\/div>\n\n","protected":false},"excerpt":{"rendered":"<p>\u2022 Diez j\u00f3venes fueron reconocidos por su liderazgo y aportaciones en distintos \u00e1mbitos de la comunidad \u2022 El alcalde Jos\u00e9 Luis Uri\u00f3stegui Salgado refrend\u00f3 el compromiso de su administraci\u00f3n por seguir impulsando programas y apoyos que fortalezcan el talento y los sue\u00f1os de la juventud El Ayuntamiento de Cuernavaca, a trav\u00e9s del Instituto de la [&hellip;]<\/p>\n","protected":false},"author":1,"featured_media":52964,"comment_status":"closed","ping_status":"open","sticky":false,"template":"","format":"standard","meta":[],"categories":[862],"tags":[121,120,693,206,3320,127,712],"aioseo_notices":[],"_links":{"self":[{"href":"https:\/\/cuernavaca.gob.mx\/index.php?rest_route=\/wp\/v2\/posts\/52958"}],"collection":[{"href":"https:\/\/cuernavaca.gob.mx\/index.php?rest_route=\/wp\/v2\/posts"}],"about":[{"href":"https:\/\/cuernavaca.gob.mx\/index.php?rest_route=\/wp\/v2\/types\/post"}],"author":[{"embeddable":true,"href":"https:\/\/cuernavaca.gob.mx\/index.php?rest_route=\/wp\/v2\/users\/1"}],"replies":[{"embeddable":true,"href":"https:\/\/cuernavaca.gob.mx\/index.php?rest_route=%2Fwp%2Fv2%2Fcomments&post=52958"}],"version-history":[{"count":1,"href":"https:\/\/cuernavaca.gob.mx\/index.php?rest_route=\/wp\/v2\/posts\/52958\/revisions"}],"predecessor-version":[{"id":52965,"href":"https:\/\/cuernavaca.gob.mx\/index.php?rest_route=\/wp\/v2\/posts\/52958\/revisions\/52965"}],"wp:featuredmedia":[{"embeddable":true,"href":"https:\/\/cuernavaca.gob.mx\/index.php?rest_route=\/wp\/v2\/media\/52964"}],"wp:attachment":[{"href":"https:\/\/cuernavaca.gob.mx\/index.php?rest_route=%2Fwp%2Fv2%2Fmedia&parent=52958"}],"wp:term":[{"taxonomy":"category","embeddable":true,"href":"https:\/\/cuernavaca.gob.mx\/index.php?rest_route=%2Fwp%2Fv2%2Fcategories&post=52958"},{"taxonomy":"post_tag","embeddable":true,"href":"https:\/\/cuernavaca.gob.mx\/index.php?rest_route=%2Fwp%2Fv2%2Ftags&post=52958"}],"curies":[{"name":"wp","href":"https:\/\/api.w.org\/{rel}","templated":true}]}}