{"id":52983,"date":"2025-09-11T08:05:04","date_gmt":"2025-09-11T14:05:04","guid":{"rendered":"https:\/\/cuernavaca.gob.mx\/?p=52983"},"modified":"2025-09-11T14:08:30","modified_gmt":"2025-09-11T20:08:30","slug":"b578-11-09-25-exhorta-proteccion-civil-de-cuernavaca-a-prevenir-riesgos-por-uso-de-pirotecnia-en-las-fiestas-patrias","status":"publish","type":"post","link":"https:\/\/cuernavaca.gob.mx\/?p=52983","title":{"rendered":"B578 11\/09\/25 EXHORTA PROTECCI\u00d3N CIVIL DE CUERNAVACA A PREVENIR RIESGOS POR USO DE PIROTECNIA EN LAS FIESTAS PATRIAS"},"content":{"rendered":"<p>Con motivo de las celebraciones del Mes Patrio, el Ayuntamiento de Cuernavaca, a trav\u00e9s de la Coordinaci\u00f3n Municipal de Protecci\u00f3n Civil, hace un llamado a la poblaci\u00f3n a evitar los disparos al aire libre, el uso de pirotecnia y, sobre todo, a no adquirir productos clandestinos que pongan en riesgo la seguridad f\u00edsica de las familias.<\/p>\n<p>La pirotecnia implica la manipulaci\u00f3n de sustancias inflamables, explosivas y t\u00f3xicas que pueden provocar incendios, quemaduras y lesiones graves. Por ello, la Coordinaci\u00f3n Municipal de Protecci\u00f3n Civil reitera la importancia de una gesti\u00f3n responsable para prevenir accidentes y minimizar los impactos en la salud y el entorno social.<\/p>\n<p>Protecci\u00f3n Civil Cuernavaca recomienda seguir las siguientes medidas preventivas en caso de que se utilice pirotecnia:<\/p>\n<p>\u2022 Evitar el uso de pirotecnia; priorizar espect\u00e1culos autorizados y organizados por personal capacitado.<\/p>\n<p>\u2022 Haz un uso responsable de los juegos pirot\u00e9cnicos y nunca permitas que ni\u00f1as y ni\u00f1os los manipulen.<\/p>\n<p>\u2022 No los almacenes en casa; si es necesario, col\u00f3calos en un lugar fresco, ventilado y fuera del alcance de menores.<\/p>\n<p>\u2022 Nunca los guardes en los bolsillos, ya que la fricci\u00f3n puede provocar explosiones y quemaduras..<\/p>\n<p>\u2022 Supervisa en todo momento a ni\u00f1as y ni\u00f1os durante el uso de fuegos artificiales.<\/p>\n<p>\u2022 Extrema precauciones para evitar quemaduras y lesiones graves.<\/p>\n<p>\u2022 No los acerques a la boca ni los inhales; pueden intoxicarte. Lava tus manos despu\u00e9s de manipularlos.<\/p>\n<p>\u2022 No intentes encender cohetes que hayan fallado previamente.<\/p>\n<p>\u2022 Enciende los artefactos de uno en uno y nunca dentro de envases de vidrio o pl\u00e1stico, ya que los fragmentos pueden salir disparados y causar heridas.<\/p>\n<p>El Ayuntamiento de Cuernavaca exhorta a la ciudadan\u00eda a disfrutar de las fiestas patrias con responsabilidad y en compa\u00f1\u00eda de sus seres queridos, privilegiando siempre la seguridad personal y familiar.<\/p>\n<p>En caso de emergencia dentro del municipio, marcar de inmediato al 777-312-12-74. Recuerda: la seguridad es responsabilidad de todas y todos.<\/p>\n\n\t\t<style type=\"text\/css\">\n\t\t\t#gallery-1 {\n\t\t\t\tmargin: auto;\n\t\t\t}\n\t\t\t#gallery-1 .gallery-item {\n\t\t\t\tfloat: left;\n\t\t\t\tmargin-top: 10px;\n\t\t\t\ttext-align: center;\n\t\t\t\twidth: 33%;\n\t\t\t}\n\t\t\t#gallery-1 img {\n\t\t\t\tborder: 2px solid #cfcfcf;\n\t\t\t}\n\t\t\t#gallery-1 .gallery-caption {\n\t\t\t\tmargin-left: 0;\n\t\t\t}\n\t\t\t\/* see gallery_shortcode() in wp-includes\/media.php *\/\n\t\t<\/style>\n\t\t<div id='gallery-1' class='gallery galleryid-52983 gallery-columns-3 gallery-size-thumbnail'><dl class='gallery-item'>\n\t\t\t<dt class='gallery-icon portrait'>\n\t\t\t\t<a href='https:\/\/cuernavaca.gob.mx\/?attachment_id=52984'><img width=\"150\" height=\"150\" src=\"https:\/\/cuernavaca.gob.mx\/wp-content\/uploads\/2025\/09\/EXHORTA-PROTECCIO\u0301N-CIVIL-DE-CUERNAVACA-A-PREVENIR-RIESGOS-POR-USO-DE-PIROTECNIA-EN-LAS-FIESTAS-PATRIAS-1-150x150.jpg\" class=\"attachment-thumbnail size-thumbnail\" alt=\"\" loading=\"lazy\" \/><\/a>\n\t\t\t<\/dt><\/dl><dl class='gallery-item'>\n\t\t\t<dt class='gallery-icon landscape'>\n\t\t\t\t<a href='https:\/\/cuernavaca.gob.mx\/?attachment_id=52985'><img width=\"150\" height=\"150\" src=\"https:\/\/cuernavaca.gob.mx\/wp-content\/uploads\/2025\/09\/EXHORTA-PROTECCIO\u0301N-CIVIL-DE-CUERNAVACA-A-PREVENIR-RIESGOS-POR-USO-DE-PIROTECNIA-EN-LAS-FIESTAS-PATRIAS-2-150x150.jpg\" class=\"attachment-thumbnail size-thumbnail\" alt=\"\" loading=\"lazy\" \/><\/a>\n\t\t\t<\/dt><\/dl><dl class='gallery-item'>\n\t\t\t<dt class='gallery-icon landscape'>\n\t\t\t\t<a href='https:\/\/cuernavaca.gob.mx\/?attachment_id=52986'><img width=\"150\" height=\"150\" src=\"https:\/\/cuernavaca.gob.mx\/wp-content\/uploads\/2025\/09\/EXHORTA-PROTECCIO\u0301N-CIVIL-DE-CUERNAVACA-A-PREVENIR-RIESGOS-POR-USO-DE-PIROTECNIA-EN-LAS-FIESTAS-PATRIAS-3-150x150.jpg\" class=\"attachment-thumbnail size-thumbnail\" alt=\"\" loading=\"lazy\" \/><\/a>\n\t\t\t<\/dt><\/dl><br style=\"clear: both\" \/>\n\t\t<\/div>\n\n","protected":false},"excerpt":{"rendered":"<p>Con motivo de las celebraciones del Mes Patrio, el Ayuntamiento de Cuernavaca, a trav\u00e9s de la Coordinaci\u00f3n Municipal de Protecci\u00f3n Civil, hace un llamado a la poblaci\u00f3n a evitar los disparos al aire libre, el uso de pirotecnia y, sobre todo, a no adquirir productos clandestinos que pongan en riesgo la seguridad f\u00edsica de las [&hellip;]<\/p>\n","protected":false},"author":1,"featured_media":52985,"comment_status":"closed","ping_status":"open","sticky":false,"template":"","format":"standard","meta":[],"categories":[2227],"tags":[4228,121,120,2749,172],"aioseo_notices":[],"_links":{"self":[{"href":"https:\/\/cuernavaca.gob.mx\/index.php?rest_route=\/wp\/v2\/posts\/52983"}],"collection":[{"href":"https:\/\/cuernavaca.gob.mx\/index.php?rest_route=\/wp\/v2\/posts"}],"about":[{"href":"https:\/\/cuernavaca.gob.mx\/index.php?rest_route=\/wp\/v2\/types\/post"}],"author":[{"embeddable":true,"href":"https:\/\/cuernavaca.gob.mx\/index.php?rest_route=\/wp\/v2\/users\/1"}],"replies":[{"embeddable":true,"href":"https:\/\/cuernavaca.gob.mx\/index.php?rest_route=%2Fwp%2Fv2%2Fcomments&post=52983"}],"version-history":[{"count":1,"href":"https:\/\/cuernavaca.gob.mx\/index.php?rest_route=\/wp\/v2\/posts\/52983\/revisions"}],"predecessor-version":[{"id":52987,"href":"https:\/\/cuernavaca.gob.mx\/index.php?rest_route=\/wp\/v2\/posts\/52983\/revisions\/52987"}],"wp:featuredmedia":[{"embeddable":true,"href":"https:\/\/cuernavaca.gob.mx\/index.php?rest_route=\/wp\/v2\/media\/52985"}],"wp:attachment":[{"href":"https:\/\/cuernavaca.gob.mx\/index.php?rest_route=%2Fwp%2Fv2%2Fmedia&parent=52983"}],"wp:term":[{"taxonomy":"category","embeddable":true,"href":"https:\/\/cuernavaca.gob.mx\/index.php?rest_route=%2Fwp%2Fv2%2Fcategories&post=52983"},{"taxonomy":"post_tag","embeddable":true,"href":"https:\/\/cuernavaca.gob.mx\/index.php?rest_route=%2Fwp%2Fv2%2Ftags&post=52983"}],"curies":[{"name":"wp","href":"https:\/\/api.w.org\/{rel}","templated":true}]}}