{"id":52988,"date":"2025-09-12T08:00:36","date_gmt":"2025-09-12T14:00:36","guid":{"rendered":"https:\/\/cuernavaca.gob.mx\/?p=52988"},"modified":"2025-09-12T14:53:18","modified_gmt":"2025-09-12T20:53:18","slug":"b579-12-09-25-cuernavaca-y-mino-japon-reafirman-su-hermanamiento-y-proyectan-nuevos-lazos-de-cooperacion-internacional","status":"publish","type":"post","link":"https:\/\/cuernavaca.gob.mx\/?p=52988","title":{"rendered":"B579 12\/09\/25 CUERNAVACA Y MIN\u014c, JAP\u00d3N REAFIRMAN SU HERMANAMIENTO Y PROYECTAN NUEVOS LAZOS DE COOPERACI\u00d3N INTERNACIONAL"},"content":{"rendered":"<p><strong>\u2022 En reuni\u00f3n virtual encabezada por el alcalde Jos\u00e9 Luis Uri\u00f3stegui Salgado y representantes del Ayuntamiento de esta ciudad japonesa se acordaron nuevos proyectos de cooperaci\u00f3n cultural, educativa y econ\u00f3mica<\/strong><\/p>\n<p>Con el firme objetivo de fortalecer la alianza de ciudades hermanas entre Cuernavaca y Min\u014d, Jap\u00f3n, el presidente municipal Jos\u00e9 Luis Uri\u00f3stegui Salgado sostuvo una reuni\u00f3n virtual con representantes del Ayuntamiento de esta ciudad nipona, perteneciente a la Prefectura de Osaka. Durante el encuentro se intercambiaron propuestas para impulsar nuevos proyectos que refuercen los v\u00ednculos de amistad, cooperaci\u00f3n cultural, educativa y econ\u00f3mica entre ambas localidades.<\/p>\n<p>En esta importante reuni\u00f3n tambi\u00e9n participaron el secretario de Desarrollo Econ\u00f3mico y Turismo (SDEyT), Marcos Manuel Su\u00e1rez Gerard; la directora general de Comercio, Industria y Servicios, Priscila Pilatowsky Go\u00f1i, as\u00ed como el director de Fomento Empresarial y al Empleo, Eduardo Villarreal Torres.<\/p>\n<p>Jos\u00e9 Luis Uri\u00f3stegui reiter\u00f3 la invitaci\u00f3n para que una delegaci\u00f3n japonesa visite Cuernavaca, a fin de estrechar los lazos construidos desde hace 22 a\u00f1os, cuando se estableci\u00f3 el hermanamiento con Min\u014d. En esta nueva etapa de hermanamiento se busca seguir generando acciones de inter\u00e9s mutuo que abran oportunidades para posibles inversiones, la consolidaci\u00f3n de actividades comerciales, sociales y educativas, destacando el compromiso por promover el intercambio cultural que ha caracterizado esta relaci\u00f3n binacional.<\/p>\n<p>Durante la reuni\u00f3n, tambi\u00e9n se hizo un recuento de la visita oficial que realiz\u00f3 el alcalde junto a su esposa, Luz Mar\u00eda Zagal Guzm\u00e1n, presidenta del Sistema Municipal DIF Cuernavaca, a las ciudades de Min\u014d y \u014ctaki en 2023, con motivo del aniversario de hermanamiento (20 y 45 a\u00f1os, respectivamente). Dicha visita reafirm\u00f3 el posicionamiento de Cuernavaca dentro de la comunidad japonesa, recordando tambi\u00e9n los m\u00e1s de 400 a\u00f1os de relaci\u00f3n hist\u00f3rica entre M\u00e9xico y Jap\u00f3n.<\/p>\n<p>Uri\u00f3stegui Salgado se\u00f1al\u00f3 que ha instruido a la Secretar\u00eda de Desarrollo Econ\u00f3mico y Turismo a mantener como meta estrat\u00e9gica el fortalecimiento de estos v\u00ednculos, promoviendo alianzas que generen beneficios tangibles comunes.<\/p>\n<p>Asimismo, se abord\u00f3 la participaci\u00f3n de Cuernavaca en la Expo Osaka-Kansai 2025, que se celebrar\u00e1 hasta el 13 de octubre de 2025 en la isla artificial de Yumeshima, Jap\u00f3n. Esta exposici\u00f3n universal representa una plataforma clave para proyectar a la capital morelense en el \u00e1mbito internacional y para afianzar a\u00fan m\u00e1s su relaci\u00f3n con Min\u014d a trav\u00e9s de proyectos conjuntos de gran impacto.<\/p>\n<p>Con esta serie de acuerdos y proyectos en puerta, Cuernavaca y Min\u014d no solo consolidan una relaci\u00f3n hist\u00f3rica de m\u00e1s de dos d\u00e9cadas, sino que tambi\u00e9n fortalecen un cap\u00edtulo de cooperaci\u00f3n internacional que promete beneficios culturales, educativos y econ\u00f3micos para ambas ciudades.<\/p>\n\n\t\t<style type=\"text\/css\">\n\t\t\t#gallery-1 {\n\t\t\t\tmargin: auto;\n\t\t\t}\n\t\t\t#gallery-1 .gallery-item {\n\t\t\t\tfloat: left;\n\t\t\t\tmargin-top: 10px;\n\t\t\t\ttext-align: center;\n\t\t\t\twidth: 33%;\n\t\t\t}\n\t\t\t#gallery-1 img {\n\t\t\t\tborder: 2px solid #cfcfcf;\n\t\t\t}\n\t\t\t#gallery-1 .gallery-caption {\n\t\t\t\tmargin-left: 0;\n\t\t\t}\n\t\t\t\/* see gallery_shortcode() in wp-includes\/media.php *\/\n\t\t<\/style>\n\t\t<div id='gallery-1' class='gallery galleryid-52988 gallery-columns-3 gallery-size-thumbnail'><dl class='gallery-item'>\n\t\t\t<dt class='gallery-icon landscape'>\n\t\t\t\t<a href='https:\/\/cuernavaca.gob.mx\/?attachment_id=52989'><img width=\"150\" height=\"150\" src=\"https:\/\/cuernavaca.gob.mx\/wp-content\/uploads\/2025\/09\/CUERNAVACA-Y-MINO\u0304-JAPO\u0301N-REAFIRMAN-SU-HERMANAMIENTO-Y-PROYECTAN-NUEVOS-LAZOS-DE-COOPERACIO\u0301N-INTERNACIONAL-1-150x150.jpg\" class=\"attachment-thumbnail size-thumbnail\" alt=\"\" loading=\"lazy\" \/><\/a>\n\t\t\t<\/dt><\/dl><dl class='gallery-item'>\n\t\t\t<dt class='gallery-icon landscape'>\n\t\t\t\t<a href='https:\/\/cuernavaca.gob.mx\/?attachment_id=52990'><img width=\"150\" height=\"150\" src=\"https:\/\/cuernavaca.gob.mx\/wp-content\/uploads\/2025\/09\/CUERNAVACA-Y-MINO\u0304-JAPO\u0301N-REAFIRMAN-SU-HERMANAMIENTO-Y-PROYECTAN-NUEVOS-LAZOS-DE-COOPERACIO\u0301N-INTERNACIONAL-2-150x150.jpg\" class=\"attachment-thumbnail size-thumbnail\" alt=\"\" loading=\"lazy\" \/><\/a>\n\t\t\t<\/dt><\/dl>\n\t\t\t<br style='clear: both' \/>\n\t\t<\/div>\n\n","protected":false},"excerpt":{"rendered":"<p>\u2022 En reuni\u00f3n virtual encabezada por el alcalde Jos\u00e9 Luis Uri\u00f3stegui Salgado y representantes del Ayuntamiento de esta ciudad japonesa se acordaron nuevos proyectos de cooperaci\u00f3n cultural, educativa y econ\u00f3mica Con el firme objetivo de fortalecer la alianza de ciudades hermanas entre Cuernavaca y Min\u014d, Jap\u00f3n, el presidente municipal Jos\u00e9 Luis Uri\u00f3stegui Salgado sostuvo una [&hellip;]<\/p>\n","protected":false},"author":1,"featured_media":52990,"comment_status":"closed","ping_status":"open","sticky":false,"template":"","format":"standard","meta":[],"categories":[20],"tags":[1708,121,190,726,3018,1479,120],"aioseo_notices":[],"_links":{"self":[{"href":"https:\/\/cuernavaca.gob.mx\/index.php?rest_route=\/wp\/v2\/posts\/52988"}],"collection":[{"href":"https:\/\/cuernavaca.gob.mx\/index.php?rest_route=\/wp\/v2\/posts"}],"about":[{"href":"https:\/\/cuernavaca.gob.mx\/index.php?rest_route=\/wp\/v2\/types\/post"}],"author":[{"embeddable":true,"href":"https:\/\/cuernavaca.gob.mx\/index.php?rest_route=\/wp\/v2\/users\/1"}],"replies":[{"embeddable":true,"href":"https:\/\/cuernavaca.gob.mx\/index.php?rest_route=%2Fwp%2Fv2%2Fcomments&post=52988"}],"version-history":[{"count":1,"href":"https:\/\/cuernavaca.gob.mx\/index.php?rest_route=\/wp\/v2\/posts\/52988\/revisions"}],"predecessor-version":[{"id":52991,"href":"https:\/\/cuernavaca.gob.mx\/index.php?rest_route=\/wp\/v2\/posts\/52988\/revisions\/52991"}],"wp:featuredmedia":[{"embeddable":true,"href":"https:\/\/cuernavaca.gob.mx\/index.php?rest_route=\/wp\/v2\/media\/52990"}],"wp:attachment":[{"href":"https:\/\/cuernavaca.gob.mx\/index.php?rest_route=%2Fwp%2Fv2%2Fmedia&parent=52988"}],"wp:term":[{"taxonomy":"category","embeddable":true,"href":"https:\/\/cuernavaca.gob.mx\/index.php?rest_route=%2Fwp%2Fv2%2Fcategories&post=52988"},{"taxonomy":"post_tag","embeddable":true,"href":"https:\/\/cuernavaca.gob.mx\/index.php?rest_route=%2Fwp%2Fv2%2Ftags&post=52988"}],"curies":[{"name":"wp","href":"https:\/\/api.w.org\/{rel}","templated":true}]}}