{"id":53026,"date":"2025-09-13T13:15:06","date_gmt":"2025-09-13T19:15:06","guid":{"rendered":"https:\/\/cuernavaca.gob.mx\/?p=53026"},"modified":"2025-09-14T12:41:52","modified_gmt":"2025-09-14T18:41:52","slug":"b584-13-09-25-trabajadores-municipales-de-cuernavaca-se-coronan-campeones-en-el-torneo-estatal-de-futbol-con-motivo-de-las-fiestas-patrias","status":"publish","type":"post","link":"https:\/\/cuernavaca.gob.mx\/?p=53026","title":{"rendered":"B584 13\/09\/25 TRABAJADORES MUNICIPALES DE CUERNAVACA SE CORONAN CAMPEONES EN EL TORNEO ESTATAL DE F\u00daTBOL CON MOTIVO DE LAS FIESTAS PATRIAS"},"content":{"rendered":"<div><strong>\u2022 El alcalde Jos\u00e9 Luis Uri\u00f3stegui Salgado celebr\u00f3 la victoria de Cuernavaca, destacando el esfuerzo, disciplina y la participaci\u00f3n de la ciudadan\u00eda en las actividades patrias<\/strong><\/div>\n<div><\/div>\n<div>El Ayuntamiento de Cuernavaca, encabezado por el presidente municipal Jos\u00e9 Luis Uri\u00f3stegui Salgado, celebr\u00f3 un nuevo logro al proclamarse campe\u00f3n del Torneo Estatal de F\u00fatbol de Trabajadores Municipales, organizado por el Gobierno del Estado de Morelos a trav\u00e9s del Instituto del Deporte y Cultura F\u00edsica (INDEM), en conjunto con los ayuntamientos.<\/div>\n<div><\/div>\n<div>La final se disput\u00f3 en el Estadio Centenario, donde el representativo de la capital morelense se impuso con un contundente marcador de 10-0 frente al equipo de Ocuituco, en un encuentro vibrante que reuni\u00f3 emoci\u00f3n, porras y el respaldo de familias, compa\u00f1eras y compa\u00f1eros de trabajo.<\/div>\n<div><\/div>\n<div>El alcalde Jos\u00e9 Luis Uri\u00f3stegui Salgado acompa\u00f1\u00f3 a los jugadores para reconocer su esfuerzo y disciplina, subrayando la importancia de la coordinaci\u00f3n entre el Poder Ejecutivo y los municipios para que todas y todos los morelenses participen activamente en actividades deportivas y culturales como parte de las celebraciones patrias y que no solo se quede en la ceremonia por el aniversario del Grito de Independencia.<\/div>\n<div><\/div>\n<div>El torneo reuni\u00f3 a equipos de 26 municipios en las ramas femenil y varonil, fomentando la sana convivencia, la integraci\u00f3n laboral y el fortalecimiento de los lazos comunitarios entre servidoras y servidores p\u00fablicos de todo el estado<\/div>\n<div>\n\n\t\t<style type=\"text\/css\">\n\t\t\t#gallery-1 {\n\t\t\t\tmargin: auto;\n\t\t\t}\n\t\t\t#gallery-1 .gallery-item {\n\t\t\t\tfloat: left;\n\t\t\t\tmargin-top: 10px;\n\t\t\t\ttext-align: center;\n\t\t\t\twidth: 33%;\n\t\t\t}\n\t\t\t#gallery-1 img {\n\t\t\t\tborder: 2px solid #cfcfcf;\n\t\t\t}\n\t\t\t#gallery-1 .gallery-caption {\n\t\t\t\tmargin-left: 0;\n\t\t\t}\n\t\t\t\/* see gallery_shortcode() in wp-includes\/media.php *\/\n\t\t<\/style>\n\t\t<div id='gallery-1' class='gallery galleryid-53026 gallery-columns-3 gallery-size-thumbnail'><dl class='gallery-item'>\n\t\t\t<dt class='gallery-icon landscape'>\n\t\t\t\t<a href='https:\/\/cuernavaca.gob.mx\/?attachment_id=53027'><img width=\"150\" height=\"150\" src=\"https:\/\/cuernavaca.gob.mx\/wp-content\/uploads\/2025\/09\/TRABAJADORES-MUNICIPALES-DE-CUERNAVACA-SE-CORONAN-CAMPEONES-EN-EL-TORNEO-ESTATAL-DE-FUTBOL-CON-MOTIVO-DE-LAS-FIESTAS-PATRIAS-1-150x150.jpeg\" class=\"attachment-thumbnail size-thumbnail\" alt=\"\" loading=\"lazy\" \/><\/a>\n\t\t\t<\/dt><\/dl><dl class='gallery-item'>\n\t\t\t<dt class='gallery-icon landscape'>\n\t\t\t\t<a href='https:\/\/cuernavaca.gob.mx\/?attachment_id=53028'><img width=\"150\" height=\"150\" src=\"https:\/\/cuernavaca.gob.mx\/wp-content\/uploads\/2025\/09\/TRABAJADORES-MUNICIPALES-DE-CUERNAVACA-SE-CORONAN-CAMPEONES-EN-EL-TORNEO-ESTATAL-DE-FUTBOL-CON-MOTIVO-DE-LAS-FIESTAS-PATRIAS-2-150x150.jpeg\" class=\"attachment-thumbnail size-thumbnail\" alt=\"\" loading=\"lazy\" \/><\/a>\n\t\t\t<\/dt><\/dl><dl class='gallery-item'>\n\t\t\t<dt class='gallery-icon landscape'>\n\t\t\t\t<a href='https:\/\/cuernavaca.gob.mx\/?attachment_id=53029'><img width=\"150\" height=\"150\" src=\"https:\/\/cuernavaca.gob.mx\/wp-content\/uploads\/2025\/09\/TRABAJADORES-MUNICIPALES-DE-CUERNAVACA-SE-CORONAN-CAMPEONES-EN-EL-TORNEO-ESTATAL-DE-FUTBOL-CON-MOTIVO-DE-LAS-FIESTAS-PATRIAS-3-150x150.jpeg\" class=\"attachment-thumbnail size-thumbnail\" alt=\"\" loading=\"lazy\" \/><\/a>\n\t\t\t<\/dt><\/dl><br style=\"clear: both\" \/><dl class='gallery-item'>\n\t\t\t<dt class='gallery-icon landscape'>\n\t\t\t\t<a href='https:\/\/cuernavaca.gob.mx\/?attachment_id=53030'><img width=\"150\" height=\"150\" src=\"https:\/\/cuernavaca.gob.mx\/wp-content\/uploads\/2025\/09\/TRABAJADORES-MUNICIPALES-DE-CUERNAVACA-SE-CORONAN-CAMPEONES-EN-EL-TORNEO-ESTATAL-DE-FUTBOL-CON-MOTIVO-DE-LAS-FIESTAS-PATRIAS-4-150x150.jpeg\" class=\"attachment-thumbnail size-thumbnail\" alt=\"\" loading=\"lazy\" \/><\/a>\n\t\t\t<\/dt><\/dl><dl class='gallery-item'>\n\t\t\t<dt class='gallery-icon landscape'>\n\t\t\t\t<a href='https:\/\/cuernavaca.gob.mx\/?attachment_id=53031'><img width=\"150\" height=\"150\" src=\"https:\/\/cuernavaca.gob.mx\/wp-content\/uploads\/2025\/09\/TRABAJADORES-MUNICIPALES-DE-CUERNAVACA-SE-CORONAN-CAMPEONES-EN-EL-TORNEO-ESTATAL-DE-FUTBOL-CON-MOTIVO-DE-LAS-FIESTAS-PATRIAS-5-150x150.jpeg\" class=\"attachment-thumbnail size-thumbnail\" alt=\"\" loading=\"lazy\" \/><\/a>\n\t\t\t<\/dt><\/dl><dl class='gallery-item'>\n\t\t\t<dt class='gallery-icon landscape'>\n\t\t\t\t<a href='https:\/\/cuernavaca.gob.mx\/?attachment_id=53032'><img width=\"150\" height=\"150\" src=\"https:\/\/cuernavaca.gob.mx\/wp-content\/uploads\/2025\/09\/TRABAJADORES-MUNICIPALES-DE-CUERNAVACA-SE-CORONAN-CAMPEONES-EN-EL-TORNEO-ESTATAL-DE-FUTBOL-CON-MOTIVO-DE-LAS-FIESTAS-PATRIAS-6-150x150.jpeg\" class=\"attachment-thumbnail size-thumbnail\" alt=\"\" loading=\"lazy\" \/><\/a>\n\t\t\t<\/dt><\/dl><br style=\"clear: both\" \/><dl class='gallery-item'>\n\t\t\t<dt class='gallery-icon landscape'>\n\t\t\t\t<a href='https:\/\/cuernavaca.gob.mx\/?attachment_id=53033'><img width=\"150\" height=\"150\" src=\"https:\/\/cuernavaca.gob.mx\/wp-content\/uploads\/2025\/09\/TRABAJADORES-MUNICIPALES-DE-CUERNAVACA-SE-CORONAN-CAMPEONES-EN-EL-TORNEO-ESTATAL-DE-FUTBOL-CON-MOTIVO-DE-LAS-FIESTAS-PATRIAS-7-150x150.jpeg\" class=\"attachment-thumbnail size-thumbnail\" alt=\"\" loading=\"lazy\" \/><\/a>\n\t\t\t<\/dt><\/dl><dl class='gallery-item'>\n\t\t\t<dt class='gallery-icon landscape'>\n\t\t\t\t<a href='https:\/\/cuernavaca.gob.mx\/?attachment_id=53034'><img width=\"150\" height=\"150\" src=\"https:\/\/cuernavaca.gob.mx\/wp-content\/uploads\/2025\/09\/TRABAJADORES-MUNICIPALES-DE-CUERNAVACA-SE-CORONAN-CAMPEONES-EN-EL-TORNEO-ESTATAL-DE-FUTBOL-CON-MOTIVO-DE-LAS-FIESTAS-PATRIAS-8-150x150.jpeg\" class=\"attachment-thumbnail size-thumbnail\" alt=\"\" loading=\"lazy\" \/><\/a>\n\t\t\t<\/dt><\/dl><dl class='gallery-item'>\n\t\t\t<dt class='gallery-icon landscape'>\n\t\t\t\t<a href='https:\/\/cuernavaca.gob.mx\/?attachment_id=53035'><img width=\"150\" height=\"150\" src=\"https:\/\/cuernavaca.gob.mx\/wp-content\/uploads\/2025\/09\/TRABAJADORES-MUNICIPALES-DE-CUERNAVACA-SE-CORONAN-CAMPEONES-EN-EL-TORNEO-ESTATAL-DE-FUTBOL-CON-MOTIVO-DE-LAS-FIESTAS-PATRIAS-9-150x150.jpeg\" class=\"attachment-thumbnail size-thumbnail\" alt=\"\" loading=\"lazy\" \/><\/a>\n\t\t\t<\/dt><\/dl><br style=\"clear: both\" \/>\n\t\t<\/div>\n\n<\/div>\n<div><\/div>\n","protected":false},"excerpt":{"rendered":"<p>\u2022 El alcalde Jos\u00e9 Luis Uri\u00f3stegui Salgado celebr\u00f3 la victoria de Cuernavaca, destacando el esfuerzo, disciplina y la participaci\u00f3n de la ciudadan\u00eda en las actividades patrias El Ayuntamiento de Cuernavaca, encabezado por el presidente municipal Jos\u00e9 Luis Uri\u00f3stegui Salgado, celebr\u00f3 un nuevo logro al proclamarse campe\u00f3n del Torneo Estatal de F\u00fatbol de Trabajadores Municipales, organizado [&hellip;]<\/p>\n","protected":false},"author":1,"featured_media":53027,"comment_status":"closed","ping_status":"open","sticky":false,"template":"","format":"standard","meta":[],"categories":[1],"tags":[121,120,4231,206,127],"aioseo_notices":[],"_links":{"self":[{"href":"https:\/\/cuernavaca.gob.mx\/index.php?rest_route=\/wp\/v2\/posts\/53026"}],"collection":[{"href":"https:\/\/cuernavaca.gob.mx\/index.php?rest_route=\/wp\/v2\/posts"}],"about":[{"href":"https:\/\/cuernavaca.gob.mx\/index.php?rest_route=\/wp\/v2\/types\/post"}],"author":[{"embeddable":true,"href":"https:\/\/cuernavaca.gob.mx\/index.php?rest_route=\/wp\/v2\/users\/1"}],"replies":[{"embeddable":true,"href":"https:\/\/cuernavaca.gob.mx\/index.php?rest_route=%2Fwp%2Fv2%2Fcomments&post=53026"}],"version-history":[{"count":1,"href":"https:\/\/cuernavaca.gob.mx\/index.php?rest_route=\/wp\/v2\/posts\/53026\/revisions"}],"predecessor-version":[{"id":53036,"href":"https:\/\/cuernavaca.gob.mx\/index.php?rest_route=\/wp\/v2\/posts\/53026\/revisions\/53036"}],"wp:featuredmedia":[{"embeddable":true,"href":"https:\/\/cuernavaca.gob.mx\/index.php?rest_route=\/wp\/v2\/media\/53027"}],"wp:attachment":[{"href":"https:\/\/cuernavaca.gob.mx\/index.php?rest_route=%2Fwp%2Fv2%2Fmedia&parent=53026"}],"wp:term":[{"taxonomy":"category","embeddable":true,"href":"https:\/\/cuernavaca.gob.mx\/index.php?rest_route=%2Fwp%2Fv2%2Fcategories&post=53026"},{"taxonomy":"post_tag","embeddable":true,"href":"https:\/\/cuernavaca.gob.mx\/index.php?rest_route=%2Fwp%2Fv2%2Ftags&post=53026"}],"curies":[{"name":"wp","href":"https:\/\/api.w.org\/{rel}","templated":true}]}}