{"id":53377,"date":"2025-09-30T09:00:48","date_gmt":"2025-09-30T15:00:48","guid":{"rendered":"https:\/\/cuernavaca.gob.mx\/?p=53377"},"modified":"2025-09-30T10:44:18","modified_gmt":"2025-09-30T16:44:18","slug":"f83-30-09-25-jose-luis-uriostegui-destaca-la-importancia-de-la-memoria-historica-en-homenaje-a-morelos","status":"publish","type":"post","link":"https:\/\/cuernavaca.gob.mx\/?p=53377","title":{"rendered":"F83 30\/09\/25 JOS\u00c9 LUIS URI\u00d3STEGUI DESTACA LA IMPORTANCIA DE LA MEMORIA HIST\u00d3RICA EN HOMENAJE A MORELOS"},"content":{"rendered":"<p>El presidente municipal de Cuernavaca, Jos\u00e9 Luis Uri\u00f3stegui Salgado, particip\u00f3 este martes en la ceremonia conmemorativa del 260 aniversario del Natalicio del General\u00edsimo Jos\u00e9 Mar\u00eda Morelos y Pav\u00f3n, acto encabezado por la gobernadora Margarita Gonz\u00e1lez Saravia. En este marco se realiz\u00f3 la reubicaci\u00f3n del busto del pr\u00f3cer independentista al interior del Palacio de Gobierno, con el objetivo de resguardar y dignificar su memoria.<\/p>\n<p>Acompa\u00f1ado por autoridades de los tres \u00f3rdenes de gobierno, el alcalde destac\u00f3 la trascendencia de Morelos como figura hist\u00f3rica y el valor de mantener viva la identidad nacional, fomentando en la ciudadan\u00eda el respeto a los s\u00edmbolos patrios y a los ideales de libertad y justicia. El evento incluy\u00f3 guardia de honor, fortaleciendo as\u00ed la cultura c\u00edvica en el estado.<\/p>\n<p>Uri\u00f3stegui Salgado subray\u00f3 que este acto tambi\u00e9n refleja la coordinaci\u00f3n institucional que se ha mantenido entre el municipio y el Gobierno del Estado, no solo en temas de seguridad y desarrollo, sino tambi\u00e9n en la promoci\u00f3n de la memoria hist\u00f3rica, la educaci\u00f3n c\u00edvica y la unidad social en beneficio de la poblaci\u00f3n morelense.<\/p>\n\n\t\t<style type=\"text\/css\">\n\t\t\t#gallery-1 {\n\t\t\t\tmargin: auto;\n\t\t\t}\n\t\t\t#gallery-1 .gallery-item {\n\t\t\t\tfloat: left;\n\t\t\t\tmargin-top: 10px;\n\t\t\t\ttext-align: center;\n\t\t\t\twidth: 33%;\n\t\t\t}\n\t\t\t#gallery-1 img {\n\t\t\t\tborder: 2px solid #cfcfcf;\n\t\t\t}\n\t\t\t#gallery-1 .gallery-caption {\n\t\t\t\tmargin-left: 0;\n\t\t\t}\n\t\t\t\/* see gallery_shortcode() in wp-includes\/media.php *\/\n\t\t<\/style>\n\t\t<div id='gallery-1' class='gallery galleryid-53377 gallery-columns-3 gallery-size-thumbnail'><dl class='gallery-item'>\n\t\t\t<dt class='gallery-icon landscape'>\n\t\t\t\t<a href='https:\/\/cuernavaca.gob.mx\/?attachment_id=53378'><img width=\"150\" height=\"150\" src=\"https:\/\/cuernavaca.gob.mx\/wp-content\/uploads\/2025\/09\/JOSE\u0301-LUIS-URIO\u0301STEGUI-DESTACA-LA-IMPORTANCIA-DE-LA-MEMORIA-HISTO\u0301RICA-EN-HOMENAJE-A-MORELOS-1-150x150.jpg\" class=\"attachment-thumbnail size-thumbnail\" alt=\"\" loading=\"lazy\" \/><\/a>\n\t\t\t<\/dt><\/dl><dl class='gallery-item'>\n\t\t\t<dt class='gallery-icon landscape'>\n\t\t\t\t<a href='https:\/\/cuernavaca.gob.mx\/?attachment_id=53379'><img width=\"150\" height=\"150\" src=\"https:\/\/cuernavaca.gob.mx\/wp-content\/uploads\/2025\/09\/JOSE\u0301-LUIS-URIO\u0301STEGUI-DESTACA-LA-IMPORTANCIA-DE-LA-MEMORIA-HISTO\u0301RICA-EN-HOMENAJE-A-MORELOS-2-150x150.jpg\" class=\"attachment-thumbnail size-thumbnail\" alt=\"\" loading=\"lazy\" \/><\/a>\n\t\t\t<\/dt><\/dl><dl class='gallery-item'>\n\t\t\t<dt class='gallery-icon landscape'>\n\t\t\t\t<a href='https:\/\/cuernavaca.gob.mx\/?attachment_id=53380'><img width=\"150\" height=\"150\" src=\"https:\/\/cuernavaca.gob.mx\/wp-content\/uploads\/2025\/09\/JOSE\u0301-LUIS-URIO\u0301STEGUI-DESTACA-LA-IMPORTANCIA-DE-LA-MEMORIA-HISTO\u0301RICA-EN-HOMENAJE-A-MORELOS-3-150x150.jpg\" class=\"attachment-thumbnail size-thumbnail\" alt=\"\" loading=\"lazy\" \/><\/a>\n\t\t\t<\/dt><\/dl><br style=\"clear: both\" \/><dl class='gallery-item'>\n\t\t\t<dt class='gallery-icon landscape'>\n\t\t\t\t<a href='https:\/\/cuernavaca.gob.mx\/?attachment_id=53381'><img width=\"150\" height=\"150\" src=\"https:\/\/cuernavaca.gob.mx\/wp-content\/uploads\/2025\/09\/JOSE\u0301-LUIS-URIO\u0301STEGUI-DESTACA-LA-IMPORTANCIA-DE-LA-MEMORIA-HISTO\u0301RICA-EN-HOMENAJE-A-MORELOS-4-150x150.jpg\" class=\"attachment-thumbnail size-thumbnail\" alt=\"\" loading=\"lazy\" \/><\/a>\n\t\t\t<\/dt><\/dl><dl class='gallery-item'>\n\t\t\t<dt class='gallery-icon landscape'>\n\t\t\t\t<a href='https:\/\/cuernavaca.gob.mx\/?attachment_id=53382'><img width=\"150\" height=\"150\" src=\"https:\/\/cuernavaca.gob.mx\/wp-content\/uploads\/2025\/09\/JOSE\u0301-LUIS-URIO\u0301STEGUI-DESTACA-LA-IMPORTANCIA-DE-LA-MEMORIA-HISTO\u0301RICA-EN-HOMENAJE-A-MORELOS-5-150x150.jpg\" class=\"attachment-thumbnail size-thumbnail\" alt=\"\" loading=\"lazy\" \/><\/a>\n\t\t\t<\/dt><\/dl>\n\t\t\t<br style='clear: both' \/>\n\t\t<\/div>\n\n","protected":false},"excerpt":{"rendered":"<p>El presidente municipal de Cuernavaca, Jos\u00e9 Luis Uri\u00f3stegui Salgado, particip\u00f3 este martes en la ceremonia conmemorativa del 260 aniversario del Natalicio del General\u00edsimo Jos\u00e9 Mar\u00eda Morelos y Pav\u00f3n, acto encabezado por la gobernadora Margarita Gonz\u00e1lez Saravia. En este marco se realiz\u00f3 la reubicaci\u00f3n del busto del pr\u00f3cer independentista al interior del Palacio de Gobierno, con [&hellip;]<\/p>\n","protected":false},"author":1,"featured_media":53378,"comment_status":"closed","ping_status":"open","sticky":false,"template":"","format":"standard","meta":[],"categories":[20],"tags":[1568,2263,121,1929,1071,2460,120,2267,206,127],"aioseo_notices":[],"_links":{"self":[{"href":"https:\/\/cuernavaca.gob.mx\/index.php?rest_route=\/wp\/v2\/posts\/53377"}],"collection":[{"href":"https:\/\/cuernavaca.gob.mx\/index.php?rest_route=\/wp\/v2\/posts"}],"about":[{"href":"https:\/\/cuernavaca.gob.mx\/index.php?rest_route=\/wp\/v2\/types\/post"}],"author":[{"embeddable":true,"href":"https:\/\/cuernavaca.gob.mx\/index.php?rest_route=\/wp\/v2\/users\/1"}],"replies":[{"embeddable":true,"href":"https:\/\/cuernavaca.gob.mx\/index.php?rest_route=%2Fwp%2Fv2%2Fcomments&post=53377"}],"version-history":[{"count":1,"href":"https:\/\/cuernavaca.gob.mx\/index.php?rest_route=\/wp\/v2\/posts\/53377\/revisions"}],"predecessor-version":[{"id":53383,"href":"https:\/\/cuernavaca.gob.mx\/index.php?rest_route=\/wp\/v2\/posts\/53377\/revisions\/53383"}],"wp:featuredmedia":[{"embeddable":true,"href":"https:\/\/cuernavaca.gob.mx\/index.php?rest_route=\/wp\/v2\/media\/53378"}],"wp:attachment":[{"href":"https:\/\/cuernavaca.gob.mx\/index.php?rest_route=%2Fwp%2Fv2%2Fmedia&parent=53377"}],"wp:term":[{"taxonomy":"category","embeddable":true,"href":"https:\/\/cuernavaca.gob.mx\/index.php?rest_route=%2Fwp%2Fv2%2Fcategories&post=53377"},{"taxonomy":"post_tag","embeddable":true,"href":"https:\/\/cuernavaca.gob.mx\/index.php?rest_route=%2Fwp%2Fv2%2Ftags&post=53377"}],"curies":[{"name":"wp","href":"https:\/\/api.w.org\/{rel}","templated":true}]}}