{"id":53384,"date":"2025-09-30T10:00:15","date_gmt":"2025-09-30T16:00:15","guid":{"rendered":"https:\/\/cuernavaca.gob.mx\/?p=53384"},"modified":"2025-09-30T11:08:39","modified_gmt":"2025-09-30T17:08:39","slug":"f84-30-09-25-jose-luis-uriostegui-fortalece-el-impulso-al-deporte-con-arranque-de-escuelas-municipales","status":"publish","type":"post","link":"https:\/\/cuernavaca.gob.mx\/?p=53384","title":{"rendered":"F84 30\/09\/25 JOS\u00c9 LUIS URI\u00d3STEGUI FORTALECE EL IMPULSO AL DEPORTE CON ARRANQUE DE &#8220;ESCUELAS MUNICIPALES\u201d"},"content":{"rendered":"<p>El presidente municipal de Cuernavaca, Jos\u00e9 Luis Uri\u00f3stegui Salgado, refrend\u00f3 su compromiso con el impulso al deporte al visitar el internado Palmira, donde dio el arranque simb\u00f3lico al programa &#8220;Escuelas Municipales\u201d, organizado por el Instituto del Deporte de la Secretar\u00eda de Desarrollo Humano y Participaci\u00f3n Social (SDHyPS). Durante su visita, el alcalde particip\u00f3 en los honores a la bandera y convivi\u00f3 con las estudiantes.<\/p>\n<p>Acompa\u00f1ado por la directora del Instituto del Deporte, Paloma Mart\u00ednez Bahena, y el director del plantel, \u00d3scar Iv\u00e1n L\u00f3pez, el alcalde subray\u00f3 que desde el Ayuntamiento se promueven programas integrales que fortalecen la educaci\u00f3n, la cultura y el desarrollo f\u00edsico. Entre estos apoyos se incluyen becas por vulnerabilidad econ\u00f3mica, excelencia acad\u00e9mica, deportivas y culturales. A\u00f1adi\u00f3 que el programa &#8220;Escuelas Municipales\u201d busca fomentar en ni\u00f1as, ni\u00f1os y j\u00f3venes el gusto por la actividad f\u00edsica y los valores que se construyen a trav\u00e9s del deporte.<\/p>\n<p>Del 06 al 10 de octubre, el internado Palmira ser\u00e1 sede de m\u00faltiples disciplinas como ajedrez, nataci\u00f3n, tiro con arco, atletismo, f\u00fatbol, v\u00f3leibol, b\u00e1squetbol y pentatl\u00f3n, ofreciendo a las estudiantes una semana llena de aprendizaje, motivaci\u00f3n y desarrollo integral.<\/p>\n\n\t\t<style type=\"text\/css\">\n\t\t\t#gallery-1 {\n\t\t\t\tmargin: auto;\n\t\t\t}\n\t\t\t#gallery-1 .gallery-item {\n\t\t\t\tfloat: left;\n\t\t\t\tmargin-top: 10px;\n\t\t\t\ttext-align: center;\n\t\t\t\twidth: 33%;\n\t\t\t}\n\t\t\t#gallery-1 img {\n\t\t\t\tborder: 2px solid #cfcfcf;\n\t\t\t}\n\t\t\t#gallery-1 .gallery-caption {\n\t\t\t\tmargin-left: 0;\n\t\t\t}\n\t\t\t\/* see gallery_shortcode() in wp-includes\/media.php *\/\n\t\t<\/style>\n\t\t<div id='gallery-1' class='gallery galleryid-53384 gallery-columns-3 gallery-size-thumbnail'><dl class='gallery-item'>\n\t\t\t<dt class='gallery-icon landscape'>\n\t\t\t\t<a href='https:\/\/cuernavaca.gob.mx\/?attachment_id=53385'><img width=\"150\" height=\"150\" src=\"https:\/\/cuernavaca.gob.mx\/wp-content\/uploads\/2025\/09\/JOSE\u0301-LUIS-URIO\u0301STEGUI-FORTALECE-EL-IMPULSO-AL-DEPORTE-CON-ARRANQUE-DE-22ESCUELAS-MUNICIPALES-1-150x150.jpg\" class=\"attachment-thumbnail size-thumbnail\" alt=\"\" loading=\"lazy\" \/><\/a>\n\t\t\t<\/dt><\/dl><dl class='gallery-item'>\n\t\t\t<dt class='gallery-icon landscape'>\n\t\t\t\t<a href='https:\/\/cuernavaca.gob.mx\/?attachment_id=53386'><img width=\"150\" height=\"150\" src=\"https:\/\/cuernavaca.gob.mx\/wp-content\/uploads\/2025\/09\/JOSE\u0301-LUIS-URIO\u0301STEGUI-FORTALECE-EL-IMPULSO-AL-DEPORTE-CON-ARRANQUE-DE-22ESCUELAS-MUNICIPALES-2-150x150.jpg\" class=\"attachment-thumbnail size-thumbnail\" alt=\"\" loading=\"lazy\" \/><\/a>\n\t\t\t<\/dt><\/dl><dl class='gallery-item'>\n\t\t\t<dt class='gallery-icon landscape'>\n\t\t\t\t<a href='https:\/\/cuernavaca.gob.mx\/?attachment_id=53387'><img width=\"150\" height=\"150\" src=\"https:\/\/cuernavaca.gob.mx\/wp-content\/uploads\/2025\/09\/JOSE\u0301-LUIS-URIO\u0301STEGUI-FORTALECE-EL-IMPULSO-AL-DEPORTE-CON-ARRANQUE-DE-22ESCUELAS-MUNICIPALES-3-150x150.jpg\" class=\"attachment-thumbnail size-thumbnail\" alt=\"\" loading=\"lazy\" \/><\/a>\n\t\t\t<\/dt><\/dl><br style=\"clear: both\" \/><dl class='gallery-item'>\n\t\t\t<dt class='gallery-icon landscape'>\n\t\t\t\t<a href='https:\/\/cuernavaca.gob.mx\/?attachment_id=53388'><img width=\"150\" height=\"150\" src=\"https:\/\/cuernavaca.gob.mx\/wp-content\/uploads\/2025\/09\/JOSE\u0301-LUIS-URIO\u0301STEGUI-FORTALECE-EL-IMPULSO-AL-DEPORTE-CON-ARRANQUE-DE-22ESCUELAS-MUNICIPALES-4-150x150.jpg\" class=\"attachment-thumbnail size-thumbnail\" alt=\"\" loading=\"lazy\" \/><\/a>\n\t\t\t<\/dt><\/dl><dl class='gallery-item'>\n\t\t\t<dt class='gallery-icon landscape'>\n\t\t\t\t<a href='https:\/\/cuernavaca.gob.mx\/?attachment_id=53389'><img width=\"150\" height=\"150\" src=\"https:\/\/cuernavaca.gob.mx\/wp-content\/uploads\/2025\/09\/JOSE\u0301-LUIS-URIO\u0301STEGUI-FORTALECE-EL-IMPULSO-AL-DEPORTE-CON-ARRANQUE-DE-22ESCUELAS-MUNICIPALES-5-150x150.jpg\" class=\"attachment-thumbnail size-thumbnail\" alt=\"\" loading=\"lazy\" \/><\/a>\n\t\t\t<\/dt><\/dl>\n\t\t\t<br style='clear: both' \/>\n\t\t<\/div>\n\n","protected":false},"excerpt":{"rendered":"<p>El presidente municipal de Cuernavaca, Jos\u00e9 Luis Uri\u00f3stegui Salgado, refrend\u00f3 su compromiso con el impulso al deporte al visitar el internado Palmira, donde dio el arranque simb\u00f3lico al programa &#8220;Escuelas Municipales\u201d, organizado por el Instituto del Deporte de la Secretar\u00eda de Desarrollo Humano y Participaci\u00f3n Social (SDHyPS). Durante su visita, el alcalde particip\u00f3 en los [&hellip;]<\/p>\n","protected":false},"author":1,"featured_media":53388,"comment_status":"closed","ping_status":"open","sticky":false,"template":"","format":"standard","meta":[],"categories":[314],"tags":[121,313,1615,120,206,127],"aioseo_notices":[],"_links":{"self":[{"href":"https:\/\/cuernavaca.gob.mx\/index.php?rest_route=\/wp\/v2\/posts\/53384"}],"collection":[{"href":"https:\/\/cuernavaca.gob.mx\/index.php?rest_route=\/wp\/v2\/posts"}],"about":[{"href":"https:\/\/cuernavaca.gob.mx\/index.php?rest_route=\/wp\/v2\/types\/post"}],"author":[{"embeddable":true,"href":"https:\/\/cuernavaca.gob.mx\/index.php?rest_route=\/wp\/v2\/users\/1"}],"replies":[{"embeddable":true,"href":"https:\/\/cuernavaca.gob.mx\/index.php?rest_route=%2Fwp%2Fv2%2Fcomments&post=53384"}],"version-history":[{"count":1,"href":"https:\/\/cuernavaca.gob.mx\/index.php?rest_route=\/wp\/v2\/posts\/53384\/revisions"}],"predecessor-version":[{"id":53390,"href":"https:\/\/cuernavaca.gob.mx\/index.php?rest_route=\/wp\/v2\/posts\/53384\/revisions\/53390"}],"wp:featuredmedia":[{"embeddable":true,"href":"https:\/\/cuernavaca.gob.mx\/index.php?rest_route=\/wp\/v2\/media\/53388"}],"wp:attachment":[{"href":"https:\/\/cuernavaca.gob.mx\/index.php?rest_route=%2Fwp%2Fv2%2Fmedia&parent=53384"}],"wp:term":[{"taxonomy":"category","embeddable":true,"href":"https:\/\/cuernavaca.gob.mx\/index.php?rest_route=%2Fwp%2Fv2%2Fcategories&post=53384"},{"taxonomy":"post_tag","embeddable":true,"href":"https:\/\/cuernavaca.gob.mx\/index.php?rest_route=%2Fwp%2Fv2%2Ftags&post=53384"}],"curies":[{"name":"wp","href":"https:\/\/api.w.org\/{rel}","templated":true}]}}